{"id":350,"date":"2009-11-02T21:39:06","date_gmt":"2009-11-02T19:39:06","guid":{"rendered":"http:\/\/www.poesiaerestu.com\/revista\/?p=350"},"modified":"2009-11-02T21:39:06","modified_gmt":"2009-11-02T19:39:06","slug":"alberto-ibarrola-valoro-la-literatura-como-una-fuente-de-conocimiento-de-bienestar-y-de-transmision-de-principios-eticos-que-ayuden-a-la-humanidad-a-ser-mas-feliz","status":"publish","type":"post","link":"https:\/\/poesiaerestu.com\/revista\/alberto-ibarrola-valoro-la-literatura-como-una-fuente-de-conocimiento-de-bienestar-y-de-transmision-de-principios-eticos-que-ayuden-a-la-humanidad-a-ser-mas-feliz\/","title":{"rendered":"Alberto Ibarrola: Valoro la literatura como una fuente de conocimiento, de bienestar y de transmisi\u00f3n de principios \u00e9ticos que ayuden a la humanidad a ser m\u00e1s feliz"},"content":{"rendered":"<p><img loading=\"lazy\" decoding=\"async\" class=\"alignleft size-medium wp-image-351\" title=\"Alberto Ibarrola\" src=\"https:\/\/poesiaerestu.com\/revista\/wp-content\/uploads\/2009\/11\/Foto-entrevista-300x225.jpg\" alt=\"Alberto Ibarrola\" width=\"300\" height=\"225\" srcset=\"https:\/\/poesiaerestu.com\/revista\/wp-content\/uploads\/2009\/11\/Foto-entrevista-300x225.jpg 300w, https:\/\/poesiaerestu.com\/revista\/wp-content\/uploads\/2009\/11\/Foto-entrevista-1024x768.jpg 1024w, https:\/\/poesiaerestu.com\/revista\/wp-content\/uploads\/2009\/11\/Foto-entrevista-600x450.jpg 600w, https:\/\/poesiaerestu.com\/revista\/wp-content\/uploads\/2009\/11\/Foto-entrevista-768x576.jpg 768w, https:\/\/poesiaerestu.com\/revista\/wp-content\/uploads\/2009\/11\/Foto-entrevista-80x60.jpg 80w, https:\/\/poesiaerestu.com\/revista\/wp-content\/uploads\/2009\/11\/Foto-entrevista-scaled.jpg 1365w\" sizes=\"auto, (max-width: 300px) 100vw, 300px\" \/>Alberto Ibarrola es licenciado en Filolog\u00eda Hisp\u00e1nica, entre sus anteriores obras est\u00e1n el relato corto, el cuento y la poes\u00eda. Su \u00faltima obra es \u201cVivencias, amaneceres, despertares, realidades\u201d ha sido publicada con la editorial poes\u00eda eres t\u00fa.<\/p>\n<p>P.- En tu libro \u201cVivencias, amaneceres, despertares y realidades\u201d encontramos todo tipo de poemas pero quiz\u00e1s sea el amor el que prima sobre todos ellos. El amor produce un efecto de transformaci\u00f3n en el interior del ser humano similar al que produce la contemplaci\u00f3n de una obra de arte. \u00bfCrees que este el motivo de que aparezca el amor con tanta frecuencia en la poes\u00eda?<\/p>\n<p>R.- El amor se encuentra entre las principales motivaciones humanas, por lo tanto, parece l\u00f3gico que al artista tambi\u00e9n le interese como tema y materia prima para crear su obra. La experiencia amorosa nos hace mejores, lo mismo que el arte. Creo que este sentimiento es el que salva al ser humano, el que le empuja a luchar por un ideal, por una imagen bella. En este sentido, me parece acertado equiparar amor y arte.<\/p>\n<p>P.-\u00a0 Tu poes\u00eda es una poes\u00eda directa, desde la experiencia, vivida en primera persona. Quiz\u00e1s no exista otra forma de llegar directamente a los sentimientos del lector. \u00bfHas buscado este efecto en el libro?<\/p>\n<p>R.- En poes\u00eda es preciso diferenciar entre autor y yo po\u00e9tico. Vivencias tiene una intenci\u00f3n comunicativa, la de expresar el enorme beneficio que el deseo de amar y de ser amado puede producir en el hombre. El tipo de amor del que trato en este poemario es el correspondido y culminado, por el que el yo po\u00e9tico y la amada encuentran la plenitud y el bienestar. Sin embargo, estrictamente, no se trata de una poes\u00eda autobiogr\u00e1fica, sino la expresi\u00f3n de un ideal amoroso, rom\u00e1ntico y vital.<\/p>\n<p>P.- El lenguaje es muy importante para la poes\u00eda, los fil\u00f3logos lo sab\u00e9is, sin embargo encontramos que tu poes\u00eda es una poes\u00eda muy sentimental nacida desde muy adentro. \u00bfCrees que no se puede separar el sentimiento del lenguaje?<\/p>\n<p>R.- Las palabras adquieren una connotaci\u00f3n afectiva muy importante; desde este punto de vista, no significan exactamente lo mismo para todos porque evocan sucesos y recuerdos con valores emocionales varios. Los poemas de Vivencias surg\u00edan espont\u00e1neamente y yo pretend\u00eda, principalmente, significar sentimientos altruistas, generosos, nobles; intentaba crear un mundo sentimental bello. En cuanto a la relaci\u00f3n forma\/contenido, procuraba acertar con la palabra precisa, como quien apunta con un dardo al centro de la diana, para reflejar fielmente la idea.<\/p>\n<p>P.- Entre todos los autores que has le\u00eddo, \u00bfcu\u00e1les han sido los que m\u00e1s te han influenciado?<\/p>\n<p>R.- Quien m\u00e1s Cervantes, de esto no tengo ninguna duda. La mayor sorpresa de mi vida lectora fue descubrir que El Quijote es una novela extraordinariamente divertida, en ocasiones hilarante, pero que, adem\u00e1s, es muy capaz de transformar el pensamiento de un ser humano. Antes de haber emprendido la lectura del Quijote, mi escritor favorito era Dostoievski. Despu\u00e9s, El cuarteto de Alejandr\u00eda, de Lawrence Durrel, me fascin\u00f3. Gabriel Garc\u00eda M\u00e1rquez ha sido un novelista al que he admirado mucho. Esto en cuanto a novela. En lo que se refiere a narraci\u00f3n breve, a Edgar Allan Poe lo considero muy por delante que a todos los dem\u00e1s. Charles Baudelaire fue el primer poeta al que le\u00ed. Siendo m\u00e1s joven que ahora, Garc\u00eda Lorca y Rafael Alberti fueron mis predilectos. La magna poes\u00eda de San Juan de la Cruz ha sido la que m\u00e1s me ha hecho reflexionar. El no siempre bien entendido Gabriel Celaya ha sido el poeta que m\u00e1s inter\u00e9s me ha suscitado en los \u00faltimos a\u00f1os y, recientemente, he abordado la obra de Santa Teresa de Jes\u00fas, comenzando por su poes\u00eda completa. No me gustar\u00eda olvidarme del g\u00e9nero dram\u00e1tico porque me entusiasma, sobre todo, la representaci\u00f3n. Admiro la obra de Shakespeare profundamente. En el momento presente, estoy leyendo a Arthur Miller. Mi obra de teatro predilecta es Luces de Bohemia, de Valle-Incl\u00e1n.<\/p>\n<p>P.- \u00bfPor qu\u00e9 escribes?<\/p>\n<p>En primer lugar, porque considero que la literatura es el modo de expresi\u00f3n que mejor sirve a mis necesidades comunicativas.\u00a0 En segundo lugar, porque creo en el arte como instrumento para salvar y mejorar al ser humano. Tengo una noci\u00f3n de la creaci\u00f3n literaria que podr\u00eda definirse con este juego de palabras: la \u00e9tica de la est\u00e9tica y la est\u00e9tica de la \u00e9tica. Valoro la literatura como una fuente de conocimiento, de bienestar y de transmisi\u00f3n de principios \u00e9ticos que ayuden a la humanidad a ser m\u00e1s feliz.<\/p>\n","protected":false},"excerpt":{"rendered":"<p>Alberto Ibarrola es licenciado en Filolog\u00eda Hisp\u00e1nica, entre sus anteriores obras est\u00e1n el relato corto, el cuento y la poes\u00eda. Su \u00faltima obra es \u201cVivencias, amaneceres, despertares, realidades\u201d ha sido publicada con la editorial poes\u00eda eres t\u00fa. P.- En tu libro \u201cVivencias, amaneceres, despertares y realidades\u201d encontramos todo tipo de poemas pero quiz\u00e1s sea el&#8230;<\/p>\n","protected":false},"author":1,"featured_media":351,"comment_status":"open","ping_status":"open","sticky":false,"template":"","format":"standard","meta":{"footnotes":"","_links_to":"","_links_to_target":""},"categories":[4],"tags":[],"class_list":["post-350","post","type-post","status-publish","format-standard","has-post-thumbnail","hentry","category-entrevistas"],"yoast_head":"<!-- This site is optimized with the Yoast SEO Premium plugin v24.7 (Yoast SEO v27.4) - https:\/\/yoast.com\/product\/yoast-seo-premium-wordpress\/ -->\n<title>Alberto Ibarrola: Valoro la literatura como una fuente de conocimiento, de bienestar y de transmisi\u00f3n de principios \u00e9ticos que ayuden a la humanidad a ser m\u00e1<\/title>\n<meta name=\"description\" content=\"Alberto Ibarrola es licenciado en Filolog\u00eda Hisp\u00e1nica, entre sus anteriores obras est\u00e1n el relato corto, el cuento y la poes\u00eda. Su \u00faltima obra es \u201cVivenc\" \/>\n<meta name=\"robots\" content=\"index, follow, max-snippet:-1, max-image-preview:large, max-video-preview:-1\" \/>\n<link rel=\"canonical\" href=\"https:\/\/poesiaerestu.com\/revista\/alberto-ibarrola-valoro-la-literatura-como-una-fuente-de-conocimiento-de-bienestar-y-de-transmision-de-principios-eticos-que-ayuden-a-la-humanidad-a-ser-mas-feliz\/\" \/>\n<meta name=\"twitter:label1\" content=\"Written by\" \/>\n\t<meta name=\"twitter:data1\" content=\"admin\" \/>\n\t<meta name=\"twitter:label2\" content=\"Est. reading time\" \/>\n\t<meta name=\"twitter:data2\" content=\"4 minutes\" \/>\n<script type=\"application\/ld+json\" class=\"yoast-schema-graph\">{\"@context\":\"https:\\\/\\\/schema.org\",\"@graph\":[{\"@type\":\"Article\",\"@id\":\"https:\\\/\\\/poesiaerestu.com\\\/revista\\\/alberto-ibarrola-valoro-la-literatura-como-una-fuente-de-conocimiento-de-bienestar-y-de-transmision-de-principios-eticos-que-ayuden-a-la-humanidad-a-ser-mas-feliz\\\/#article\",\"isPartOf\":{\"@id\":\"https:\\\/\\\/poesiaerestu.com\\\/revista\\\/alberto-ibarrola-valoro-la-literatura-como-una-fuente-de-conocimiento-de-bienestar-y-de-transmision-de-principios-eticos-que-ayuden-a-la-humanidad-a-ser-mas-feliz\\\/\"},\"author\":{\"name\":\"admin\",\"@id\":\"https:\\\/\\\/poesiaerestu.com\\\/revista\\\/#\\\/schema\\\/person\\\/fcb1a2122be3810bfdd0c071b4b3e9c4\"},\"headline\":\"Alberto Ibarrola: Valoro la literatura como una fuente de conocimiento, de bienestar y de transmisi\u00f3n de principios \u00e9ticos que ayuden a la humanidad a ser m\u00e1s feliz\",\"datePublished\":\"2009-11-02T19:39:06+00:00\",\"mainEntityOfPage\":{\"@id\":\"https:\\\/\\\/poesiaerestu.com\\\/revista\\\/alberto-ibarrola-valoro-la-literatura-como-una-fuente-de-conocimiento-de-bienestar-y-de-transmision-de-principios-eticos-que-ayuden-a-la-humanidad-a-ser-mas-feliz\\\/\"},\"wordCount\":850,\"commentCount\":0,\"image\":{\"@id\":\"https:\\\/\\\/poesiaerestu.com\\\/revista\\\/alberto-ibarrola-valoro-la-literatura-como-una-fuente-de-conocimiento-de-bienestar-y-de-transmision-de-principios-eticos-que-ayuden-a-la-humanidad-a-ser-mas-feliz\\\/#primaryimage\"},\"thumbnailUrl\":\"https:\\\/\\\/poesiaerestu.com\\\/revista\\\/wp-content\\\/uploads\\\/2009\\\/11\\\/Foto-entrevista-scaled.jpg\",\"articleSection\":[\"Entrevistas\"],\"inLanguage\":\"en-US\",\"copyrightYear\":\"2009\",\"copyrightHolder\":{\"@id\":\"https:\\\/\\\/poesiaerestu.com\\\/revista\\\/#organization\"}},{\"@type\":\"WebPage\",\"@id\":\"https:\\\/\\\/poesiaerestu.com\\\/revista\\\/alberto-ibarrola-valoro-la-literatura-como-una-fuente-de-conocimiento-de-bienestar-y-de-transmision-de-principios-eticos-que-ayuden-a-la-humanidad-a-ser-mas-feliz\\\/\",\"url\":\"https:\\\/\\\/poesiaerestu.com\\\/revista\\\/alberto-ibarrola-valoro-la-literatura-como-una-fuente-de-conocimiento-de-bienestar-y-de-transmision-de-principios-eticos-que-ayuden-a-la-humanidad-a-ser-mas-feliz\\\/\",\"name\":\"Alberto Ibarrola: Valoro la literatura como una fuente de conocimiento, de bienestar y de transmisi\u00f3n de principios \u00e9ticos que ayuden a la humanidad a ser m\u00e1\",\"isPartOf\":{\"@id\":\"https:\\\/\\\/poesiaerestu.com\\\/revista\\\/#website\"},\"primaryImageOfPage\":{\"@id\":\"https:\\\/\\\/poesiaerestu.com\\\/revista\\\/alberto-ibarrola-valoro-la-literatura-como-una-fuente-de-conocimiento-de-bienestar-y-de-transmision-de-principios-eticos-que-ayuden-a-la-humanidad-a-ser-mas-feliz\\\/#primaryimage\"},\"image\":{\"@id\":\"https:\\\/\\\/poesiaerestu.com\\\/revista\\\/alberto-ibarrola-valoro-la-literatura-como-una-fuente-de-conocimiento-de-bienestar-y-de-transmision-de-principios-eticos-que-ayuden-a-la-humanidad-a-ser-mas-feliz\\\/#primaryimage\"},\"thumbnailUrl\":\"https:\\\/\\\/poesiaerestu.com\\\/revista\\\/wp-content\\\/uploads\\\/2009\\\/11\\\/Foto-entrevista-scaled.jpg\",\"datePublished\":\"2009-11-02T19:39:06+00:00\",\"author\":{\"@id\":\"https:\\\/\\\/poesiaerestu.com\\\/revista\\\/#\\\/schema\\\/person\\\/fcb1a2122be3810bfdd0c071b4b3e9c4\"},\"description\":\"Alberto Ibarrola es licenciado en Filolog\u00eda Hisp\u00e1nica, entre sus anteriores obras est\u00e1n el relato corto, el cuento y la poes\u00eda. Su \u00faltima obra es \u201cVivenc\",\"breadcrumb\":{\"@id\":\"https:\\\/\\\/poesiaerestu.com\\\/revista\\\/alberto-ibarrola-valoro-la-literatura-como-una-fuente-de-conocimiento-de-bienestar-y-de-transmision-de-principios-eticos-que-ayuden-a-la-humanidad-a-ser-mas-feliz\\\/#breadcrumb\"},\"inLanguage\":\"en-US\",\"potentialAction\":[{\"@type\":\"ReadAction\",\"target\":[\"https:\\\/\\\/poesiaerestu.com\\\/revista\\\/alberto-ibarrola-valoro-la-literatura-como-una-fuente-de-conocimiento-de-bienestar-y-de-transmision-de-principios-eticos-que-ayuden-a-la-humanidad-a-ser-mas-feliz\\\/\"]}]},{\"@type\":\"ImageObject\",\"inLanguage\":\"en-US\",\"@id\":\"https:\\\/\\\/poesiaerestu.com\\\/revista\\\/alberto-ibarrola-valoro-la-literatura-como-una-fuente-de-conocimiento-de-bienestar-y-de-transmision-de-principios-eticos-que-ayuden-a-la-humanidad-a-ser-mas-feliz\\\/#primaryimage\",\"url\":\"https:\\\/\\\/poesiaerestu.com\\\/revista\\\/wp-content\\\/uploads\\\/2009\\\/11\\\/Foto-entrevista-scaled.jpg\",\"contentUrl\":\"https:\\\/\\\/poesiaerestu.com\\\/revista\\\/wp-content\\\/uploads\\\/2009\\\/11\\\/Foto-entrevista-scaled.jpg\",\"width\":1365,\"height\":1024},{\"@type\":\"BreadcrumbList\",\"@id\":\"https:\\\/\\\/poesiaerestu.com\\\/revista\\\/alberto-ibarrola-valoro-la-literatura-como-una-fuente-de-conocimiento-de-bienestar-y-de-transmision-de-principios-eticos-que-ayuden-a-la-humanidad-a-ser-mas-feliz\\\/#breadcrumb\",\"itemListElement\":[{\"@type\":\"ListItem\",\"position\":1,\"name\":\"Home\",\"item\":\"https:\\\/\\\/poesiaerestu.com\\\/revista\\\/\"},{\"@type\":\"ListItem\",\"position\":2,\"name\":\"Alberto Ibarrola: Valoro la literatura como una fuente de conocimiento, de bienestar y de transmisi\u00f3n de principios \u00e9ticos que ayuden a la humanidad a ser m\u00e1s feliz\"}]},{\"@type\":\"WebSite\",\"@id\":\"https:\\\/\\\/poesiaerestu.com\\\/revista\\\/#website\",\"url\":\"https:\\\/\\\/poesiaerestu.com\\\/revista\\\/\",\"name\":\"Poes\u00ed\u00ada eres t\u00fa (revista)\",\"description\":\"Revista de poes\u00eda y literatura\",\"potentialAction\":[{\"@type\":\"SearchAction\",\"target\":{\"@type\":\"EntryPoint\",\"urlTemplate\":\"https:\\\/\\\/poesiaerestu.com\\\/revista\\\/?s={search_term_string}\"},\"query-input\":{\"@type\":\"PropertyValueSpecification\",\"valueRequired\":true,\"valueName\":\"search_term_string\"}}],\"inLanguage\":\"en-US\"},{\"@type\":\"Person\",\"@id\":\"https:\\\/\\\/poesiaerestu.com\\\/revista\\\/#\\\/schema\\\/person\\\/fcb1a2122be3810bfdd0c071b4b3e9c4\",\"name\":\"admin\",\"image\":{\"@type\":\"ImageObject\",\"inLanguage\":\"en-US\",\"@id\":\"https:\\\/\\\/secure.gravatar.com\\\/avatar\\\/1cb55a5bd8d6824519e46b552e84b03575857cc9c4d6333824d2f95d82129f50?s=96&d=mm&r=g\",\"url\":\"https:\\\/\\\/secure.gravatar.com\\\/avatar\\\/1cb55a5bd8d6824519e46b552e84b03575857cc9c4d6333824d2f95d82129f50?s=96&d=mm&r=g\",\"contentUrl\":\"https:\\\/\\\/secure.gravatar.com\\\/avatar\\\/1cb55a5bd8d6824519e46b552e84b03575857cc9c4d6333824d2f95d82129f50?s=96&d=mm&r=g\",\"caption\":\"admin\"},\"url\":\"https:\\\/\\\/poesiaerestu.com\\\/revista\\\/author\\\/admin\\\/\"}]}<\/script>\n<!-- \/ Yoast SEO Premium plugin. -->","yoast_head_json":{"title":"Alberto Ibarrola: Valoro la literatura como una fuente de conocimiento, de bienestar y de transmisi\u00f3n de principios \u00e9ticos que ayuden a la humanidad a ser m\u00e1","description":"Alberto Ibarrola es licenciado en Filolog\u00eda Hisp\u00e1nica, entre sus anteriores obras est\u00e1n el relato corto, el cuento y la poes\u00eda. Su \u00faltima obra es \u201cVivenc","robots":{"index":"index","follow":"follow","max-snippet":"max-snippet:-1","max-image-preview":"max-image-preview:large","max-video-preview":"max-video-preview:-1"},"canonical":"https:\/\/poesiaerestu.com\/revista\/alberto-ibarrola-valoro-la-literatura-como-una-fuente-de-conocimiento-de-bienestar-y-de-transmision-de-principios-eticos-que-ayuden-a-la-humanidad-a-ser-mas-feliz\/","twitter_misc":{"Written by":"admin","Est. reading time":"4 minutes"},"schema":{"@context":"https:\/\/schema.org","@graph":[{"@type":"Article","@id":"https:\/\/poesiaerestu.com\/revista\/alberto-ibarrola-valoro-la-literatura-como-una-fuente-de-conocimiento-de-bienestar-y-de-transmision-de-principios-eticos-que-ayuden-a-la-humanidad-a-ser-mas-feliz\/#article","isPartOf":{"@id":"https:\/\/poesiaerestu.com\/revista\/alberto-ibarrola-valoro-la-literatura-como-una-fuente-de-conocimiento-de-bienestar-y-de-transmision-de-principios-eticos-que-ayuden-a-la-humanidad-a-ser-mas-feliz\/"},"author":{"name":"admin","@id":"https:\/\/poesiaerestu.com\/revista\/#\/schema\/person\/fcb1a2122be3810bfdd0c071b4b3e9c4"},"headline":"Alberto Ibarrola: Valoro la literatura como una fuente de conocimiento, de bienestar y de transmisi\u00f3n de principios \u00e9ticos que ayuden a la humanidad a ser m\u00e1s feliz","datePublished":"2009-11-02T19:39:06+00:00","mainEntityOfPage":{"@id":"https:\/\/poesiaerestu.com\/revista\/alberto-ibarrola-valoro-la-literatura-como-una-fuente-de-conocimiento-de-bienestar-y-de-transmision-de-principios-eticos-que-ayuden-a-la-humanidad-a-ser-mas-feliz\/"},"wordCount":850,"commentCount":0,"image":{"@id":"https:\/\/poesiaerestu.com\/revista\/alberto-ibarrola-valoro-la-literatura-como-una-fuente-de-conocimiento-de-bienestar-y-de-transmision-de-principios-eticos-que-ayuden-a-la-humanidad-a-ser-mas-feliz\/#primaryimage"},"thumbnailUrl":"https:\/\/poesiaerestu.com\/revista\/wp-content\/uploads\/2009\/11\/Foto-entrevista-scaled.jpg","articleSection":["Entrevistas"],"inLanguage":"en-US","copyrightYear":"2009","copyrightHolder":{"@id":"https:\/\/poesiaerestu.com\/revista\/#organization"}},{"@type":"WebPage","@id":"https:\/\/poesiaerestu.com\/revista\/alberto-ibarrola-valoro-la-literatura-como-una-fuente-de-conocimiento-de-bienestar-y-de-transmision-de-principios-eticos-que-ayuden-a-la-humanidad-a-ser-mas-feliz\/","url":"https:\/\/poesiaerestu.com\/revista\/alberto-ibarrola-valoro-la-literatura-como-una-fuente-de-conocimiento-de-bienestar-y-de-transmision-de-principios-eticos-que-ayuden-a-la-humanidad-a-ser-mas-feliz\/","name":"Alberto Ibarrola: Valoro la literatura como una fuente de conocimiento, de bienestar y de transmisi\u00f3n de principios \u00e9ticos que ayuden a la humanidad a ser m\u00e1","isPartOf":{"@id":"https:\/\/poesiaerestu.com\/revista\/#website"},"primaryImageOfPage":{"@id":"https:\/\/poesiaerestu.com\/revista\/alberto-ibarrola-valoro-la-literatura-como-una-fuente-de-conocimiento-de-bienestar-y-de-transmision-de-principios-eticos-que-ayuden-a-la-humanidad-a-ser-mas-feliz\/#primaryimage"},"image":{"@id":"https:\/\/poesiaerestu.com\/revista\/alberto-ibarrola-valoro-la-literatura-como-una-fuente-de-conocimiento-de-bienestar-y-de-transmision-de-principios-eticos-que-ayuden-a-la-humanidad-a-ser-mas-feliz\/#primaryimage"},"thumbnailUrl":"https:\/\/poesiaerestu.com\/revista\/wp-content\/uploads\/2009\/11\/Foto-entrevista-scaled.jpg","datePublished":"2009-11-02T19:39:06+00:00","author":{"@id":"https:\/\/poesiaerestu.com\/revista\/#\/schema\/person\/fcb1a2122be3810bfdd0c071b4b3e9c4"},"description":"Alberto Ibarrola es licenciado en Filolog\u00eda Hisp\u00e1nica, entre sus anteriores obras est\u00e1n el relato corto, el cuento y la poes\u00eda. Su \u00faltima obra es \u201cVivenc","breadcrumb":{"@id":"https:\/\/poesiaerestu.com\/revista\/alberto-ibarrola-valoro-la-literatura-como-una-fuente-de-conocimiento-de-bienestar-y-de-transmision-de-principios-eticos-que-ayuden-a-la-humanidad-a-ser-mas-feliz\/#breadcrumb"},"inLanguage":"en-US","potentialAction":[{"@type":"ReadAction","target":["https:\/\/poesiaerestu.com\/revista\/alberto-ibarrola-valoro-la-literatura-como-una-fuente-de-conocimiento-de-bienestar-y-de-transmision-de-principios-eticos-que-ayuden-a-la-humanidad-a-ser-mas-feliz\/"]}]},{"@type":"ImageObject","inLanguage":"en-US","@id":"https:\/\/poesiaerestu.com\/revista\/alberto-ibarrola-valoro-la-literatura-como-una-fuente-de-conocimiento-de-bienestar-y-de-transmision-de-principios-eticos-que-ayuden-a-la-humanidad-a-ser-mas-feliz\/#primaryimage","url":"https:\/\/poesiaerestu.com\/revista\/wp-content\/uploads\/2009\/11\/Foto-entrevista-scaled.jpg","contentUrl":"https:\/\/poesiaerestu.com\/revista\/wp-content\/uploads\/2009\/11\/Foto-entrevista-scaled.jpg","width":1365,"height":1024},{"@type":"BreadcrumbList","@id":"https:\/\/poesiaerestu.com\/revista\/alberto-ibarrola-valoro-la-literatura-como-una-fuente-de-conocimiento-de-bienestar-y-de-transmision-de-principios-eticos-que-ayuden-a-la-humanidad-a-ser-mas-feliz\/#breadcrumb","itemListElement":[{"@type":"ListItem","position":1,"name":"Home","item":"https:\/\/poesiaerestu.com\/revista\/"},{"@type":"ListItem","position":2,"name":"Alberto Ibarrola: Valoro la literatura como una fuente de conocimiento, de bienestar y de transmisi\u00f3n de principios \u00e9ticos que ayuden a la humanidad a ser m\u00e1s feliz"}]},{"@type":"WebSite","@id":"https:\/\/poesiaerestu.com\/revista\/#website","url":"https:\/\/poesiaerestu.com\/revista\/","name":"Poes\u00ed\u00ada eres t\u00fa (revista)","description":"Revista de poes\u00eda y literatura","potentialAction":[{"@type":"SearchAction","target":{"@type":"EntryPoint","urlTemplate":"https:\/\/poesiaerestu.com\/revista\/?s={search_term_string}"},"query-input":{"@type":"PropertyValueSpecification","valueRequired":true,"valueName":"search_term_string"}}],"inLanguage":"en-US"},{"@type":"Person","@id":"https:\/\/poesiaerestu.com\/revista\/#\/schema\/person\/fcb1a2122be3810bfdd0c071b4b3e9c4","name":"admin","image":{"@type":"ImageObject","inLanguage":"en-US","@id":"https:\/\/secure.gravatar.com\/avatar\/1cb55a5bd8d6824519e46b552e84b03575857cc9c4d6333824d2f95d82129f50?s=96&d=mm&r=g","url":"https:\/\/secure.gravatar.com\/avatar\/1cb55a5bd8d6824519e46b552e84b03575857cc9c4d6333824d2f95d82129f50?s=96&d=mm&r=g","contentUrl":"https:\/\/secure.gravatar.com\/avatar\/1cb55a5bd8d6824519e46b552e84b03575857cc9c4d6333824d2f95d82129f50?s=96&d=mm&r=g","caption":"admin"},"url":"https:\/\/poesiaerestu.com\/revista\/author\/admin\/"}]}},"_links":{"self":[{"href":"https:\/\/poesiaerestu.com\/revista\/wp-json\/wp\/v2\/posts\/350","targetHints":{"allow":["GET"]}}],"collection":[{"href":"https:\/\/poesiaerestu.com\/revista\/wp-json\/wp\/v2\/posts"}],"about":[{"href":"https:\/\/poesiaerestu.com\/revista\/wp-json\/wp\/v2\/types\/post"}],"author":[{"embeddable":true,"href":"https:\/\/poesiaerestu.com\/revista\/wp-json\/wp\/v2\/users\/1"}],"replies":[{"embeddable":true,"href":"https:\/\/poesiaerestu.com\/revista\/wp-json\/wp\/v2\/comments?post=350"}],"version-history":[{"count":0,"href":"https:\/\/poesiaerestu.com\/revista\/wp-json\/wp\/v2\/posts\/350\/revisions"}],"wp:featuredmedia":[{"embeddable":true,"href":"https:\/\/poesiaerestu.com\/revista\/wp-json\/wp\/v2\/media\/351"}],"wp:attachment":[{"href":"https:\/\/poesiaerestu.com\/revista\/wp-json\/wp\/v2\/media?parent=350"}],"wp:term":[{"taxonomy":"category","embeddable":true,"href":"https:\/\/poesiaerestu.com\/revista\/wp-json\/wp\/v2\/categories?post=350"},{"taxonomy":"post_tag","embeddable":true,"href":"https:\/\/poesiaerestu.com\/revista\/wp-json\/wp\/v2\/tags?post=350"}],"curies":[{"name":"wp","href":"https:\/\/api.w.org\/{rel}","templated":true}]}}