{"id":258,"date":"2009-06-29T12:22:29","date_gmt":"2009-06-29T10:22:29","guid":{"rendered":"http:\/\/www.poesiaerestu.com\/revista\/?p=258"},"modified":"2009-08-12T13:55:40","modified_gmt":"2009-08-12T11:55:40","slug":"juan-carlos-pazos-considero-a-la-lengua-como-algo-muy-importante-en-la-creacion-literaria","status":"publish","type":"post","link":"https:\/\/poesiaerestu.com\/revista\/juan-carlos-pazos-considero-a-la-lengua-como-algo-muy-importante-en-la-creacion-literaria\/","title":{"rendered":"Juan Carlos PAZOS:  Considero a la lengua como algo muy importante en la creaci\u00f3n literaria"},"content":{"rendered":"<p class=\"MsoNormal\" style=\"margin: 0cm 0cm 10pt;\"><span style=\"font-family: &quot;Times New Roman&quot;,&quot;serif&quot;;\"><span style=\"font-size: small;\"><img loading=\"lazy\" decoding=\"async\" class=\"alignright size-medium wp-image-259\" title=\"foto-con-libros\" src=\"https:\/\/poesiaerestu.com\/revista\/wp-content\/uploads\/2009\/06\/foto-con-libros-300x225.jpg\" alt=\"foto-con-libros\" width=\"300\" height=\"225\" srcset=\"https:\/\/poesiaerestu.com\/revista\/wp-content\/uploads\/2009\/06\/foto-con-libros-300x225.jpg 300w, https:\/\/poesiaerestu.com\/revista\/wp-content\/uploads\/2009\/06\/foto-con-libros-1024x768.jpg 1024w, https:\/\/poesiaerestu.com\/revista\/wp-content\/uploads\/2009\/06\/foto-con-libros-600x450.jpg 600w, https:\/\/poesiaerestu.com\/revista\/wp-content\/uploads\/2009\/06\/foto-con-libros-768x576.jpg 768w, https:\/\/poesiaerestu.com\/revista\/wp-content\/uploads\/2009\/06\/foto-con-libros-80x60.jpg 80w, https:\/\/poesiaerestu.com\/revista\/wp-content\/uploads\/2009\/06\/foto-con-libros-scaled.jpg 1365w\" sizes=\"auto, (max-width: 300px) 100vw, 300px\" \/><\/span><\/span><\/p>\n<p>Juan Carlos PAZOS,\u00a0 entre sus obras se encuentra un libro de poes\u00eda en gallego <em>\u201cEntre falcatruadas e chorros\u201d<\/em>\u00a0 Editorial El Taller del poeta, acaba de publicar con la Editorial Poes\u00eda eres t\u00fa su libro \u201cClaridades de nublan, sombras que iluminan\u201d. Juan Carlos es tambi\u00e9n novelista con t\u00edtulos como <em>\u201cParano\u00eda\u201d<\/em> y <em>\u201cEl libro verde\u201d<\/em> (esta \u00faltima de corte autobiogr\u00e1fico).<\/p>\n<p>\u00a0<\/p>\n<p>P.- Muchos\u00a0 autores que son biling\u00fces dicen que escriben sus poemas en la lengua materna y despu\u00e9s lo traducen a la otra lengua. \u00bfEs ese tu caso? \u00bfEn qu\u00e9 lengua escribes tus poemas?<\/p>\n<p>\u00a0<\/p>\n<p>R.- Considero a la lengua como algo muy importante en la creaci\u00f3n literaria. Por otra parte, escribir para m\u00ed es un placer. Como domino el gallego y el castellano, la diversi\u00f3n es doble. Sin embargo, no pr\u00e1ctico la traducci\u00f3n; quiz\u00e1s porque constituye una vuelta por los mismos caminos. Relacionado con esto est\u00e1 lo que m\u00e1s odio de la narrativa, aunque sea una de sus partes m\u00e1s importante, lo que m\u00e1s odio de la narrativa es la revisi\u00f3n de lo escrito pues la considero como una labor casi artesanal, tambi\u00e9n una repetici\u00f3n de lo que has hecho. Realmente, un poco m\u00e1s de paciencia artesanal no me vendr\u00eda mal.<\/p>\n<p>\u00a0<\/p>\n<p>P.- Tu libro est\u00e1 en realidad compuesto por dos poemarios. Claridades que Nublan y Sombras que iluminan, dos t\u00edtulos con mucho contraste cargados de emoci\u00f3n y sensibilidad.\u00a0 \u00bfPodr\u00edas explicarnos las diferencias entre dichos poemarios?<\/p>\n<p>\u00a0<\/p>\n<p>R.- En realidad, tratan dos aspectos muy parecidos que se juntan en el desenga\u00f1o amoroso. Al decir, desenga\u00f1o amoroso no me refiero \u00fanicamente en el amor de persona a persona sino tambi\u00e9n en el amor a una actividad o a una etapa de la vida. Parece claro que en esa afinidad, en esa obsesi\u00f3n que existe en adorar algo m\u00e1s all\u00e1 de todas las cosas, los momentos de felicidad o claridad traen dudas o nubes, y en los momentos de oscuridad ves luces, aunque s\u00f3lo sea por lo vivido. En definitiva, se complementan en la felicidad y en la tristeza, pues como dijo Khalil Gibran ambos sentimientos nacen de la misma fuente.<\/p>\n<p>\u00a0<\/p>\n<p>P.- Escribes tambi\u00e9n narrativa. <em>Parano\u00eda<\/em> es una novela que a\u00fan no ha visto la luz y <em>El libro verde<\/em> se trata de una autobiograf\u00eda. \u00bfEncuentras muchas diferencias entre escribir narrativa y escribir poes\u00eda?<\/p>\n<p>\u00a0<\/p>\n<p>R.- Depende del libro. En <em>Paranoia <\/em>las diferencias son muchos porque es una novela con inicio, nudo y desenlace, en el que se plantean personajes lineales en cuanto a su discurrir en el tiempo; esto provoca una labor de estructuraci\u00f3n en la cual no puedes dejar nada suelto. Con el <em>Libro verde <\/em>en cambio el proceso fue muy similar al de la poes\u00eda pues su g\u00e9nesis apareci\u00f3 como una serie de instant\u00e1neas aparentemente desordenadas pero en la cual intento abarcar mediante ese desdibujar una parte de mi vida de trazo desordenada como el libro.<\/p>\n<p><em>\u00a0<\/em><\/p>\n<p>P.- La poes\u00eda muchas veces es un encuentro necesario con el ser humano. \u00bfEs tu poes\u00eda un encuentro contigo mismo?<\/p>\n<p>\u00a0<\/p>\n<p>R.- Con los dem\u00e1s a trav\u00e9s de mis experiencias, y desde ellos de vuelta a lo que me ocurre en la actualidad, una autentica retroalimentaci\u00f3n que me impulsa en esta gran aventura que es el crear ritmos a trav\u00e9s de las palabras.<\/p>\n<p>\u00a0<\/p>\n<p>P.- Muchos artistas dicen que cuando crean pasan por un proceso de diferentes estados de \u00e1nimo. Se habla mucho de esa personalidad de los artistas. \u00bfPasas por esos procesos?<\/p>\n<p>\u00a0<\/p>\n<p>R.- En mi caso escribir es un aut\u00e9ntico caos en el que te olvidas de todo y pasas de arriba abajo en menos de una estrofa. S\u00ed, realmente sufro y disfruto con estos cambios de estado que mencionas.<\/p>\n<p>\u00a0<\/p>\n<p>P.- Para terminar. Nos puedes decir \u00bfcu\u00e1les son tus autores favoritos?.<\/p>\n<p>\u00a0<\/p>\n<p>R.- Son muchos y var\u00edan con los a\u00f1os. En la actualidad, disfruto mucho con Jhon Ashbery y Luis Garc\u00eda Montero. En \u00e9pocas de crisis (no como la actual sino espiritual) le\u00eda hasta la locura a William Blake (preferentemente su libro <em>Milton<\/em>) y a Leopoldo Mar\u00eda Panero. Tambi\u00e9n me gustan los cl\u00e1sicos del siglo XX tipo Juan Ram\u00f3n Jim\u00e9nez, Pablo Neruda u Octavio Paz. Realmente soy muy convencional, tambi\u00e9n para las novelas en las cuales me inclino por las norteamericanas, por mucho que sean denostadas.<\/p>\n","protected":false},"excerpt":{"rendered":"<p>Juan Carlos PAZOS,\u00a0 entre sus obras se encuentra un libro de poes\u00eda en gallego \u201cEntre falcatruadas e chorros\u201d\u00a0 Editorial El Taller del poeta, acaba de publicar con la Editorial Poes\u00eda eres t\u00fa su libro \u201cClaridades de nublan, sombras que iluminan\u201d. Juan Carlos es tambi\u00e9n novelista con t\u00edtulos como \u201cParano\u00eda\u201d y \u201cEl libro verde\u201d (esta \u00faltima&#8230;<\/p>\n","protected":false},"author":1,"featured_media":259,"comment_status":"open","ping_status":"open","sticky":false,"template":"","format":"standard","meta":{"footnotes":"","_links_to":"","_links_to_target":""},"categories":[4],"tags":[],"class_list":["post-258","post","type-post","status-publish","format-standard","has-post-thumbnail","hentry","category-entrevistas"],"yoast_head":"<!-- This site is optimized with the Yoast SEO Premium plugin v24.7 (Yoast SEO v27.5) - https:\/\/yoast.com\/product\/yoast-seo-premium-wordpress\/ -->\n<title>Juan Carlos PAZOS: Considero a la lengua como algo muy importante en la creaci\u00f3n literaria<\/title>\n<meta name=\"description\" content=\"Juan Carlos PAZOS,\u00a0 entre sus obras se encuentra un libro de poes\u00eda en gallego \u201cEntre falcatruadas e chorros\u201d\u00a0 Editorial El Taller del poeta, acaba de pu\" \/>\n<meta name=\"robots\" content=\"index, follow, max-snippet:-1, max-image-preview:large, max-video-preview:-1\" \/>\n<link rel=\"canonical\" href=\"https:\/\/poesiaerestu.com\/revista\/juan-carlos-pazos-considero-a-la-lengua-como-algo-muy-importante-en-la-creacion-literaria\/\" \/>\n<meta name=\"twitter:label1\" content=\"Written by\" \/>\n\t<meta name=\"twitter:data1\" content=\"admin\" \/>\n\t<meta name=\"twitter:label2\" content=\"Est. reading time\" \/>\n\t<meta name=\"twitter:data2\" content=\"4 minutes\" \/>\n<script type=\"application\/ld+json\" class=\"yoast-schema-graph\">{\"@context\":\"https:\\\/\\\/schema.org\",\"@graph\":[{\"@type\":\"Article\",\"@id\":\"https:\\\/\\\/poesiaerestu.com\\\/revista\\\/juan-carlos-pazos-considero-a-la-lengua-como-algo-muy-importante-en-la-creacion-literaria\\\/#article\",\"isPartOf\":{\"@id\":\"https:\\\/\\\/poesiaerestu.com\\\/revista\\\/juan-carlos-pazos-considero-a-la-lengua-como-algo-muy-importante-en-la-creacion-literaria\\\/\"},\"author\":{\"name\":\"admin\",\"@id\":\"https:\\\/\\\/poesiaerestu.com\\\/revista\\\/#\\\/schema\\\/person\\\/fcb1a2122be3810bfdd0c071b4b3e9c4\"},\"headline\":\"Juan Carlos PAZOS: Considero a la lengua como algo muy importante en la creaci\u00f3n literaria\",\"datePublished\":\"2009-06-29T10:22:29+00:00\",\"dateModified\":\"2009-08-12T11:55:40+00:00\",\"mainEntityOfPage\":{\"@id\":\"https:\\\/\\\/poesiaerestu.com\\\/revista\\\/juan-carlos-pazos-considero-a-la-lengua-como-algo-muy-importante-en-la-creacion-literaria\\\/\"},\"wordCount\":780,\"commentCount\":0,\"image\":{\"@id\":\"https:\\\/\\\/poesiaerestu.com\\\/revista\\\/juan-carlos-pazos-considero-a-la-lengua-como-algo-muy-importante-en-la-creacion-literaria\\\/#primaryimage\"},\"thumbnailUrl\":\"https:\\\/\\\/poesiaerestu.com\\\/revista\\\/wp-content\\\/uploads\\\/2009\\\/06\\\/foto-con-libros-scaled.jpg\",\"articleSection\":[\"Entrevistas\"],\"inLanguage\":\"en-US\",\"copyrightYear\":\"2009\",\"copyrightHolder\":{\"@id\":\"https:\\\/\\\/poesiaerestu.com\\\/revista\\\/#organization\"}},{\"@type\":\"WebPage\",\"@id\":\"https:\\\/\\\/poesiaerestu.com\\\/revista\\\/juan-carlos-pazos-considero-a-la-lengua-como-algo-muy-importante-en-la-creacion-literaria\\\/\",\"url\":\"https:\\\/\\\/poesiaerestu.com\\\/revista\\\/juan-carlos-pazos-considero-a-la-lengua-como-algo-muy-importante-en-la-creacion-literaria\\\/\",\"name\":\"Juan Carlos PAZOS: Considero a la lengua como algo muy importante en la creaci\u00f3n literaria\",\"isPartOf\":{\"@id\":\"https:\\\/\\\/poesiaerestu.com\\\/revista\\\/#website\"},\"primaryImageOfPage\":{\"@id\":\"https:\\\/\\\/poesiaerestu.com\\\/revista\\\/juan-carlos-pazos-considero-a-la-lengua-como-algo-muy-importante-en-la-creacion-literaria\\\/#primaryimage\"},\"image\":{\"@id\":\"https:\\\/\\\/poesiaerestu.com\\\/revista\\\/juan-carlos-pazos-considero-a-la-lengua-como-algo-muy-importante-en-la-creacion-literaria\\\/#primaryimage\"},\"thumbnailUrl\":\"https:\\\/\\\/poesiaerestu.com\\\/revista\\\/wp-content\\\/uploads\\\/2009\\\/06\\\/foto-con-libros-scaled.jpg\",\"datePublished\":\"2009-06-29T10:22:29+00:00\",\"dateModified\":\"2009-08-12T11:55:40+00:00\",\"author\":{\"@id\":\"https:\\\/\\\/poesiaerestu.com\\\/revista\\\/#\\\/schema\\\/person\\\/fcb1a2122be3810bfdd0c071b4b3e9c4\"},\"description\":\"Juan Carlos PAZOS,\u00a0 entre sus obras se encuentra un libro de poes\u00eda en gallego \u201cEntre falcatruadas e chorros\u201d\u00a0 Editorial El Taller del poeta, acaba de pu\",\"breadcrumb\":{\"@id\":\"https:\\\/\\\/poesiaerestu.com\\\/revista\\\/juan-carlos-pazos-considero-a-la-lengua-como-algo-muy-importante-en-la-creacion-literaria\\\/#breadcrumb\"},\"inLanguage\":\"en-US\",\"potentialAction\":[{\"@type\":\"ReadAction\",\"target\":[\"https:\\\/\\\/poesiaerestu.com\\\/revista\\\/juan-carlos-pazos-considero-a-la-lengua-como-algo-muy-importante-en-la-creacion-literaria\\\/\"]}]},{\"@type\":\"ImageObject\",\"inLanguage\":\"en-US\",\"@id\":\"https:\\\/\\\/poesiaerestu.com\\\/revista\\\/juan-carlos-pazos-considero-a-la-lengua-como-algo-muy-importante-en-la-creacion-literaria\\\/#primaryimage\",\"url\":\"https:\\\/\\\/poesiaerestu.com\\\/revista\\\/wp-content\\\/uploads\\\/2009\\\/06\\\/foto-con-libros-scaled.jpg\",\"contentUrl\":\"https:\\\/\\\/poesiaerestu.com\\\/revista\\\/wp-content\\\/uploads\\\/2009\\\/06\\\/foto-con-libros-scaled.jpg\",\"width\":1365,\"height\":1024},{\"@type\":\"BreadcrumbList\",\"@id\":\"https:\\\/\\\/poesiaerestu.com\\\/revista\\\/juan-carlos-pazos-considero-a-la-lengua-como-algo-muy-importante-en-la-creacion-literaria\\\/#breadcrumb\",\"itemListElement\":[{\"@type\":\"ListItem\",\"position\":1,\"name\":\"Home\",\"item\":\"https:\\\/\\\/poesiaerestu.com\\\/revista\\\/\"},{\"@type\":\"ListItem\",\"position\":2,\"name\":\"Juan Carlos PAZOS: Considero a la lengua como algo muy importante en la creaci\u00f3n literaria\"}]},{\"@type\":\"WebSite\",\"@id\":\"https:\\\/\\\/poesiaerestu.com\\\/revista\\\/#website\",\"url\":\"https:\\\/\\\/poesiaerestu.com\\\/revista\\\/\",\"name\":\"Poes\u00ed\u00ada eres t\u00fa (revista)\",\"description\":\"Revista de poes\u00eda y literatura\",\"potentialAction\":[{\"@type\":\"SearchAction\",\"target\":{\"@type\":\"EntryPoint\",\"urlTemplate\":\"https:\\\/\\\/poesiaerestu.com\\\/revista\\\/?s={search_term_string}\"},\"query-input\":{\"@type\":\"PropertyValueSpecification\",\"valueRequired\":true,\"valueName\":\"search_term_string\"}}],\"inLanguage\":\"en-US\"},{\"@type\":\"Person\",\"@id\":\"https:\\\/\\\/poesiaerestu.com\\\/revista\\\/#\\\/schema\\\/person\\\/fcb1a2122be3810bfdd0c071b4b3e9c4\",\"name\":\"admin\",\"image\":{\"@type\":\"ImageObject\",\"inLanguage\":\"en-US\",\"@id\":\"https:\\\/\\\/secure.gravatar.com\\\/avatar\\\/1cb55a5bd8d6824519e46b552e84b03575857cc9c4d6333824d2f95d82129f50?s=96&d=mm&r=g\",\"url\":\"https:\\\/\\\/secure.gravatar.com\\\/avatar\\\/1cb55a5bd8d6824519e46b552e84b03575857cc9c4d6333824d2f95d82129f50?s=96&d=mm&r=g\",\"contentUrl\":\"https:\\\/\\\/secure.gravatar.com\\\/avatar\\\/1cb55a5bd8d6824519e46b552e84b03575857cc9c4d6333824d2f95d82129f50?s=96&d=mm&r=g\",\"caption\":\"admin\"},\"url\":\"https:\\\/\\\/poesiaerestu.com\\\/revista\\\/author\\\/admin\\\/\"}]}<\/script>\n<!-- \/ Yoast SEO Premium plugin. -->","yoast_head_json":{"title":"Juan Carlos PAZOS: Considero a la lengua como algo muy importante en la creaci\u00f3n literaria","description":"Juan Carlos PAZOS,\u00a0 entre sus obras se encuentra un libro de poes\u00eda en gallego \u201cEntre falcatruadas e chorros\u201d\u00a0 Editorial El Taller del poeta, acaba de pu","robots":{"index":"index","follow":"follow","max-snippet":"max-snippet:-1","max-image-preview":"max-image-preview:large","max-video-preview":"max-video-preview:-1"},"canonical":"https:\/\/poesiaerestu.com\/revista\/juan-carlos-pazos-considero-a-la-lengua-como-algo-muy-importante-en-la-creacion-literaria\/","twitter_misc":{"Written by":"admin","Est. reading time":"4 minutes"},"schema":{"@context":"https:\/\/schema.org","@graph":[{"@type":"Article","@id":"https:\/\/poesiaerestu.com\/revista\/juan-carlos-pazos-considero-a-la-lengua-como-algo-muy-importante-en-la-creacion-literaria\/#article","isPartOf":{"@id":"https:\/\/poesiaerestu.com\/revista\/juan-carlos-pazos-considero-a-la-lengua-como-algo-muy-importante-en-la-creacion-literaria\/"},"author":{"name":"admin","@id":"https:\/\/poesiaerestu.com\/revista\/#\/schema\/person\/fcb1a2122be3810bfdd0c071b4b3e9c4"},"headline":"Juan Carlos PAZOS: Considero a la lengua como algo muy importante en la creaci\u00f3n literaria","datePublished":"2009-06-29T10:22:29+00:00","dateModified":"2009-08-12T11:55:40+00:00","mainEntityOfPage":{"@id":"https:\/\/poesiaerestu.com\/revista\/juan-carlos-pazos-considero-a-la-lengua-como-algo-muy-importante-en-la-creacion-literaria\/"},"wordCount":780,"commentCount":0,"image":{"@id":"https:\/\/poesiaerestu.com\/revista\/juan-carlos-pazos-considero-a-la-lengua-como-algo-muy-importante-en-la-creacion-literaria\/#primaryimage"},"thumbnailUrl":"https:\/\/poesiaerestu.com\/revista\/wp-content\/uploads\/2009\/06\/foto-con-libros-scaled.jpg","articleSection":["Entrevistas"],"inLanguage":"en-US","copyrightYear":"2009","copyrightHolder":{"@id":"https:\/\/poesiaerestu.com\/revista\/#organization"}},{"@type":"WebPage","@id":"https:\/\/poesiaerestu.com\/revista\/juan-carlos-pazos-considero-a-la-lengua-como-algo-muy-importante-en-la-creacion-literaria\/","url":"https:\/\/poesiaerestu.com\/revista\/juan-carlos-pazos-considero-a-la-lengua-como-algo-muy-importante-en-la-creacion-literaria\/","name":"Juan Carlos PAZOS: Considero a la lengua como algo muy importante en la creaci\u00f3n literaria","isPartOf":{"@id":"https:\/\/poesiaerestu.com\/revista\/#website"},"primaryImageOfPage":{"@id":"https:\/\/poesiaerestu.com\/revista\/juan-carlos-pazos-considero-a-la-lengua-como-algo-muy-importante-en-la-creacion-literaria\/#primaryimage"},"image":{"@id":"https:\/\/poesiaerestu.com\/revista\/juan-carlos-pazos-considero-a-la-lengua-como-algo-muy-importante-en-la-creacion-literaria\/#primaryimage"},"thumbnailUrl":"https:\/\/poesiaerestu.com\/revista\/wp-content\/uploads\/2009\/06\/foto-con-libros-scaled.jpg","datePublished":"2009-06-29T10:22:29+00:00","dateModified":"2009-08-12T11:55:40+00:00","author":{"@id":"https:\/\/poesiaerestu.com\/revista\/#\/schema\/person\/fcb1a2122be3810bfdd0c071b4b3e9c4"},"description":"Juan Carlos PAZOS,\u00a0 entre sus obras se encuentra un libro de poes\u00eda en gallego \u201cEntre falcatruadas e chorros\u201d\u00a0 Editorial El Taller del poeta, acaba de pu","breadcrumb":{"@id":"https:\/\/poesiaerestu.com\/revista\/juan-carlos-pazos-considero-a-la-lengua-como-algo-muy-importante-en-la-creacion-literaria\/#breadcrumb"},"inLanguage":"en-US","potentialAction":[{"@type":"ReadAction","target":["https:\/\/poesiaerestu.com\/revista\/juan-carlos-pazos-considero-a-la-lengua-como-algo-muy-importante-en-la-creacion-literaria\/"]}]},{"@type":"ImageObject","inLanguage":"en-US","@id":"https:\/\/poesiaerestu.com\/revista\/juan-carlos-pazos-considero-a-la-lengua-como-algo-muy-importante-en-la-creacion-literaria\/#primaryimage","url":"https:\/\/poesiaerestu.com\/revista\/wp-content\/uploads\/2009\/06\/foto-con-libros-scaled.jpg","contentUrl":"https:\/\/poesiaerestu.com\/revista\/wp-content\/uploads\/2009\/06\/foto-con-libros-scaled.jpg","width":1365,"height":1024},{"@type":"BreadcrumbList","@id":"https:\/\/poesiaerestu.com\/revista\/juan-carlos-pazos-considero-a-la-lengua-como-algo-muy-importante-en-la-creacion-literaria\/#breadcrumb","itemListElement":[{"@type":"ListItem","position":1,"name":"Home","item":"https:\/\/poesiaerestu.com\/revista\/"},{"@type":"ListItem","position":2,"name":"Juan Carlos PAZOS: Considero a la lengua como algo muy importante en la creaci\u00f3n literaria"}]},{"@type":"WebSite","@id":"https:\/\/poesiaerestu.com\/revista\/#website","url":"https:\/\/poesiaerestu.com\/revista\/","name":"Poes\u00ed\u00ada eres t\u00fa (revista)","description":"Revista de poes\u00eda y literatura","potentialAction":[{"@type":"SearchAction","target":{"@type":"EntryPoint","urlTemplate":"https:\/\/poesiaerestu.com\/revista\/?s={search_term_string}"},"query-input":{"@type":"PropertyValueSpecification","valueRequired":true,"valueName":"search_term_string"}}],"inLanguage":"en-US"},{"@type":"Person","@id":"https:\/\/poesiaerestu.com\/revista\/#\/schema\/person\/fcb1a2122be3810bfdd0c071b4b3e9c4","name":"admin","image":{"@type":"ImageObject","inLanguage":"en-US","@id":"https:\/\/secure.gravatar.com\/avatar\/1cb55a5bd8d6824519e46b552e84b03575857cc9c4d6333824d2f95d82129f50?s=96&d=mm&r=g","url":"https:\/\/secure.gravatar.com\/avatar\/1cb55a5bd8d6824519e46b552e84b03575857cc9c4d6333824d2f95d82129f50?s=96&d=mm&r=g","contentUrl":"https:\/\/secure.gravatar.com\/avatar\/1cb55a5bd8d6824519e46b552e84b03575857cc9c4d6333824d2f95d82129f50?s=96&d=mm&r=g","caption":"admin"},"url":"https:\/\/poesiaerestu.com\/revista\/author\/admin\/"}]}},"_links":{"self":[{"href":"https:\/\/poesiaerestu.com\/revista\/wp-json\/wp\/v2\/posts\/258","targetHints":{"allow":["GET"]}}],"collection":[{"href":"https:\/\/poesiaerestu.com\/revista\/wp-json\/wp\/v2\/posts"}],"about":[{"href":"https:\/\/poesiaerestu.com\/revista\/wp-json\/wp\/v2\/types\/post"}],"author":[{"embeddable":true,"href":"https:\/\/poesiaerestu.com\/revista\/wp-json\/wp\/v2\/users\/1"}],"replies":[{"embeddable":true,"href":"https:\/\/poesiaerestu.com\/revista\/wp-json\/wp\/v2\/comments?post=258"}],"version-history":[{"count":0,"href":"https:\/\/poesiaerestu.com\/revista\/wp-json\/wp\/v2\/posts\/258\/revisions"}],"wp:featuredmedia":[{"embeddable":true,"href":"https:\/\/poesiaerestu.com\/revista\/wp-json\/wp\/v2\/media\/259"}],"wp:attachment":[{"href":"https:\/\/poesiaerestu.com\/revista\/wp-json\/wp\/v2\/media?parent=258"}],"wp:term":[{"taxonomy":"category","embeddable":true,"href":"https:\/\/poesiaerestu.com\/revista\/wp-json\/wp\/v2\/categories?post=258"},{"taxonomy":"post_tag","embeddable":true,"href":"https:\/\/poesiaerestu.com\/revista\/wp-json\/wp\/v2\/tags?post=258"}],"curies":[{"name":"wp","href":"https:\/\/api.w.org\/{rel}","templated":true}]}}