{"id":205,"date":"2009-05-04T19:00:53","date_gmt":"2009-05-04T17:00:53","guid":{"rendered":"http:\/\/www.poesiaerestu.com\/revista\/?p=205"},"modified":"2009-08-12T16:30:17","modified_gmt":"2009-08-12T14:30:17","slug":"oscar-alberdi-intento-encontrar-sentimientos-buscando-su-reflejo-en-lo-que-me-rodea","status":"publish","type":"post","link":"https:\/\/poesiaerestu.com\/revista\/oscar-alberdi-intento-encontrar-sentimientos-buscando-su-reflejo-en-lo-que-me-rodea\/","title":{"rendered":"Oscar Alberdi: &#8220;Intento encontrar sentimientos buscando su reflejo en lo que me rodea&#8221;"},"content":{"rendered":"<p class=\"MsoNormal\" style=\"margin: 0cm 0cm 0pt; text-align: justify;\"><span style=\"font-size: small; font-family: Times New Roman;\"><img loading=\"lazy\" decoding=\"async\" class=\"alignleft size-medium wp-image-206\" title=\"esami\" src=\"https:\/\/poesiaerestu.com\/revista\/wp-content\/uploads\/2009\/05\/esami-300x225.jpg\" alt=\"esami\" width=\"300\" height=\"225\" srcset=\"https:\/\/poesiaerestu.com\/revista\/wp-content\/uploads\/2009\/05\/esami-300x225.jpg 300w, https:\/\/poesiaerestu.com\/revista\/wp-content\/uploads\/2009\/05\/esami-1024x768.jpg 1024w, https:\/\/poesiaerestu.com\/revista\/wp-content\/uploads\/2009\/05\/esami-600x450.jpg 600w, https:\/\/poesiaerestu.com\/revista\/wp-content\/uploads\/2009\/05\/esami-768x576.jpg 768w, https:\/\/poesiaerestu.com\/revista\/wp-content\/uploads\/2009\/05\/esami-80x60.jpg 80w, https:\/\/poesiaerestu.com\/revista\/wp-content\/uploads\/2009\/05\/esami-scaled.jpg 1365w\" sizes=\"auto, (max-width: 300px) 100vw, 300px\" \/><\/span><\/p>\n<p>Oscar Alberdi acaba de sacar su primer libro de poes\u00eda con su libro \u201cConviviendo con el caos\u201d. Se trata de una poes\u00eda realista en la que el hast\u00edo se manifiesta de manera contundente, sin embargo los poemas de Oscar Alberdi encierran una particular belleza.<\/p>\n<p>\u00a0<\/p>\n<p>P.- El hast\u00edo no es el \u00fanico sentimiento que aparece en tu poemario de hecho lo encontramos mezclado con muchas reflexiones profundas. \u00bfEscribes desde ese sentimiento de hast\u00edo?<\/p>\n<p>\u00a0<\/p>\n<p>R.-\u00a0 La muerte es uno de ellos, llegar a ella como una liberaci\u00f3n o con resignaci\u00f3n\u2026<\/p>\n<p>\u00a0\u00a0\u00a0\u00a0\u00a0\u00a0 El hast\u00edo puede ser un adjetivo para lo que siento cuando escribo, tambi\u00e9n la desilusi\u00f3n, el desenga\u00f1o de la vida, de las ideolog\u00edas, la desconfianza hacia los\u00a0 sentimientos, el haber aprendido a convivir con las frustraciones.<\/p>\n<p>\u00a0<\/p>\n<p>P.- Muchos de tus poemas los escribes en los bares. \u00bfNos puedes contar como es este proceso?<\/p>\n<p>\u00a0<\/p>\n<p>R.- En el Hey txo! creo que la influencia de Jimmy Hendrix y su tema Hey Joe! se nota.<\/p>\n<p>Este se puede que nacio y maduro en la barra de un bar, en concreto el Residence de mi buen amigo Manu Iturregui.<\/p>\n<p>En los bares observo y escucho, asimilo lo que veo y doy la versi\u00f3n o la vuelta a lo que oigo. La m\u00fasica, a veces, si suena un tema apropiado de blues o de jazz, o un buen rock<\/p>\n<p>me hace de banda sonora. Luego, llegas a casa y vomitas esa impresi\u00f3n, esa sensaci\u00f3n que se te ha quedado gravada.<\/p>\n<p>\u00a0<\/p>\n<p>P.- En tus poemas encontramos un reflejo muy realista de la vida, sin adornos, sin artificios. \u00bfCrees que es la forma de mirar la realidad la que crea la poes\u00eda?<\/p>\n<p>\u00a0<\/p>\n<p>R.- la vida, la basura y las flores, ya encierran bastante poes\u00eda. Mi poes\u00eda es interior pero viniendo desde fuera. Otra gente escribe poes\u00eda intimista partiendo de ellos y sus sentimientos. Yo intento encontrar esos sentimientos buscando su reflejo en lo que me rodea.<\/p>\n<p>\u00a0<\/p>\n<p>P.- Se puede hablar de una poes\u00eda vasca como una se\u00f1a de identidad o la poes\u00eda es poes\u00eda independientemente del sitio donde se haya nacido.<\/p>\n<p>\u00a0<\/p>\n<p>R.- \u00bfPoes\u00eda vasca? Existe, el problema es que s\u00f3lo se les considera as\u00ed a los que escriben en euskera. Poetas como Gabriel Aresti o Lauaxeta realizaron su obra en esta lengua y son considerados como autores vascos; Gabriel Celaya o Blas de Otero al escribir en castellano no se les considera como autores propiamente vascos y se les adscribe a otras<\/p>\n<p>corrientes m\u00e1s universales, por llamarlo as\u00ed. El tema de la relaci\u00f3n entre poetas de ambas lenguas es m\u00e1s complejo. Tengo buena relaci\u00f3n con Kirmen Uribe que escribe pr\u00e1cticamente en euskera y con otros autores que escriben en castellano, y nuestro tema de conversaci\u00f3n no es el idioma, sino la creaci\u00f3n, las ideas, como expandirlas y comunicarlas en este\u00a0 mundo de lectores donde no se lee.<\/p>\n<p>\u00a0<\/p>\n<p>P.- Cocinero de profesi\u00f3n y poeta de nacimiento \u00bfSe puede decir que esta afirmaci\u00f3n es correcta? \u00bfQu\u00e9 relaci\u00f3n crees que tienen las actividades artesanales y las art\u00edsticas?<\/p>\n<p>\u00a0<\/p>\n<p class=\"MsoNormal\" style=\"margin: 0cm 0cm 0pt; text-align: justify;\"><span style=\"font-size: small; font-family: Times New Roman;\">\u00a0<\/span><\/p>\n<p>R.- Es lo mismo, artesano que art\u00edstico. Todo lo que no forma parte de un proceso creativo en cadena es arte. Para cocinar se necesitan seis sentidos, y para escribir pr\u00e1cticamente los mismos. Para cocinar hace falta dejarse seducir por la comida, en la poes\u00eda por la lectura. Si no conoces nuevos productos, si no piensas en como le sentar\u00edan hacerlos a tu modo o introducirlos en alg\u00fan plato que ya haces\u2026Lo mismo ocurre con la literatura. Lees algo, te dejas seducir tanto por lo que experimentas que autom\u00e1ticamente ves que ese enfoque, esa manera de expresar, ciertas palabras encajan en algo en que estas o ya has hecho. Cocina y literatura, y otras artes como la m\u00fasica u artes pl\u00e1sticas, de ser una necesidad se han convertido en seducci\u00f3n tanto para el que las interpreta y crea como para el espectador-lector que las recoge.<\/p>\n<p>\u00a0<\/p>\n<p class=\"MsoNormal\" style=\"margin: 0cm 0cm 0pt; text-align: justify;\"><span style=\"font-size: small; font-family: Times New Roman;\">\u00a0<\/span><\/p>\n<p>\u00a0<\/p>\n<p>P.- Me puedes decir cuales son tus poetas favoritos. A cuales acudes cuando necesitas leer poes\u00eda.<\/p>\n<p>\u00a0<\/p>\n<p>R.- Jaime Gil de Biedma, Caballero Bonad, Luis Antonio de Villena, la saga de los Panero, Antonio Gamoneda, Anne Sexton\u2026pero sin olvidar a Rimbaud, Bodelair, Machado, Neruda, Cernuda\u2026 Soy lector habido, no me detengo en \u00e9pocas ni estilos, como tampoco me adscribo a ning\u00fan movimiento y vivo esa soledad de Robinson creativo apunto de comerse a Viernes en cuanto aparezca.<\/p>\n<p class=\"MsoNormal\" style=\"margin: 0cm 0cm 0pt; text-align: justify;\"><span style=\"font-size: small; font-family: Times New Roman;\">\u00a0<\/span><\/p>\n","protected":false},"excerpt":{"rendered":"<p>Oscar Alberdi acaba de sacar su primer libro de poes\u00eda con su libro \u201cConviviendo con el caos\u201d. Se trata de una poes\u00eda realista en la que el hast\u00edo se manifiesta de manera contundente, sin embargo los poemas de Oscar Alberdi encierran una particular belleza. \u00a0 P.- El hast\u00edo no es el \u00fanico sentimiento que aparece&#8230;<\/p>\n","protected":false},"author":1,"featured_media":206,"comment_status":"open","ping_status":"open","sticky":false,"template":"","format":"standard","meta":{"footnotes":"","_links_to":"","_links_to_target":""},"categories":[4],"tags":[],"class_list":["post-205","post","type-post","status-publish","format-standard","has-post-thumbnail","hentry","category-entrevistas"],"yoast_head":"<!-- This site is optimized with the Yoast SEO Premium plugin v24.7 (Yoast SEO v27.5) - https:\/\/yoast.com\/product\/yoast-seo-premium-wordpress\/ -->\n<title>Oscar Alberdi: &quot;Intento encontrar sentimientos buscando su reflejo en lo que me rodea&quot;<\/title>\n<meta name=\"description\" content=\"Oscar Alberdi acaba de sacar su primer libro de poes\u00eda con su libro \u201cConviviendo con el caos\u201d. Se trata de una poes\u00eda realista en la que el hast\u00edo se man\" \/>\n<meta name=\"robots\" content=\"index, follow, max-snippet:-1, max-image-preview:large, max-video-preview:-1\" \/>\n<link rel=\"canonical\" href=\"https:\/\/poesiaerestu.com\/revista\/oscar-alberdi-intento-encontrar-sentimientos-buscando-su-reflejo-en-lo-que-me-rodea\/\" \/>\n<meta name=\"twitter:label1\" content=\"Written by\" \/>\n\t<meta name=\"twitter:data1\" content=\"admin\" \/>\n\t<meta name=\"twitter:label2\" content=\"Est. reading time\" \/>\n\t<meta name=\"twitter:data2\" content=\"4 minutes\" \/>\n<script type=\"application\/ld+json\" class=\"yoast-schema-graph\">{\"@context\":\"https:\\\/\\\/schema.org\",\"@graph\":[{\"@type\":\"Article\",\"@id\":\"https:\\\/\\\/poesiaerestu.com\\\/revista\\\/oscar-alberdi-intento-encontrar-sentimientos-buscando-su-reflejo-en-lo-que-me-rodea\\\/#article\",\"isPartOf\":{\"@id\":\"https:\\\/\\\/poesiaerestu.com\\\/revista\\\/oscar-alberdi-intento-encontrar-sentimientos-buscando-su-reflejo-en-lo-que-me-rodea\\\/\"},\"author\":{\"name\":\"admin\",\"@id\":\"https:\\\/\\\/poesiaerestu.com\\\/revista\\\/#\\\/schema\\\/person\\\/fcb1a2122be3810bfdd0c071b4b3e9c4\"},\"headline\":\"Oscar Alberdi: &#8220;Intento encontrar sentimientos buscando su reflejo en lo que me rodea&#8221;\",\"datePublished\":\"2009-05-04T17:00:53+00:00\",\"dateModified\":\"2009-08-12T14:30:17+00:00\",\"mainEntityOfPage\":{\"@id\":\"https:\\\/\\\/poesiaerestu.com\\\/revista\\\/oscar-alberdi-intento-encontrar-sentimientos-buscando-su-reflejo-en-lo-que-me-rodea\\\/\"},\"wordCount\":791,\"commentCount\":0,\"image\":{\"@id\":\"https:\\\/\\\/poesiaerestu.com\\\/revista\\\/oscar-alberdi-intento-encontrar-sentimientos-buscando-su-reflejo-en-lo-que-me-rodea\\\/#primaryimage\"},\"thumbnailUrl\":\"https:\\\/\\\/poesiaerestu.com\\\/revista\\\/wp-content\\\/uploads\\\/2009\\\/05\\\/esami-scaled.jpg\",\"articleSection\":[\"Entrevistas\"],\"inLanguage\":\"en-US\",\"copyrightYear\":\"2009\",\"copyrightHolder\":{\"@id\":\"https:\\\/\\\/poesiaerestu.com\\\/revista\\\/#organization\"}},{\"@type\":\"WebPage\",\"@id\":\"https:\\\/\\\/poesiaerestu.com\\\/revista\\\/oscar-alberdi-intento-encontrar-sentimientos-buscando-su-reflejo-en-lo-que-me-rodea\\\/\",\"url\":\"https:\\\/\\\/poesiaerestu.com\\\/revista\\\/oscar-alberdi-intento-encontrar-sentimientos-buscando-su-reflejo-en-lo-que-me-rodea\\\/\",\"name\":\"Oscar Alberdi: \\\"Intento encontrar sentimientos buscando su reflejo en lo que me rodea\\\"\",\"isPartOf\":{\"@id\":\"https:\\\/\\\/poesiaerestu.com\\\/revista\\\/#website\"},\"primaryImageOfPage\":{\"@id\":\"https:\\\/\\\/poesiaerestu.com\\\/revista\\\/oscar-alberdi-intento-encontrar-sentimientos-buscando-su-reflejo-en-lo-que-me-rodea\\\/#primaryimage\"},\"image\":{\"@id\":\"https:\\\/\\\/poesiaerestu.com\\\/revista\\\/oscar-alberdi-intento-encontrar-sentimientos-buscando-su-reflejo-en-lo-que-me-rodea\\\/#primaryimage\"},\"thumbnailUrl\":\"https:\\\/\\\/poesiaerestu.com\\\/revista\\\/wp-content\\\/uploads\\\/2009\\\/05\\\/esami-scaled.jpg\",\"datePublished\":\"2009-05-04T17:00:53+00:00\",\"dateModified\":\"2009-08-12T14:30:17+00:00\",\"author\":{\"@id\":\"https:\\\/\\\/poesiaerestu.com\\\/revista\\\/#\\\/schema\\\/person\\\/fcb1a2122be3810bfdd0c071b4b3e9c4\"},\"description\":\"Oscar Alberdi acaba de sacar su primer libro de poes\u00eda con su libro \u201cConviviendo con el caos\u201d. Se trata de una poes\u00eda realista en la que el hast\u00edo se man\",\"breadcrumb\":{\"@id\":\"https:\\\/\\\/poesiaerestu.com\\\/revista\\\/oscar-alberdi-intento-encontrar-sentimientos-buscando-su-reflejo-en-lo-que-me-rodea\\\/#breadcrumb\"},\"inLanguage\":\"en-US\",\"potentialAction\":[{\"@type\":\"ReadAction\",\"target\":[\"https:\\\/\\\/poesiaerestu.com\\\/revista\\\/oscar-alberdi-intento-encontrar-sentimientos-buscando-su-reflejo-en-lo-que-me-rodea\\\/\"]}]},{\"@type\":\"ImageObject\",\"inLanguage\":\"en-US\",\"@id\":\"https:\\\/\\\/poesiaerestu.com\\\/revista\\\/oscar-alberdi-intento-encontrar-sentimientos-buscando-su-reflejo-en-lo-que-me-rodea\\\/#primaryimage\",\"url\":\"https:\\\/\\\/poesiaerestu.com\\\/revista\\\/wp-content\\\/uploads\\\/2009\\\/05\\\/esami-scaled.jpg\",\"contentUrl\":\"https:\\\/\\\/poesiaerestu.com\\\/revista\\\/wp-content\\\/uploads\\\/2009\\\/05\\\/esami-scaled.jpg\",\"width\":1365,\"height\":1024},{\"@type\":\"BreadcrumbList\",\"@id\":\"https:\\\/\\\/poesiaerestu.com\\\/revista\\\/oscar-alberdi-intento-encontrar-sentimientos-buscando-su-reflejo-en-lo-que-me-rodea\\\/#breadcrumb\",\"itemListElement\":[{\"@type\":\"ListItem\",\"position\":1,\"name\":\"Home\",\"item\":\"https:\\\/\\\/poesiaerestu.com\\\/revista\\\/\"},{\"@type\":\"ListItem\",\"position\":2,\"name\":\"Oscar Alberdi: &#8220;Intento encontrar sentimientos buscando su reflejo en lo que me rodea&#8221;\"}]},{\"@type\":\"WebSite\",\"@id\":\"https:\\\/\\\/poesiaerestu.com\\\/revista\\\/#website\",\"url\":\"https:\\\/\\\/poesiaerestu.com\\\/revista\\\/\",\"name\":\"Poes\u00ed\u00ada eres t\u00fa (revista)\",\"description\":\"Revista de poes\u00eda y literatura\",\"potentialAction\":[{\"@type\":\"SearchAction\",\"target\":{\"@type\":\"EntryPoint\",\"urlTemplate\":\"https:\\\/\\\/poesiaerestu.com\\\/revista\\\/?s={search_term_string}\"},\"query-input\":{\"@type\":\"PropertyValueSpecification\",\"valueRequired\":true,\"valueName\":\"search_term_string\"}}],\"inLanguage\":\"en-US\"},{\"@type\":\"Person\",\"@id\":\"https:\\\/\\\/poesiaerestu.com\\\/revista\\\/#\\\/schema\\\/person\\\/fcb1a2122be3810bfdd0c071b4b3e9c4\",\"name\":\"admin\",\"image\":{\"@type\":\"ImageObject\",\"inLanguage\":\"en-US\",\"@id\":\"https:\\\/\\\/secure.gravatar.com\\\/avatar\\\/1cb55a5bd8d6824519e46b552e84b03575857cc9c4d6333824d2f95d82129f50?s=96&d=mm&r=g\",\"url\":\"https:\\\/\\\/secure.gravatar.com\\\/avatar\\\/1cb55a5bd8d6824519e46b552e84b03575857cc9c4d6333824d2f95d82129f50?s=96&d=mm&r=g\",\"contentUrl\":\"https:\\\/\\\/secure.gravatar.com\\\/avatar\\\/1cb55a5bd8d6824519e46b552e84b03575857cc9c4d6333824d2f95d82129f50?s=96&d=mm&r=g\",\"caption\":\"admin\"},\"url\":\"https:\\\/\\\/poesiaerestu.com\\\/revista\\\/author\\\/admin\\\/\"}]}<\/script>\n<!-- \/ Yoast SEO Premium plugin. -->","yoast_head_json":{"title":"Oscar Alberdi: \"Intento encontrar sentimientos buscando su reflejo en lo que me rodea\"","description":"Oscar Alberdi acaba de sacar su primer libro de poes\u00eda con su libro \u201cConviviendo con el caos\u201d. Se trata de una poes\u00eda realista en la que el hast\u00edo se man","robots":{"index":"index","follow":"follow","max-snippet":"max-snippet:-1","max-image-preview":"max-image-preview:large","max-video-preview":"max-video-preview:-1"},"canonical":"https:\/\/poesiaerestu.com\/revista\/oscar-alberdi-intento-encontrar-sentimientos-buscando-su-reflejo-en-lo-que-me-rodea\/","twitter_misc":{"Written by":"admin","Est. reading time":"4 minutes"},"schema":{"@context":"https:\/\/schema.org","@graph":[{"@type":"Article","@id":"https:\/\/poesiaerestu.com\/revista\/oscar-alberdi-intento-encontrar-sentimientos-buscando-su-reflejo-en-lo-que-me-rodea\/#article","isPartOf":{"@id":"https:\/\/poesiaerestu.com\/revista\/oscar-alberdi-intento-encontrar-sentimientos-buscando-su-reflejo-en-lo-que-me-rodea\/"},"author":{"name":"admin","@id":"https:\/\/poesiaerestu.com\/revista\/#\/schema\/person\/fcb1a2122be3810bfdd0c071b4b3e9c4"},"headline":"Oscar Alberdi: &#8220;Intento encontrar sentimientos buscando su reflejo en lo que me rodea&#8221;","datePublished":"2009-05-04T17:00:53+00:00","dateModified":"2009-08-12T14:30:17+00:00","mainEntityOfPage":{"@id":"https:\/\/poesiaerestu.com\/revista\/oscar-alberdi-intento-encontrar-sentimientos-buscando-su-reflejo-en-lo-que-me-rodea\/"},"wordCount":791,"commentCount":0,"image":{"@id":"https:\/\/poesiaerestu.com\/revista\/oscar-alberdi-intento-encontrar-sentimientos-buscando-su-reflejo-en-lo-que-me-rodea\/#primaryimage"},"thumbnailUrl":"https:\/\/poesiaerestu.com\/revista\/wp-content\/uploads\/2009\/05\/esami-scaled.jpg","articleSection":["Entrevistas"],"inLanguage":"en-US","copyrightYear":"2009","copyrightHolder":{"@id":"https:\/\/poesiaerestu.com\/revista\/#organization"}},{"@type":"WebPage","@id":"https:\/\/poesiaerestu.com\/revista\/oscar-alberdi-intento-encontrar-sentimientos-buscando-su-reflejo-en-lo-que-me-rodea\/","url":"https:\/\/poesiaerestu.com\/revista\/oscar-alberdi-intento-encontrar-sentimientos-buscando-su-reflejo-en-lo-que-me-rodea\/","name":"Oscar Alberdi: \"Intento encontrar sentimientos buscando su reflejo en lo que me rodea\"","isPartOf":{"@id":"https:\/\/poesiaerestu.com\/revista\/#website"},"primaryImageOfPage":{"@id":"https:\/\/poesiaerestu.com\/revista\/oscar-alberdi-intento-encontrar-sentimientos-buscando-su-reflejo-en-lo-que-me-rodea\/#primaryimage"},"image":{"@id":"https:\/\/poesiaerestu.com\/revista\/oscar-alberdi-intento-encontrar-sentimientos-buscando-su-reflejo-en-lo-que-me-rodea\/#primaryimage"},"thumbnailUrl":"https:\/\/poesiaerestu.com\/revista\/wp-content\/uploads\/2009\/05\/esami-scaled.jpg","datePublished":"2009-05-04T17:00:53+00:00","dateModified":"2009-08-12T14:30:17+00:00","author":{"@id":"https:\/\/poesiaerestu.com\/revista\/#\/schema\/person\/fcb1a2122be3810bfdd0c071b4b3e9c4"},"description":"Oscar Alberdi acaba de sacar su primer libro de poes\u00eda con su libro \u201cConviviendo con el caos\u201d. Se trata de una poes\u00eda realista en la que el hast\u00edo se man","breadcrumb":{"@id":"https:\/\/poesiaerestu.com\/revista\/oscar-alberdi-intento-encontrar-sentimientos-buscando-su-reflejo-en-lo-que-me-rodea\/#breadcrumb"},"inLanguage":"en-US","potentialAction":[{"@type":"ReadAction","target":["https:\/\/poesiaerestu.com\/revista\/oscar-alberdi-intento-encontrar-sentimientos-buscando-su-reflejo-en-lo-que-me-rodea\/"]}]},{"@type":"ImageObject","inLanguage":"en-US","@id":"https:\/\/poesiaerestu.com\/revista\/oscar-alberdi-intento-encontrar-sentimientos-buscando-su-reflejo-en-lo-que-me-rodea\/#primaryimage","url":"https:\/\/poesiaerestu.com\/revista\/wp-content\/uploads\/2009\/05\/esami-scaled.jpg","contentUrl":"https:\/\/poesiaerestu.com\/revista\/wp-content\/uploads\/2009\/05\/esami-scaled.jpg","width":1365,"height":1024},{"@type":"BreadcrumbList","@id":"https:\/\/poesiaerestu.com\/revista\/oscar-alberdi-intento-encontrar-sentimientos-buscando-su-reflejo-en-lo-que-me-rodea\/#breadcrumb","itemListElement":[{"@type":"ListItem","position":1,"name":"Home","item":"https:\/\/poesiaerestu.com\/revista\/"},{"@type":"ListItem","position":2,"name":"Oscar Alberdi: &#8220;Intento encontrar sentimientos buscando su reflejo en lo que me rodea&#8221;"}]},{"@type":"WebSite","@id":"https:\/\/poesiaerestu.com\/revista\/#website","url":"https:\/\/poesiaerestu.com\/revista\/","name":"Poes\u00ed\u00ada eres t\u00fa (revista)","description":"Revista de poes\u00eda y literatura","potentialAction":[{"@type":"SearchAction","target":{"@type":"EntryPoint","urlTemplate":"https:\/\/poesiaerestu.com\/revista\/?s={search_term_string}"},"query-input":{"@type":"PropertyValueSpecification","valueRequired":true,"valueName":"search_term_string"}}],"inLanguage":"en-US"},{"@type":"Person","@id":"https:\/\/poesiaerestu.com\/revista\/#\/schema\/person\/fcb1a2122be3810bfdd0c071b4b3e9c4","name":"admin","image":{"@type":"ImageObject","inLanguage":"en-US","@id":"https:\/\/secure.gravatar.com\/avatar\/1cb55a5bd8d6824519e46b552e84b03575857cc9c4d6333824d2f95d82129f50?s=96&d=mm&r=g","url":"https:\/\/secure.gravatar.com\/avatar\/1cb55a5bd8d6824519e46b552e84b03575857cc9c4d6333824d2f95d82129f50?s=96&d=mm&r=g","contentUrl":"https:\/\/secure.gravatar.com\/avatar\/1cb55a5bd8d6824519e46b552e84b03575857cc9c4d6333824d2f95d82129f50?s=96&d=mm&r=g","caption":"admin"},"url":"https:\/\/poesiaerestu.com\/revista\/author\/admin\/"}]}},"_links":{"self":[{"href":"https:\/\/poesiaerestu.com\/revista\/wp-json\/wp\/v2\/posts\/205","targetHints":{"allow":["GET"]}}],"collection":[{"href":"https:\/\/poesiaerestu.com\/revista\/wp-json\/wp\/v2\/posts"}],"about":[{"href":"https:\/\/poesiaerestu.com\/revista\/wp-json\/wp\/v2\/types\/post"}],"author":[{"embeddable":true,"href":"https:\/\/poesiaerestu.com\/revista\/wp-json\/wp\/v2\/users\/1"}],"replies":[{"embeddable":true,"href":"https:\/\/poesiaerestu.com\/revista\/wp-json\/wp\/v2\/comments?post=205"}],"version-history":[{"count":0,"href":"https:\/\/poesiaerestu.com\/revista\/wp-json\/wp\/v2\/posts\/205\/revisions"}],"wp:featuredmedia":[{"embeddable":true,"href":"https:\/\/poesiaerestu.com\/revista\/wp-json\/wp\/v2\/media\/206"}],"wp:attachment":[{"href":"https:\/\/poesiaerestu.com\/revista\/wp-json\/wp\/v2\/media?parent=205"}],"wp:term":[{"taxonomy":"category","embeddable":true,"href":"https:\/\/poesiaerestu.com\/revista\/wp-json\/wp\/v2\/categories?post=205"},{"taxonomy":"post_tag","embeddable":true,"href":"https:\/\/poesiaerestu.com\/revista\/wp-json\/wp\/v2\/tags?post=205"}],"curies":[{"name":"wp","href":"https:\/\/api.w.org\/{rel}","templated":true}]}}