{"id":177,"date":"2009-04-02T16:39:33","date_gmt":"2009-04-02T14:39:33","guid":{"rendered":"http:\/\/www.poesiaerestu.com\/revista\/?p=177"},"modified":"2009-08-12T16:45:39","modified_gmt":"2009-08-12T14:45:39","slug":"cronica-de-algunos-entintados-o-mas","status":"publish","type":"post","link":"https:\/\/poesiaerestu.com\/revista\/cronica-de-algunos-entintados-o-mas\/","title":{"rendered":"Cr\u00f3nica de algunos Entintados (o m\u00e1s)"},"content":{"rendered":"<p class=\"MsoNormal\" style=\"text-align: justify; line-height: 150%; margin: 0cm -33.8pt 0pt 0cm;\"><span style=\"line-height: 150%; font-size: 13pt; mso-bidi-font-size: 12.0pt; mso-bidi-font-weight: bold;\" lang=\"ES\"><span style=\"font-family: Times New Roman;\"><span style=\"mso-spacerun: yes;\"><img loading=\"lazy\" decoding=\"async\" class=\"alignleft size-medium wp-image-178\" title=\"img_8797\" src=\"https:\/\/spcdn.shortpixel.ai\/spio\/ret_img,q_cdnize,to_auto,s_webp:avif\/poesiaerestu.com\/revista\/wp-content\/uploads\/2009\/04\/img_8797-200x300.jpg\" alt=\"img_8797\" width=\"200\" height=\"300\" \/><\/span><\/span><\/span><\/p>\n<p class=\"MsoNormal\" style=\"text-align: justify; line-height: 150%; margin: 0cm -33.8pt 0pt 0cm;\"><span style=\"line-height: 150%; font-size: 13pt; mso-bidi-font-size: 12.0pt; mso-bidi-font-weight: bold;\" lang=\"ES\"><span style=\"font-family: Times New Roman;\"><strong><img loading=\"lazy\" decoding=\"async\" class=\"alignleft size-medium wp-image-180\" title=\"img_8808\" src=\"https:\/\/spcdn.shortpixel.ai\/spio\/ret_img,q_cdnize,to_auto,s_webp:avif\/poesiaerestu.com\/revista\/wp-content\/uploads\/2009\/04\/img_8808-200x300.jpg\" alt=\"img_8808\" width=\"200\" height=\"300\" srcset=\"https:\/\/spcdn.shortpixel.ai\/spio\/ret_img,q_cdnize,to_auto,s_webp:avif\/poesiaerestu.com\/revista\/wp-content\/uploads\/2009\/04\/img_8808-200x300.jpg 200w, https:\/\/spcdn.shortpixel.ai\/spio\/ret_img,q_cdnize,to_auto,s_webp:avif\/poesiaerestu.com\/revista\/wp-content\/uploads\/2009\/04\/img_8808-682x1024.jpg 682w\" sizes=\"auto, (max-width: 200px) 100vw, 200px\" \/><img loading=\"lazy\" decoding=\"async\" class=\"alignleft size-medium wp-image-179\" title=\"img_8800\" src=\"https:\/\/spcdn.shortpixel.ai\/spio\/ret_img,q_cdnize,to_auto,s_webp:avif\/poesiaerestu.com\/revista\/wp-content\/uploads\/2009\/04\/img_8800-200x300.jpg\" alt=\"img_8800\" width=\"200\" height=\"300\" srcset=\"https:\/\/spcdn.shortpixel.ai\/spio\/ret_img,q_cdnize,to_auto,s_webp:avif\/poesiaerestu.com\/revista\/wp-content\/uploads\/2009\/04\/img_8800-200x300.jpg 200w, https:\/\/spcdn.shortpixel.ai\/spio\/ret_img,q_cdnize,to_auto,s_webp:avif\/poesiaerestu.com\/revista\/wp-content\/uploads\/2009\/04\/img_8800-682x1024.jpg 682w\" sizes=\"auto, (max-width: 200px) 100vw, 200px\" \/><img loading=\"lazy\" decoding=\"async\" class=\"alignleft size-medium wp-image-181\" title=\"img_8814\" src=\"https:\/\/spcdn.shortpixel.ai\/spio\/ret_img,q_cdnize,to_auto,s_webp:avif\/poesiaerestu.com\/revista\/wp-content\/uploads\/2009\/04\/img_8814-200x300.jpg\" alt=\"img_8814\" width=\"200\" height=\"300\" srcset=\"https:\/\/spcdn.shortpixel.ai\/spio\/ret_img,q_cdnize,to_auto,s_webp:avif\/poesiaerestu.com\/revista\/wp-content\/uploads\/2009\/04\/img_8814-200x300.jpg 200w, https:\/\/spcdn.shortpixel.ai\/spio\/ret_img,q_cdnize,to_auto,s_webp:avif\/poesiaerestu.com\/revista\/wp-content\/uploads\/2009\/04\/img_8814-682x1024.jpg 682w\" sizes=\"auto, (max-width: 200px) 100vw, 200px\" \/><\/strong><\/span><\/span><\/p>\n<p>\u00a0El Busc\u00f3n es una librer\u00eda con m\u00e1s de treinta a\u00f1os de experiencia. Hay literatura en las estanter\u00ed\u00adas, pero tambien rezuma en las paredes, de los cuadros, entre los muebles. Se palpa en el ambiente.<\/p>\n<p>\u00a0 &#8220;Poes\u00ed\u00ada eres t\u00fa&#8221; es una editorial joven, sus libros tienen una cuidada presentaci\u00f3n y apuestan por la calidad. La dirige Javier P\u00e9rez-Ayala.<\/p>\n<p>La mezcla perfecta para el debut de: Entintados (o m\u00e1s), la convocatoria que nos hace la editorial a trav\u00e9s de sus autores.<\/p>\n<p>Viernes, 27 de Marzo, la cita en Prosperidad, hay que retirar un par de mesas llenas de libros para hacer hueco a las sillas, nunca sabes si son demasiadas, o pocas y cada vez que se abre la puerta de la librer\u00eda y alguna cara, conocida o no, traspasa el umbral crece cierta desaz\u00f3n porque hay que estar a la altura del encuentro. El cartel es de lujo, Mayte S\u00e1nchez Sempere, Nuria Ruiz de Vi\u00f1aspre y Jos\u00e9 Navieras, tres Entintados que nos recitar\u00e1n sus poemas.<\/p>\n<p>En la breve presentaci\u00f3n inclu\u00ed\u00ad la lectura de unas estrofas del poema de Gabriel Celaya (la poes\u00ed\u00ada es un arma cargada de futuro), se le cita en las p\u00e1ginas de la revista que edita la propia editorial y el nombre de Celaya evoca una antigua relaci\u00f3n de amistad y encuentros en la librer\u00ed\u00ada, el eco de otro tiempo.<\/p>\n<p>El poeta, la librer\u00ed\u00ada, una editorial, buen tri\u00e1ngulo.<em><\/em><\/p>\n<p>Jos\u00e9 Navieras comenz\u00f3 con poemas de su libro &#8220;Pecado de silencio&#8221;. Jos\u00e9 tiene fe ciega en sus estrofas, no hay duda despues de da\u00adrle rotundo, sin concesiones a la ret\u00f3rica. Directo. Jos\u00e9 dispara a todo lo que se mueve, con im\u00e1genes impregnadas de movimiento, s\u00e1tira, m\u00fasica o fantas\u00ed\u00ada. Un viaje en el que las palabras suenan y a veces estallan, pero que nunca nos dejan indiferentes.<\/p>\n<p>En la breve presentaci\u00f3n promete\u00ad que \u00ed\u00adbamos a escuchar tres tonos distintos, tres voces, tres \u00e1ngulos para enfocar los sue\u00f1os y era f\u00e1cil acertar con los versos que recita Nuria Ruiz de Vi\u00f1aspre, extra\u00ed\u00addos de su libro &#8220;La Geometr\u00ed\u00ada del vientre&#8221; y de dos poemarios in\u00e9ditos. Exenta de teatralidad (Nuria apenas ha le\u00eddo sus poemas en p\u00fablico) nos ofrecia su testimonio de palabras e im\u00e1genes en un viaje por su mundo po\u00e9tico muy personal. En Nuria no busqueis el verso f\u00e1cil, si el sentimiento, la expresividad amparada en met\u00e1foras sutiles, fragmentos a veces audaces, apasionados, que siempre arriesgan para dibujar el poema.<\/p>\n<p>Mayte S\u00e1nchez Sempere nos devolvi\u00f3 a la poes\u00eda m\u00e1s \u00ed\u00adntima, la que reposa en el fondo de la laguna. Mayte desnuda el alma y lo plasma en el papel, sabe de latidos y los mueve con acierto en los poemas de &#8220;El a\u00f1o al que le falt\u00f3 un mes&#8221; amor y desamores con palabras sencillas y cotidianas, un encuentro frustrado, una iron\u00c3\u00ada, la voz transparente que respira en cada frase. Poes\u00ed\u00ada que busca y encuentra su propio lenguaje. Mayte tiene algo que decir.<\/p>\n<p>\u00c3\u00b3lo me queda rese\u00f1ar el placer, por mi parte, de presentar y o\u00ed\u00adr a tres poetas, verles firmar libros al concluir el acto y a Luis (el due\u00f1o de la librer\u00ed\u00ada) dedicarme un gui\u00f1o de complicidad. Se ha encontrado a gusto, entre nuevos amigos. Las cervezas pusieron el punto final.<\/p>\n<p>El viernes disfrutamos con Entintados (o m\u00e1s), gracias Nuria, gracias Mayte, gracias Jos\u00e9, gracias a todos los que asistieron.<\/p>\n<p>La <a href=\"https:\/\/poesiaerestu.com\">Editorial &#8220;poes\u00ed\u00ada eres t\u00fa&#8221;<\/a> nos promete que pronto tendremos una nueva versi\u00f3n.<\/p>\n<p>\u00a0Chema Barredo<\/p>\n","protected":false},"excerpt":{"rendered":"<p>\u00a0El Busc\u00f3n es una librer\u00eda con m\u00e1s de treinta a\u00f1os de experiencia. Hay literatura en las estanter\u00ed\u00adas, pero tambien rezuma en las paredes, de los cuadros, entre los muebles. Se palpa en el ambiente. \u00a0 &#8220;Poes\u00ed\u00ada eres t\u00fa&#8221; es una editorial joven, sus libros tienen una cuidada presentaci\u00f3n y apuestan por la calidad. La dirige&#8230;<\/p>\n","protected":false},"author":1,"featured_media":178,"comment_status":"open","ping_status":"open","sticky":false,"template":"","format":"standard","meta":{"footnotes":"","_links_to":"","_links_to_target":""},"categories":[8],"tags":[],"class_list":["post-177","post","type-post","status-publish","format-standard","has-post-thumbnail","hentry","category-eventos"],"yoast_head":"<!-- This site is optimized with the Yoast SEO Premium plugin v24.7 (Yoast SEO v27.5) - https:\/\/yoast.com\/product\/yoast-seo-premium-wordpress\/ -->\n<title>Cr\u00f3nica de algunos Entintados (o m\u00e1s)<\/title>\n<meta name=\"description\" content=\"\u00a0El Busc\u00f3n es una librer\u00eda con m\u00e1s de treinta a\u00f1os de experiencia. Hay literatura en las estanter\u00ed\u00adas, pero tambien rezuma en las paredes, de los cuadros\" \/>\n<meta name=\"robots\" content=\"index, follow, max-snippet:-1, max-image-preview:large, max-video-preview:-1\" \/>\n<link rel=\"canonical\" href=\"https:\/\/poesiaerestu.com\/revista\/cronica-de-algunos-entintados-o-mas\/\" \/>\n<meta name=\"twitter:label1\" content=\"Written by\" \/>\n\t<meta name=\"twitter:data1\" content=\"admin\" \/>\n\t<meta name=\"twitter:label2\" content=\"Est. reading time\" \/>\n\t<meta name=\"twitter:data2\" content=\"3 minutes\" \/>\n<script type=\"application\/ld+json\" class=\"yoast-schema-graph\">{\"@context\":\"https:\\\/\\\/schema.org\",\"@graph\":[{\"@type\":\"Article\",\"@id\":\"https:\\\/\\\/poesiaerestu.com\\\/revista\\\/cronica-de-algunos-entintados-o-mas\\\/#article\",\"isPartOf\":{\"@id\":\"https:\\\/\\\/poesiaerestu.com\\\/revista\\\/cronica-de-algunos-entintados-o-mas\\\/\"},\"author\":{\"name\":\"admin\",\"@id\":\"https:\\\/\\\/poesiaerestu.com\\\/revista\\\/#\\\/schema\\\/person\\\/fcb1a2122be3810bfdd0c071b4b3e9c4\"},\"headline\":\"Cr\u00f3nica de algunos Entintados (o m\u00e1s)\",\"datePublished\":\"2009-04-02T14:39:33+00:00\",\"dateModified\":\"2009-08-12T14:45:39+00:00\",\"mainEntityOfPage\":{\"@id\":\"https:\\\/\\\/poesiaerestu.com\\\/revista\\\/cronica-de-algunos-entintados-o-mas\\\/\"},\"wordCount\":626,\"commentCount\":0,\"image\":{\"@id\":\"https:\\\/\\\/poesiaerestu.com\\\/revista\\\/cronica-de-algunos-entintados-o-mas\\\/#primaryimage\"},\"thumbnailUrl\":\"https:\\\/\\\/poesiaerestu.com\\\/revista\\\/wp-content\\\/uploads\\\/2009\\\/04\\\/img_8797-scaled.jpg\",\"articleSection\":[\"Eventos\"],\"inLanguage\":\"en-US\",\"copyrightYear\":\"2009\",\"copyrightHolder\":{\"@id\":\"https:\\\/\\\/poesiaerestu.com\\\/revista\\\/#organization\"}},{\"@type\":\"WebPage\",\"@id\":\"https:\\\/\\\/poesiaerestu.com\\\/revista\\\/cronica-de-algunos-entintados-o-mas\\\/\",\"url\":\"https:\\\/\\\/poesiaerestu.com\\\/revista\\\/cronica-de-algunos-entintados-o-mas\\\/\",\"name\":\"Cr\u00f3nica de algunos Entintados (o m\u00e1s)\",\"isPartOf\":{\"@id\":\"https:\\\/\\\/poesiaerestu.com\\\/revista\\\/#website\"},\"primaryImageOfPage\":{\"@id\":\"https:\\\/\\\/poesiaerestu.com\\\/revista\\\/cronica-de-algunos-entintados-o-mas\\\/#primaryimage\"},\"image\":{\"@id\":\"https:\\\/\\\/poesiaerestu.com\\\/revista\\\/cronica-de-algunos-entintados-o-mas\\\/#primaryimage\"},\"thumbnailUrl\":\"https:\\\/\\\/poesiaerestu.com\\\/revista\\\/wp-content\\\/uploads\\\/2009\\\/04\\\/img_8797-scaled.jpg\",\"datePublished\":\"2009-04-02T14:39:33+00:00\",\"dateModified\":\"2009-08-12T14:45:39+00:00\",\"author\":{\"@id\":\"https:\\\/\\\/poesiaerestu.com\\\/revista\\\/#\\\/schema\\\/person\\\/fcb1a2122be3810bfdd0c071b4b3e9c4\"},\"description\":\"\u00a0El Busc\u00f3n es una librer\u00eda con m\u00e1s de treinta a\u00f1os de experiencia. Hay literatura en las estanter\u00ed\u00adas, pero tambien rezuma en las paredes, de los cuadros\",\"breadcrumb\":{\"@id\":\"https:\\\/\\\/poesiaerestu.com\\\/revista\\\/cronica-de-algunos-entintados-o-mas\\\/#breadcrumb\"},\"inLanguage\":\"en-US\",\"potentialAction\":[{\"@type\":\"ReadAction\",\"target\":[\"https:\\\/\\\/poesiaerestu.com\\\/revista\\\/cronica-de-algunos-entintados-o-mas\\\/\"]}]},{\"@type\":\"ImageObject\",\"inLanguage\":\"en-US\",\"@id\":\"https:\\\/\\\/poesiaerestu.com\\\/revista\\\/cronica-de-algunos-entintados-o-mas\\\/#primaryimage\",\"url\":\"https:\\\/\\\/poesiaerestu.com\\\/revista\\\/wp-content\\\/uploads\\\/2009\\\/04\\\/img_8797-scaled.jpg\",\"contentUrl\":\"https:\\\/\\\/poesiaerestu.com\\\/revista\\\/wp-content\\\/uploads\\\/2009\\\/04\\\/img_8797-scaled.jpg\",\"width\":1536,\"height\":1024},{\"@type\":\"BreadcrumbList\",\"@id\":\"https:\\\/\\\/poesiaerestu.com\\\/revista\\\/cronica-de-algunos-entintados-o-mas\\\/#breadcrumb\",\"itemListElement\":[{\"@type\":\"ListItem\",\"position\":1,\"name\":\"Home\",\"item\":\"https:\\\/\\\/poesiaerestu.com\\\/revista\\\/\"},{\"@type\":\"ListItem\",\"position\":2,\"name\":\"Cr\u00f3nica de algunos Entintados (o m\u00e1s)\"}]},{\"@type\":\"WebSite\",\"@id\":\"https:\\\/\\\/poesiaerestu.com\\\/revista\\\/#website\",\"url\":\"https:\\\/\\\/poesiaerestu.com\\\/revista\\\/\",\"name\":\"Poes\u00ed\u00ada eres t\u00fa (revista)\",\"description\":\"Revista de poes\u00eda y literatura\",\"potentialAction\":[{\"@type\":\"SearchAction\",\"target\":{\"@type\":\"EntryPoint\",\"urlTemplate\":\"https:\\\/\\\/poesiaerestu.com\\\/revista\\\/?s={search_term_string}\"},\"query-input\":{\"@type\":\"PropertyValueSpecification\",\"valueRequired\":true,\"valueName\":\"search_term_string\"}}],\"inLanguage\":\"en-US\"},{\"@type\":\"Person\",\"@id\":\"https:\\\/\\\/poesiaerestu.com\\\/revista\\\/#\\\/schema\\\/person\\\/fcb1a2122be3810bfdd0c071b4b3e9c4\",\"name\":\"admin\",\"image\":{\"@type\":\"ImageObject\",\"inLanguage\":\"en-US\",\"@id\":\"https:\\\/\\\/secure.gravatar.com\\\/avatar\\\/1cb55a5bd8d6824519e46b552e84b03575857cc9c4d6333824d2f95d82129f50?s=96&d=mm&r=g\",\"url\":\"https:\\\/\\\/secure.gravatar.com\\\/avatar\\\/1cb55a5bd8d6824519e46b552e84b03575857cc9c4d6333824d2f95d82129f50?s=96&d=mm&r=g\",\"contentUrl\":\"https:\\\/\\\/secure.gravatar.com\\\/avatar\\\/1cb55a5bd8d6824519e46b552e84b03575857cc9c4d6333824d2f95d82129f50?s=96&d=mm&r=g\",\"caption\":\"admin\"},\"url\":\"https:\\\/\\\/poesiaerestu.com\\\/revista\\\/author\\\/admin\\\/\"}]}<\/script>\n<!-- \/ Yoast SEO Premium plugin. -->","yoast_head_json":{"title":"Cr\u00f3nica de algunos Entintados (o m\u00e1s)","description":"\u00a0El Busc\u00f3n es una librer\u00eda con m\u00e1s de treinta a\u00f1os de experiencia. Hay literatura en las estanter\u00ed\u00adas, pero tambien rezuma en las paredes, de los cuadros","robots":{"index":"index","follow":"follow","max-snippet":"max-snippet:-1","max-image-preview":"max-image-preview:large","max-video-preview":"max-video-preview:-1"},"canonical":"https:\/\/poesiaerestu.com\/revista\/cronica-de-algunos-entintados-o-mas\/","twitter_misc":{"Written by":"admin","Est. reading time":"3 minutes"},"schema":{"@context":"https:\/\/schema.org","@graph":[{"@type":"Article","@id":"https:\/\/poesiaerestu.com\/revista\/cronica-de-algunos-entintados-o-mas\/#article","isPartOf":{"@id":"https:\/\/poesiaerestu.com\/revista\/cronica-de-algunos-entintados-o-mas\/"},"author":{"name":"admin","@id":"https:\/\/poesiaerestu.com\/revista\/#\/schema\/person\/fcb1a2122be3810bfdd0c071b4b3e9c4"},"headline":"Cr\u00f3nica de algunos Entintados (o m\u00e1s)","datePublished":"2009-04-02T14:39:33+00:00","dateModified":"2009-08-12T14:45:39+00:00","mainEntityOfPage":{"@id":"https:\/\/poesiaerestu.com\/revista\/cronica-de-algunos-entintados-o-mas\/"},"wordCount":626,"commentCount":0,"image":{"@id":"https:\/\/poesiaerestu.com\/revista\/cronica-de-algunos-entintados-o-mas\/#primaryimage"},"thumbnailUrl":"https:\/\/poesiaerestu.com\/revista\/wp-content\/uploads\/2009\/04\/img_8797-scaled.jpg","articleSection":["Eventos"],"inLanguage":"en-US","copyrightYear":"2009","copyrightHolder":{"@id":"https:\/\/poesiaerestu.com\/revista\/#organization"}},{"@type":"WebPage","@id":"https:\/\/poesiaerestu.com\/revista\/cronica-de-algunos-entintados-o-mas\/","url":"https:\/\/poesiaerestu.com\/revista\/cronica-de-algunos-entintados-o-mas\/","name":"Cr\u00f3nica de algunos Entintados (o m\u00e1s)","isPartOf":{"@id":"https:\/\/poesiaerestu.com\/revista\/#website"},"primaryImageOfPage":{"@id":"https:\/\/poesiaerestu.com\/revista\/cronica-de-algunos-entintados-o-mas\/#primaryimage"},"image":{"@id":"https:\/\/poesiaerestu.com\/revista\/cronica-de-algunos-entintados-o-mas\/#primaryimage"},"thumbnailUrl":"https:\/\/poesiaerestu.com\/revista\/wp-content\/uploads\/2009\/04\/img_8797-scaled.jpg","datePublished":"2009-04-02T14:39:33+00:00","dateModified":"2009-08-12T14:45:39+00:00","author":{"@id":"https:\/\/poesiaerestu.com\/revista\/#\/schema\/person\/fcb1a2122be3810bfdd0c071b4b3e9c4"},"description":"\u00a0El Busc\u00f3n es una librer\u00eda con m\u00e1s de treinta a\u00f1os de experiencia. Hay literatura en las estanter\u00ed\u00adas, pero tambien rezuma en las paredes, de los cuadros","breadcrumb":{"@id":"https:\/\/poesiaerestu.com\/revista\/cronica-de-algunos-entintados-o-mas\/#breadcrumb"},"inLanguage":"en-US","potentialAction":[{"@type":"ReadAction","target":["https:\/\/poesiaerestu.com\/revista\/cronica-de-algunos-entintados-o-mas\/"]}]},{"@type":"ImageObject","inLanguage":"en-US","@id":"https:\/\/poesiaerestu.com\/revista\/cronica-de-algunos-entintados-o-mas\/#primaryimage","url":"https:\/\/poesiaerestu.com\/revista\/wp-content\/uploads\/2009\/04\/img_8797-scaled.jpg","contentUrl":"https:\/\/poesiaerestu.com\/revista\/wp-content\/uploads\/2009\/04\/img_8797-scaled.jpg","width":1536,"height":1024},{"@type":"BreadcrumbList","@id":"https:\/\/poesiaerestu.com\/revista\/cronica-de-algunos-entintados-o-mas\/#breadcrumb","itemListElement":[{"@type":"ListItem","position":1,"name":"Home","item":"https:\/\/poesiaerestu.com\/revista\/"},{"@type":"ListItem","position":2,"name":"Cr\u00f3nica de algunos Entintados (o m\u00e1s)"}]},{"@type":"WebSite","@id":"https:\/\/poesiaerestu.com\/revista\/#website","url":"https:\/\/poesiaerestu.com\/revista\/","name":"Poes\u00ed\u00ada eres t\u00fa (revista)","description":"Revista de poes\u00eda y literatura","potentialAction":[{"@type":"SearchAction","target":{"@type":"EntryPoint","urlTemplate":"https:\/\/poesiaerestu.com\/revista\/?s={search_term_string}"},"query-input":{"@type":"PropertyValueSpecification","valueRequired":true,"valueName":"search_term_string"}}],"inLanguage":"en-US"},{"@type":"Person","@id":"https:\/\/poesiaerestu.com\/revista\/#\/schema\/person\/fcb1a2122be3810bfdd0c071b4b3e9c4","name":"admin","image":{"@type":"ImageObject","inLanguage":"en-US","@id":"https:\/\/secure.gravatar.com\/avatar\/1cb55a5bd8d6824519e46b552e84b03575857cc9c4d6333824d2f95d82129f50?s=96&d=mm&r=g","url":"https:\/\/secure.gravatar.com\/avatar\/1cb55a5bd8d6824519e46b552e84b03575857cc9c4d6333824d2f95d82129f50?s=96&d=mm&r=g","contentUrl":"https:\/\/secure.gravatar.com\/avatar\/1cb55a5bd8d6824519e46b552e84b03575857cc9c4d6333824d2f95d82129f50?s=96&d=mm&r=g","caption":"admin"},"url":"https:\/\/poesiaerestu.com\/revista\/author\/admin\/"}]}},"_links":{"self":[{"href":"https:\/\/poesiaerestu.com\/revista\/wp-json\/wp\/v2\/posts\/177","targetHints":{"allow":["GET"]}}],"collection":[{"href":"https:\/\/poesiaerestu.com\/revista\/wp-json\/wp\/v2\/posts"}],"about":[{"href":"https:\/\/poesiaerestu.com\/revista\/wp-json\/wp\/v2\/types\/post"}],"author":[{"embeddable":true,"href":"https:\/\/poesiaerestu.com\/revista\/wp-json\/wp\/v2\/users\/1"}],"replies":[{"embeddable":true,"href":"https:\/\/poesiaerestu.com\/revista\/wp-json\/wp\/v2\/comments?post=177"}],"version-history":[{"count":0,"href":"https:\/\/poesiaerestu.com\/revista\/wp-json\/wp\/v2\/posts\/177\/revisions"}],"wp:featuredmedia":[{"embeddable":true,"href":"https:\/\/poesiaerestu.com\/revista\/wp-json\/wp\/v2\/media\/178"}],"wp:attachment":[{"href":"https:\/\/poesiaerestu.com\/revista\/wp-json\/wp\/v2\/media?parent=177"}],"wp:term":[{"taxonomy":"category","embeddable":true,"href":"https:\/\/poesiaerestu.com\/revista\/wp-json\/wp\/v2\/categories?post=177"},{"taxonomy":"post_tag","embeddable":true,"href":"https:\/\/poesiaerestu.com\/revista\/wp-json\/wp\/v2\/tags?post=177"}],"curies":[{"name":"wp","href":"https:\/\/api.w.org\/{rel}","templated":true}]}}