{"id":172,"date":"2009-03-24T09:32:05","date_gmt":"2009-03-24T07:32:05","guid":{"rendered":"http:\/\/www.poesiaerestu.com\/revista\/?p=172"},"modified":"2009-08-12T16:50:01","modified_gmt":"2009-08-12T14:50:01","slug":"21-marzo-celebramos-el-dia-mundial-de-la-poesia-con-un-recital","status":"publish","type":"post","link":"https:\/\/poesiaerestu.com\/revista\/21-marzo-celebramos-el-dia-mundial-de-la-poesia-con-un-recital\/","title":{"rendered":"21 Marzo Celebramos el d\u00eda Mundial de la Poes\u00eda con un recital"},"content":{"rendered":"<p><img loading=\"lazy\" decoding=\"async\" class=\"size-medium wp-image-173 alignleft\" title=\"en-nuestra-piel\" src=\"https:\/\/spcdn.shortpixel.ai\/spio\/ret_img,q_cdnize,to_auto,s_webp:avif\/poesiaerestu.com\/revista\/wp-content\/uploads\/2009\/03\/en-nuestra-piel-212x300.jpg\" alt=\"en-nuestra-piel\" width=\"212\" height=\"300\" srcset=\"https:\/\/spcdn.shortpixel.ai\/spio\/ret_img,q_cdnize,to_auto,s_webp:avif\/poesiaerestu.com\/revista\/wp-content\/uploads\/2009\/03\/en-nuestra-piel-212x300.jpg 212w, https:\/\/spcdn.shortpixel.ai\/spio\/ret_img,q_cdnize,to_auto,s_webp:avif\/poesiaerestu.com\/revista\/wp-content\/uploads\/2009\/03\/en-nuestra-piel-724x1024.jpg 724w, https:\/\/spcdn.shortpixel.ai\/spio\/ret_img,q_cdnize,to_auto,s_webp:avif\/poesiaerestu.com\/revista\/wp-content\/uploads\/2009\/03\/en-nuestra-piel-600x849.jpg 600w, https:\/\/spcdn.shortpixel.ai\/spio\/ret_img,q_cdnize,to_auto,s_webp:avif\/poesiaerestu.com\/revista\/wp-content\/uploads\/2009\/03\/en-nuestra-piel-768x1086.jpg 768w, https:\/\/spcdn.shortpixel.ai\/spio\/ret_img,q_cdnize,to_auto,s_webp:avif\/poesiaerestu.com\/revista\/wp-content\/uploads\/2009\/03\/en-nuestra-piel-42x60.jpg 42w, https:\/\/spcdn.shortpixel.ai\/spio\/ret_img,q_cdnize,to_auto,s_webp:avif\/poesiaerestu.com\/revista\/wp-content\/uploads\/2009\/03\/en-nuestra-piel.jpg 842w\" sizes=\"auto, (max-width: 212px) 100vw, 212px\" \/><\/p>\n<p class=\"MsoNormal\" style=\"margin: 0cm 0cm 0pt;\"><span style=\"font-family: Times New Roman; font-size: small;\">No pod\u00edamos dejar escapar el d\u00ed\u00ada mundial de la poes\u00eda, sab\u00ed\u00adamos que \u00edbamos a ser pocos por aquello del puente de San Jos\u00e9, quer\u00edamos un ambiente \u00ed\u00adntimo y lo conseguimos. Se alzaron las voces primero la de Paco Bello, acompa\u00f1ado de su m\u00fasica nos recito por primera vez poemas de su libro Buenos d\u00edas, Don Plet\u00f3rico, despu\u00e9s la de Mayte S\u00e1nchez Sempere recitando a Gloria Fuertes, la desgastada voz de Javier P\u00c9REZ-AYALA rindi\u00f3 homenaje a \u00c1ngel Gonzalez, poco a poco las voces se fueron animando, David Domi\u00adnguez entre otros, le recit\u00e1 un poema a Susana. La noche se prolongo durante mucho tiempo y una nueva voz se sumo la de Patty de Frutos una de las creadoras de la asociaci\u00f3n cultural La vida rima que acompa\u00f1ada de una guitarra nos dio una gran sorpresa a todos los que qued\u00e1bamos.<\/span><\/p>\n","protected":false},"excerpt":{"rendered":"<p>No pod\u00edamos dejar escapar el d\u00ed\u00ada mundial de la poes\u00eda, sab\u00ed\u00adamos que \u00edbamos a ser pocos por aquello del puente de San Jos\u00e9, quer\u00edamos un ambiente \u00ed\u00adntimo y lo conseguimos. Se alzaron las voces primero la de Paco Bello, acompa\u00f1ado de su m\u00fasica nos recito por primera vez poemas de su libro Buenos d\u00edas, Don&#8230;<\/p>\n","protected":false},"author":1,"featured_media":173,"comment_status":"open","ping_status":"open","sticky":false,"template":"","format":"standard","meta":{"footnotes":"","_links_to":"","_links_to_target":""},"categories":[8],"tags":[],"class_list":["post-172","post","type-post","status-publish","format-standard","has-post-thumbnail","hentry","category-eventos"],"yoast_head":"<!-- This site is optimized with the Yoast SEO Premium plugin v24.7 (Yoast SEO v27.5) - https:\/\/yoast.com\/product\/yoast-seo-premium-wordpress\/ -->\n<title>21 Marzo Celebramos el d\u00eda Mundial de la Poes\u00eda con un recital<\/title>\n<meta name=\"description\" content=\"No pod\u00edamos dejar escapar el d\u00ed\u00ada mundial de la poes\u00eda, sab\u00ed\u00adamos que \u00edbamos a ser pocos por aquello del puente de San Jos\u00e9, quer\u00edamos un ambiente \u00ed\u00ad\" \/>\n<meta name=\"robots\" content=\"index, follow, max-snippet:-1, max-image-preview:large, max-video-preview:-1\" \/>\n<link rel=\"canonical\" href=\"https:\/\/poesiaerestu.com\/revista\/21-marzo-celebramos-el-dia-mundial-de-la-poesia-con-un-recital\/\" \/>\n<meta name=\"twitter:label1\" content=\"Written by\" \/>\n\t<meta name=\"twitter:data1\" content=\"admin\" \/>\n\t<meta name=\"twitter:label2\" content=\"Est. reading time\" \/>\n\t<meta name=\"twitter:data2\" content=\"1 minute\" \/>\n<script type=\"application\/ld+json\" class=\"yoast-schema-graph\">{\"@context\":\"https:\\\/\\\/schema.org\",\"@graph\":[{\"@type\":\"Article\",\"@id\":\"https:\\\/\\\/poesiaerestu.com\\\/revista\\\/21-marzo-celebramos-el-dia-mundial-de-la-poesia-con-un-recital\\\/#article\",\"isPartOf\":{\"@id\":\"https:\\\/\\\/poesiaerestu.com\\\/revista\\\/21-marzo-celebramos-el-dia-mundial-de-la-poesia-con-un-recital\\\/\"},\"author\":{\"name\":\"admin\",\"@id\":\"https:\\\/\\\/poesiaerestu.com\\\/revista\\\/#\\\/schema\\\/person\\\/fcb1a2122be3810bfdd0c071b4b3e9c4\"},\"headline\":\"21 Marzo Celebramos el d\u00eda Mundial de la Poes\u00eda con un recital\",\"datePublished\":\"2009-03-24T07:32:05+00:00\",\"dateModified\":\"2009-08-12T14:50:01+00:00\",\"mainEntityOfPage\":{\"@id\":\"https:\\\/\\\/poesiaerestu.com\\\/revista\\\/21-marzo-celebramos-el-dia-mundial-de-la-poesia-con-un-recital\\\/\"},\"wordCount\":168,\"commentCount\":0,\"image\":{\"@id\":\"https:\\\/\\\/poesiaerestu.com\\\/revista\\\/21-marzo-celebramos-el-dia-mundial-de-la-poesia-con-un-recital\\\/#primaryimage\"},\"thumbnailUrl\":\"https:\\\/\\\/poesiaerestu.com\\\/revista\\\/wp-content\\\/uploads\\\/2009\\\/03\\\/en-nuestra-piel.jpg\",\"articleSection\":[\"Eventos\"],\"inLanguage\":\"en-US\",\"copyrightYear\":\"2009\",\"copyrightHolder\":{\"@id\":\"https:\\\/\\\/poesiaerestu.com\\\/revista\\\/#organization\"}},{\"@type\":\"WebPage\",\"@id\":\"https:\\\/\\\/poesiaerestu.com\\\/revista\\\/21-marzo-celebramos-el-dia-mundial-de-la-poesia-con-un-recital\\\/\",\"url\":\"https:\\\/\\\/poesiaerestu.com\\\/revista\\\/21-marzo-celebramos-el-dia-mundial-de-la-poesia-con-un-recital\\\/\",\"name\":\"21 Marzo Celebramos el d\u00eda Mundial de la Poes\u00eda con un recital\",\"isPartOf\":{\"@id\":\"https:\\\/\\\/poesiaerestu.com\\\/revista\\\/#website\"},\"primaryImageOfPage\":{\"@id\":\"https:\\\/\\\/poesiaerestu.com\\\/revista\\\/21-marzo-celebramos-el-dia-mundial-de-la-poesia-con-un-recital\\\/#primaryimage\"},\"image\":{\"@id\":\"https:\\\/\\\/poesiaerestu.com\\\/revista\\\/21-marzo-celebramos-el-dia-mundial-de-la-poesia-con-un-recital\\\/#primaryimage\"},\"thumbnailUrl\":\"https:\\\/\\\/poesiaerestu.com\\\/revista\\\/wp-content\\\/uploads\\\/2009\\\/03\\\/en-nuestra-piel.jpg\",\"datePublished\":\"2009-03-24T07:32:05+00:00\",\"dateModified\":\"2009-08-12T14:50:01+00:00\",\"author\":{\"@id\":\"https:\\\/\\\/poesiaerestu.com\\\/revista\\\/#\\\/schema\\\/person\\\/fcb1a2122be3810bfdd0c071b4b3e9c4\"},\"description\":\"No pod\u00edamos dejar escapar el d\u00ed\u00ada mundial de la poes\u00eda, sab\u00ed\u00adamos que \u00edbamos a ser pocos por aquello del puente de San Jos\u00e9, quer\u00edamos un ambiente \u00ed\u00ad\",\"breadcrumb\":{\"@id\":\"https:\\\/\\\/poesiaerestu.com\\\/revista\\\/21-marzo-celebramos-el-dia-mundial-de-la-poesia-con-un-recital\\\/#breadcrumb\"},\"inLanguage\":\"en-US\",\"potentialAction\":[{\"@type\":\"ReadAction\",\"target\":[\"https:\\\/\\\/poesiaerestu.com\\\/revista\\\/21-marzo-celebramos-el-dia-mundial-de-la-poesia-con-un-recital\\\/\"]}]},{\"@type\":\"ImageObject\",\"inLanguage\":\"en-US\",\"@id\":\"https:\\\/\\\/poesiaerestu.com\\\/revista\\\/21-marzo-celebramos-el-dia-mundial-de-la-poesia-con-un-recital\\\/#primaryimage\",\"url\":\"https:\\\/\\\/poesiaerestu.com\\\/revista\\\/wp-content\\\/uploads\\\/2009\\\/03\\\/en-nuestra-piel.jpg\",\"contentUrl\":\"https:\\\/\\\/poesiaerestu.com\\\/revista\\\/wp-content\\\/uploads\\\/2009\\\/03\\\/en-nuestra-piel.jpg\",\"width\":842,\"height\":1191},{\"@type\":\"BreadcrumbList\",\"@id\":\"https:\\\/\\\/poesiaerestu.com\\\/revista\\\/21-marzo-celebramos-el-dia-mundial-de-la-poesia-con-un-recital\\\/#breadcrumb\",\"itemListElement\":[{\"@type\":\"ListItem\",\"position\":1,\"name\":\"Home\",\"item\":\"https:\\\/\\\/poesiaerestu.com\\\/revista\\\/\"},{\"@type\":\"ListItem\",\"position\":2,\"name\":\"21 Marzo Celebramos el d\u00eda Mundial de la Poes\u00eda con un recital\"}]},{\"@type\":\"WebSite\",\"@id\":\"https:\\\/\\\/poesiaerestu.com\\\/revista\\\/#website\",\"url\":\"https:\\\/\\\/poesiaerestu.com\\\/revista\\\/\",\"name\":\"Poes\u00ed\u00ada eres t\u00fa (revista)\",\"description\":\"Revista de poes\u00eda y literatura\",\"potentialAction\":[{\"@type\":\"SearchAction\",\"target\":{\"@type\":\"EntryPoint\",\"urlTemplate\":\"https:\\\/\\\/poesiaerestu.com\\\/revista\\\/?s={search_term_string}\"},\"query-input\":{\"@type\":\"PropertyValueSpecification\",\"valueRequired\":true,\"valueName\":\"search_term_string\"}}],\"inLanguage\":\"en-US\"},{\"@type\":\"Person\",\"@id\":\"https:\\\/\\\/poesiaerestu.com\\\/revista\\\/#\\\/schema\\\/person\\\/fcb1a2122be3810bfdd0c071b4b3e9c4\",\"name\":\"admin\",\"image\":{\"@type\":\"ImageObject\",\"inLanguage\":\"en-US\",\"@id\":\"https:\\\/\\\/secure.gravatar.com\\\/avatar\\\/1cb55a5bd8d6824519e46b552e84b03575857cc9c4d6333824d2f95d82129f50?s=96&d=mm&r=g\",\"url\":\"https:\\\/\\\/secure.gravatar.com\\\/avatar\\\/1cb55a5bd8d6824519e46b552e84b03575857cc9c4d6333824d2f95d82129f50?s=96&d=mm&r=g\",\"contentUrl\":\"https:\\\/\\\/secure.gravatar.com\\\/avatar\\\/1cb55a5bd8d6824519e46b552e84b03575857cc9c4d6333824d2f95d82129f50?s=96&d=mm&r=g\",\"caption\":\"admin\"},\"url\":\"https:\\\/\\\/poesiaerestu.com\\\/revista\\\/author\\\/admin\\\/\"}]}<\/script>\n<!-- \/ Yoast SEO Premium plugin. -->","yoast_head_json":{"title":"21 Marzo Celebramos el d\u00eda Mundial de la Poes\u00eda con un recital","description":"No pod\u00edamos dejar escapar el d\u00ed\u00ada mundial de la poes\u00eda, sab\u00ed\u00adamos que \u00edbamos a ser pocos por aquello del puente de San Jos\u00e9, quer\u00edamos un ambiente \u00ed\u00ad","robots":{"index":"index","follow":"follow","max-snippet":"max-snippet:-1","max-image-preview":"max-image-preview:large","max-video-preview":"max-video-preview:-1"},"canonical":"https:\/\/poesiaerestu.com\/revista\/21-marzo-celebramos-el-dia-mundial-de-la-poesia-con-un-recital\/","twitter_misc":{"Written by":"admin","Est. reading time":"1 minute"},"schema":{"@context":"https:\/\/schema.org","@graph":[{"@type":"Article","@id":"https:\/\/poesiaerestu.com\/revista\/21-marzo-celebramos-el-dia-mundial-de-la-poesia-con-un-recital\/#article","isPartOf":{"@id":"https:\/\/poesiaerestu.com\/revista\/21-marzo-celebramos-el-dia-mundial-de-la-poesia-con-un-recital\/"},"author":{"name":"admin","@id":"https:\/\/poesiaerestu.com\/revista\/#\/schema\/person\/fcb1a2122be3810bfdd0c071b4b3e9c4"},"headline":"21 Marzo Celebramos el d\u00eda Mundial de la Poes\u00eda con un recital","datePublished":"2009-03-24T07:32:05+00:00","dateModified":"2009-08-12T14:50:01+00:00","mainEntityOfPage":{"@id":"https:\/\/poesiaerestu.com\/revista\/21-marzo-celebramos-el-dia-mundial-de-la-poesia-con-un-recital\/"},"wordCount":168,"commentCount":0,"image":{"@id":"https:\/\/poesiaerestu.com\/revista\/21-marzo-celebramos-el-dia-mundial-de-la-poesia-con-un-recital\/#primaryimage"},"thumbnailUrl":"https:\/\/poesiaerestu.com\/revista\/wp-content\/uploads\/2009\/03\/en-nuestra-piel.jpg","articleSection":["Eventos"],"inLanguage":"en-US","copyrightYear":"2009","copyrightHolder":{"@id":"https:\/\/poesiaerestu.com\/revista\/#organization"}},{"@type":"WebPage","@id":"https:\/\/poesiaerestu.com\/revista\/21-marzo-celebramos-el-dia-mundial-de-la-poesia-con-un-recital\/","url":"https:\/\/poesiaerestu.com\/revista\/21-marzo-celebramos-el-dia-mundial-de-la-poesia-con-un-recital\/","name":"21 Marzo Celebramos el d\u00eda Mundial de la Poes\u00eda con un recital","isPartOf":{"@id":"https:\/\/poesiaerestu.com\/revista\/#website"},"primaryImageOfPage":{"@id":"https:\/\/poesiaerestu.com\/revista\/21-marzo-celebramos-el-dia-mundial-de-la-poesia-con-un-recital\/#primaryimage"},"image":{"@id":"https:\/\/poesiaerestu.com\/revista\/21-marzo-celebramos-el-dia-mundial-de-la-poesia-con-un-recital\/#primaryimage"},"thumbnailUrl":"https:\/\/poesiaerestu.com\/revista\/wp-content\/uploads\/2009\/03\/en-nuestra-piel.jpg","datePublished":"2009-03-24T07:32:05+00:00","dateModified":"2009-08-12T14:50:01+00:00","author":{"@id":"https:\/\/poesiaerestu.com\/revista\/#\/schema\/person\/fcb1a2122be3810bfdd0c071b4b3e9c4"},"description":"No pod\u00edamos dejar escapar el d\u00ed\u00ada mundial de la poes\u00eda, sab\u00ed\u00adamos que \u00edbamos a ser pocos por aquello del puente de San Jos\u00e9, quer\u00edamos un ambiente \u00ed\u00ad","breadcrumb":{"@id":"https:\/\/poesiaerestu.com\/revista\/21-marzo-celebramos-el-dia-mundial-de-la-poesia-con-un-recital\/#breadcrumb"},"inLanguage":"en-US","potentialAction":[{"@type":"ReadAction","target":["https:\/\/poesiaerestu.com\/revista\/21-marzo-celebramos-el-dia-mundial-de-la-poesia-con-un-recital\/"]}]},{"@type":"ImageObject","inLanguage":"en-US","@id":"https:\/\/poesiaerestu.com\/revista\/21-marzo-celebramos-el-dia-mundial-de-la-poesia-con-un-recital\/#primaryimage","url":"https:\/\/poesiaerestu.com\/revista\/wp-content\/uploads\/2009\/03\/en-nuestra-piel.jpg","contentUrl":"https:\/\/poesiaerestu.com\/revista\/wp-content\/uploads\/2009\/03\/en-nuestra-piel.jpg","width":842,"height":1191},{"@type":"BreadcrumbList","@id":"https:\/\/poesiaerestu.com\/revista\/21-marzo-celebramos-el-dia-mundial-de-la-poesia-con-un-recital\/#breadcrumb","itemListElement":[{"@type":"ListItem","position":1,"name":"Home","item":"https:\/\/poesiaerestu.com\/revista\/"},{"@type":"ListItem","position":2,"name":"21 Marzo Celebramos el d\u00eda Mundial de la Poes\u00eda con un recital"}]},{"@type":"WebSite","@id":"https:\/\/poesiaerestu.com\/revista\/#website","url":"https:\/\/poesiaerestu.com\/revista\/","name":"Poes\u00ed\u00ada eres t\u00fa (revista)","description":"Revista de poes\u00eda y literatura","potentialAction":[{"@type":"SearchAction","target":{"@type":"EntryPoint","urlTemplate":"https:\/\/poesiaerestu.com\/revista\/?s={search_term_string}"},"query-input":{"@type":"PropertyValueSpecification","valueRequired":true,"valueName":"search_term_string"}}],"inLanguage":"en-US"},{"@type":"Person","@id":"https:\/\/poesiaerestu.com\/revista\/#\/schema\/person\/fcb1a2122be3810bfdd0c071b4b3e9c4","name":"admin","image":{"@type":"ImageObject","inLanguage":"en-US","@id":"https:\/\/secure.gravatar.com\/avatar\/1cb55a5bd8d6824519e46b552e84b03575857cc9c4d6333824d2f95d82129f50?s=96&d=mm&r=g","url":"https:\/\/secure.gravatar.com\/avatar\/1cb55a5bd8d6824519e46b552e84b03575857cc9c4d6333824d2f95d82129f50?s=96&d=mm&r=g","contentUrl":"https:\/\/secure.gravatar.com\/avatar\/1cb55a5bd8d6824519e46b552e84b03575857cc9c4d6333824d2f95d82129f50?s=96&d=mm&r=g","caption":"admin"},"url":"https:\/\/poesiaerestu.com\/revista\/author\/admin\/"}]}},"_links":{"self":[{"href":"https:\/\/poesiaerestu.com\/revista\/wp-json\/wp\/v2\/posts\/172","targetHints":{"allow":["GET"]}}],"collection":[{"href":"https:\/\/poesiaerestu.com\/revista\/wp-json\/wp\/v2\/posts"}],"about":[{"href":"https:\/\/poesiaerestu.com\/revista\/wp-json\/wp\/v2\/types\/post"}],"author":[{"embeddable":true,"href":"https:\/\/poesiaerestu.com\/revista\/wp-json\/wp\/v2\/users\/1"}],"replies":[{"embeddable":true,"href":"https:\/\/poesiaerestu.com\/revista\/wp-json\/wp\/v2\/comments?post=172"}],"version-history":[{"count":0,"href":"https:\/\/poesiaerestu.com\/revista\/wp-json\/wp\/v2\/posts\/172\/revisions"}],"wp:featuredmedia":[{"embeddable":true,"href":"https:\/\/poesiaerestu.com\/revista\/wp-json\/wp\/v2\/media\/173"}],"wp:attachment":[{"href":"https:\/\/poesiaerestu.com\/revista\/wp-json\/wp\/v2\/media?parent=172"}],"wp:term":[{"taxonomy":"category","embeddable":true,"href":"https:\/\/poesiaerestu.com\/revista\/wp-json\/wp\/v2\/categories?post=172"},{"taxonomy":"post_tag","embeddable":true,"href":"https:\/\/poesiaerestu.com\/revista\/wp-json\/wp\/v2\/tags?post=172"}],"curies":[{"name":"wp","href":"https:\/\/api.w.org\/{rel}","templated":true}]}}