{"id":1547,"date":"2017-04-14T11:00:10","date_gmt":"2017-04-14T09:00:10","guid":{"rendered":"http:\/\/www.poesiaerestu.com\/revista\/?p=1547"},"modified":"2017-10-01T22:45:13","modified_gmt":"2017-10-01T20:45:13","slug":"frida-munoz-plaza-es-ahora-cuando-arte-minoritario-poesia-esta-creciendo-una-gran-escala","status":"publish","type":"post","link":"https:\/\/poesiaerestu.com\/revista\/frida-munoz-plaza-es-ahora-cuando-arte-minoritario-poesia-esta-creciendo-una-gran-escala\/","title":{"rendered":"Frida Mu\u00f1oz Plaza: &#8220;es ahora cuando el arte minoritario de la poes\u00eda est\u00e1 creciendo a una gran escala&#8221;"},"content":{"rendered":"<p><img loading=\"lazy\" decoding=\"async\" class=\"aligncenter wp-image-1548\" src=\"https:\/\/spcdn.shortpixel.ai\/spio\/ret_img,q_cdnize,to_auto,s_webp:avif\/poesiaerestu.com\/revista\/wp-content\/uploads\/2017\/04\/FichaAutor-1024x725.jpg\" alt=\"\" width=\"672\" height=\"476\" srcset=\"https:\/\/spcdn.shortpixel.ai\/spio\/ret_img,q_cdnize,to_auto,s_webp:avif\/poesiaerestu.com\/revista\/wp-content\/uploads\/2017\/04\/FichaAutor-1024x725.jpg 1024w, https:\/\/spcdn.shortpixel.ai\/spio\/ret_img,q_cdnize,to_auto,s_webp:avif\/poesiaerestu.com\/revista\/wp-content\/uploads\/2017\/04\/FichaAutor-300x212.jpg 300w, https:\/\/spcdn.shortpixel.ai\/spio\/ret_img,q_cdnize,to_auto,s_webp:avif\/poesiaerestu.com\/revista\/wp-content\/uploads\/2017\/04\/FichaAutor-600x425.jpg 600w, https:\/\/spcdn.shortpixel.ai\/spio\/ret_img,q_cdnize,to_auto,s_webp:avif\/poesiaerestu.com\/revista\/wp-content\/uploads\/2017\/04\/FichaAutor-768x544.jpg 768w, https:\/\/spcdn.shortpixel.ai\/spio\/ret_img,q_cdnize,to_auto,s_webp:avif\/poesiaerestu.com\/revista\/wp-content\/uploads\/2017\/04\/FichaAutor-85x60.jpg 85w, https:\/\/spcdn.shortpixel.ai\/spio\/ret_img,q_cdnize,to_auto,s_webp:avif\/poesiaerestu.com\/revista\/wp-content\/uploads\/2017\/04\/FichaAutor-scaled.jpg 1447w\" sizes=\"auto, (max-width: 672px) 100vw, 672px\" \/><\/p>\n<p><em>Lo humano del ser no es ser humano<\/em> es el segundo trabajo de Frida Mu\u00f1oz Plaza despu\u00e9s de <em>Mi ignorancia sobre los kil\u00f3metros de tu cuerpo<\/em> y afianza a la joven autora con un trabajo constante y muy maduro dentro de una nueva generaci\u00f3n que comienza a despuntar.<\/p>\n<ol>\n<li><strong> Es inevitable preguntarte por el t\u00edtulo de tu poemario <em>Lo humano del ser es no ser humano<\/em>. \u00bfQu\u00e9 has querido trasmitir con este t\u00edtulo?<\/strong><\/li>\n<\/ol>\n<p>R.-El t\u00edtulo desde un principio lo puse acorde con la portada del libro, en la que aparece la imagen de una mujer y un hombre separados con la ciudad en ruinas a sus espaldas. Quise transmitir tanto con la portada como con el t\u00edtulo que el hecho de ser humano no implica que nos comportemos con humanidad o simplemente que nuestra actitud sea como debe ser: humana. Lo humano del ser no tiene concordancia con que seamos seres humanos, puesto que son conceptos completamente diferentes por las acciones que llevamos a cabo y que denigran la humanidad con la que deber\u00edamos actuar.<\/p>\n<p><strong>P.- Al principio de tu poemario en una introducci\u00f3n que haces al lector, hablas de un tigre y de las opciones que tiene una persona que se encuentra frente a la fiera. \u00bfQu\u00e9 has querido decir con esta analog\u00eda?<\/strong><\/p>\n<p>R.-Mi mensaje con esa analog\u00eda era querer hacer ver que muchas veces nos vamos a topar con malas situaciones o grandes problemas y los represent\u00e9 con el tigre. Tal puede ser nuestro bloqueo ante dichas situaciones azarosas que no sabemos ni c\u00f3mo actuar, teniendo como opci\u00f3n huir del problema o enfrentarte a \u00e9l. Sin embargo, si decides enfrentarte, no sabes c\u00f3mo saldr\u00e1s de esa lucha. Al final de la analog\u00eda coment\u00e9 que huir y tapar no significa sanar, por lo que opin\u00e9 que a pesar de la incertidumbre del resultado, lo mejor es enfrentarse y arriesgar todo; aunque ni siquiera sabemos c\u00f3mo actuar\u00edamos hasta que no estemos delante de ello.<\/p>\n<p><strong>P.- \u00bfQu\u00e9 ha cambiado en <em>Lo humano del ser no es ser humano<\/em> frente a tu anterior libro <em>Mi ignorancia sobre los kil\u00f3metros de tu cuerpo<\/em>?<\/strong><\/p>\n<p>R.-En mi opini\u00f3n, el mayor cambio que ha habido entre esos dos libros ha sido el que he tenido yo como persona y el que he experimentado a la hora de escribir. El primer libro es un libro bastante triste, en el que sobre todo me baso en vivencias propias y donde busco en los versos una v\u00eda de escape para poder huir de dicha tristeza. Sin embargo, el segundo libro es todo lo contrario, porque a pesar de que tambi\u00e9n relato experiencias que he vivido, la tem\u00e1tica es muy variada y me centro m\u00e1s en la denuncia de sucesos que ocurren actualmente.<\/p>\n<p><strong>P.- Podr\u00edamos clasificar tu poes\u00eda como una poes\u00eda realista ya que en ella aparecen muchas vivencias. \u00bfCrees que la poes\u00eda aparte de con palabras tambi\u00e9n se escribe con la vida?<\/strong><\/p>\n<p>R.-Creo sinceramente que no se puede escribir la poes\u00eda solamente con palabras. La poes\u00eda y la vida son conceptos que van totalmente unidos, porque forman parte uno del otro. La poes\u00eda la forman las palabras, pero es la vida y somos nosotros los que le damos forma a ella y quienes decidimos si escribirla o dejarla de lado. Una poes\u00eda de verdad siempre tendr\u00e1 el pensamiento o la vivencia del autor\/a como trasfondo; si es solo escrita con palabras carece de sentimiento verdadero.<\/p>\n<p><strong>P.- Tu poemario est\u00e1 dividido en tres secciones \u201cPret\u00e9rito imperfecto\u201d, \u201cAterrizando en un hoy\u201d, \u201cTomorrowland\u201d. \u00bfEstas secciones vienen dadas porque tus poemas est\u00e1n escritos en momentos distintos o es una clasificaci\u00f3n de tus poemas?<\/strong><\/p>\n<p>R.-Cada poema lo escrib\u00ed en un momento determinado, pero las secciones por las que est\u00e1n divididos es porque decid\u00ed clasificarlos en orden cronol\u00f3gico de experiencias, es decir, por haber escrito un poema antes que el otro. Quer\u00eda que el libro fuese para el lector una peque\u00f1a historia basada en poemas colocados en orden, para dar a entender que la intenci\u00f3n del poemario en s\u00ed es una historia en forma de versos.<\/p>\n<p><strong>P.- Muchas veces tus poemas parecen reflexiones profundas de actos cotidianos o relaciones humanas. \u00bfSirve la poes\u00eda para profundizar en la importancia de nuestro d\u00eda a d\u00eda?<\/strong><\/p>\n<p>R.-Por supuesto. Una de las mayores virtudes de la poes\u00eda en general es que puedes utilizarla para profundizar del tema que desees y darle la intenci\u00f3n que quieras. Muchas veces utilizo los poemas para reflexionar sobre los acontecimientos que se dan d\u00eda a d\u00eda y para que nos concienciemos de lo que de verdad est\u00e1 ocurriendo. La denuncia sobre actos injustos y sobre la importancia de los mismos es un tema que la poes\u00eda se encarga perfectamente de aludir por la manera y por la intenci\u00f3n que tiene el autor\/a de utilizarla.<\/p>\n<p><strong>P.- Por ultimo quer\u00edamos preguntarte \u00bfQu\u00e9 te parece el panorama de la poes\u00eda de hoy? \u00bfCrees que hay esperanza para que la poes\u00eda deje de ser un arte minoritario?<\/strong><\/p>\n<p>R.-\u00daltimamente la poes\u00eda est\u00e1 cobrando much\u00edsima importancia y son bastantes las personas que escriben y que se hacen famosas a trav\u00e9s de las redes sociales a causa de los poemas que publican que llama la atenci\u00f3n a la gente. Poco a poco va siendo m\u00e1s reconocido el arte en t\u00e9rminos generales y cada vez es m\u00e1s gente la que est\u00e1 interesada en la poes\u00eda y en la escritura. A pesar de que siempre ha sido muy valorada, es ahora cuando el arte minoritario de la poes\u00eda est\u00e1 creciendo a una gran escala, aunque poco a poco.<\/p>\n","protected":false},"excerpt":{"rendered":"<p>Lo humano del ser no es ser humano es el segundo trabajo de Frida Mu\u00f1oz Plaza despu\u00e9s de Mi ignorancia sobre los kil\u00f3metros de tu cuerpo y afianza a la joven autora con un trabajo constante y muy maduro dentro de una nueva generaci\u00f3n que comienza a despuntar. Es inevitable preguntarte por el t\u00edtulo de&#8230;<\/p>\n","protected":false},"author":1,"featured_media":1548,"comment_status":"closed","ping_status":"closed","sticky":false,"template":"","format":"standard","meta":{"footnotes":"","_links_to":"","_links_to_target":""},"categories":[4],"tags":[],"class_list":["post-1547","post","type-post","status-publish","format-standard","has-post-thumbnail","hentry","category-entrevistas"],"yoast_head":"<!-- This site is optimized with the Yoast SEO Premium plugin v24.7 (Yoast SEO v27.5) - https:\/\/yoast.com\/product\/yoast-seo-premium-wordpress\/ -->\n<title>Frida Mu\u00f1oz Plaza: &quot;es ahora cuando el arte minoritario de la poes\u00eda est\u00e1 creciendo a una gran escala&quot; - Poes\u00ed\u00ada eres t\u00fa (revista)<\/title>\n<meta name=\"robots\" content=\"index, follow, max-snippet:-1, max-image-preview:large, max-video-preview:-1\" \/>\n<link rel=\"canonical\" href=\"https:\/\/poesiaerestu.com\/revista\/frida-munoz-plaza-es-ahora-cuando-arte-minoritario-poesia-esta-creciendo-una-gran-escala\/\" \/>\n<meta name=\"twitter:label1\" content=\"Written by\" \/>\n\t<meta name=\"twitter:data1\" content=\"admin\" \/>\n\t<meta name=\"twitter:label2\" content=\"Est. reading time\" \/>\n\t<meta name=\"twitter:data2\" content=\"5 minutes\" \/>\n<script type=\"application\/ld+json\" class=\"yoast-schema-graph\">{\"@context\":\"https:\\\/\\\/schema.org\",\"@graph\":[{\"@type\":\"Article\",\"@id\":\"https:\\\/\\\/poesiaerestu.com\\\/revista\\\/frida-munoz-plaza-es-ahora-cuando-arte-minoritario-poesia-esta-creciendo-una-gran-escala\\\/#article\",\"isPartOf\":{\"@id\":\"https:\\\/\\\/poesiaerestu.com\\\/revista\\\/frida-munoz-plaza-es-ahora-cuando-arte-minoritario-poesia-esta-creciendo-una-gran-escala\\\/\"},\"author\":{\"name\":\"admin\",\"@id\":\"https:\\\/\\\/poesiaerestu.com\\\/revista\\\/#\\\/schema\\\/person\\\/fcb1a2122be3810bfdd0c071b4b3e9c4\"},\"headline\":\"Frida Mu\u00f1oz Plaza: &#8220;es ahora cuando el arte minoritario de la poes\u00eda est\u00e1 creciendo a una gran escala&#8221;\",\"datePublished\":\"2017-04-14T09:00:10+00:00\",\"dateModified\":\"2017-10-01T20:45:13+00:00\",\"mainEntityOfPage\":{\"@id\":\"https:\\\/\\\/poesiaerestu.com\\\/revista\\\/frida-munoz-plaza-es-ahora-cuando-arte-minoritario-poesia-esta-creciendo-una-gran-escala\\\/\"},\"wordCount\":1013,\"image\":{\"@id\":\"https:\\\/\\\/poesiaerestu.com\\\/revista\\\/frida-munoz-plaza-es-ahora-cuando-arte-minoritario-poesia-esta-creciendo-una-gran-escala\\\/#primaryimage\"},\"thumbnailUrl\":\"https:\\\/\\\/poesiaerestu.com\\\/revista\\\/wp-content\\\/uploads\\\/2017\\\/04\\\/FichaAutor-scaled.jpg\",\"articleSection\":[\"Entrevistas\"],\"inLanguage\":\"en-US\",\"copyrightYear\":\"2017\",\"copyrightHolder\":{\"@id\":\"https:\\\/\\\/poesiaerestu.com\\\/revista\\\/#organization\"}},{\"@type\":\"WebPage\",\"@id\":\"https:\\\/\\\/poesiaerestu.com\\\/revista\\\/frida-munoz-plaza-es-ahora-cuando-arte-minoritario-poesia-esta-creciendo-una-gran-escala\\\/\",\"url\":\"https:\\\/\\\/poesiaerestu.com\\\/revista\\\/frida-munoz-plaza-es-ahora-cuando-arte-minoritario-poesia-esta-creciendo-una-gran-escala\\\/\",\"name\":\"Frida Mu\u00f1oz Plaza: \\\"es ahora cuando el arte minoritario de la poes\u00eda est\u00e1 creciendo a una gran escala\\\" - Poes\u00ed\u00ada eres t\u00fa (revista)\",\"isPartOf\":{\"@id\":\"https:\\\/\\\/poesiaerestu.com\\\/revista\\\/#website\"},\"primaryImageOfPage\":{\"@id\":\"https:\\\/\\\/poesiaerestu.com\\\/revista\\\/frida-munoz-plaza-es-ahora-cuando-arte-minoritario-poesia-esta-creciendo-una-gran-escala\\\/#primaryimage\"},\"image\":{\"@id\":\"https:\\\/\\\/poesiaerestu.com\\\/revista\\\/frida-munoz-plaza-es-ahora-cuando-arte-minoritario-poesia-esta-creciendo-una-gran-escala\\\/#primaryimage\"},\"thumbnailUrl\":\"https:\\\/\\\/poesiaerestu.com\\\/revista\\\/wp-content\\\/uploads\\\/2017\\\/04\\\/FichaAutor-scaled.jpg\",\"datePublished\":\"2017-04-14T09:00:10+00:00\",\"dateModified\":\"2017-10-01T20:45:13+00:00\",\"author\":{\"@id\":\"https:\\\/\\\/poesiaerestu.com\\\/revista\\\/#\\\/schema\\\/person\\\/fcb1a2122be3810bfdd0c071b4b3e9c4\"},\"breadcrumb\":{\"@id\":\"https:\\\/\\\/poesiaerestu.com\\\/revista\\\/frida-munoz-plaza-es-ahora-cuando-arte-minoritario-poesia-esta-creciendo-una-gran-escala\\\/#breadcrumb\"},\"inLanguage\":\"en-US\",\"potentialAction\":[{\"@type\":\"ReadAction\",\"target\":[\"https:\\\/\\\/poesiaerestu.com\\\/revista\\\/frida-munoz-plaza-es-ahora-cuando-arte-minoritario-poesia-esta-creciendo-una-gran-escala\\\/\"]}]},{\"@type\":\"ImageObject\",\"inLanguage\":\"en-US\",\"@id\":\"https:\\\/\\\/poesiaerestu.com\\\/revista\\\/frida-munoz-plaza-es-ahora-cuando-arte-minoritario-poesia-esta-creciendo-una-gran-escala\\\/#primaryimage\",\"url\":\"https:\\\/\\\/poesiaerestu.com\\\/revista\\\/wp-content\\\/uploads\\\/2017\\\/04\\\/FichaAutor-scaled.jpg\",\"contentUrl\":\"https:\\\/\\\/poesiaerestu.com\\\/revista\\\/wp-content\\\/uploads\\\/2017\\\/04\\\/FichaAutor-scaled.jpg\",\"width\":1447,\"height\":1024},{\"@type\":\"BreadcrumbList\",\"@id\":\"https:\\\/\\\/poesiaerestu.com\\\/revista\\\/frida-munoz-plaza-es-ahora-cuando-arte-minoritario-poesia-esta-creciendo-una-gran-escala\\\/#breadcrumb\",\"itemListElement\":[{\"@type\":\"ListItem\",\"position\":1,\"name\":\"Home\",\"item\":\"https:\\\/\\\/poesiaerestu.com\\\/revista\\\/\"},{\"@type\":\"ListItem\",\"position\":2,\"name\":\"Frida Mu\u00f1oz Plaza: &#8220;es ahora cuando el arte minoritario de la poes\u00eda est\u00e1 creciendo a una gran escala&#8221;\"}]},{\"@type\":\"WebSite\",\"@id\":\"https:\\\/\\\/poesiaerestu.com\\\/revista\\\/#website\",\"url\":\"https:\\\/\\\/poesiaerestu.com\\\/revista\\\/\",\"name\":\"Poes\u00ed\u00ada eres t\u00fa (revista)\",\"description\":\"Revista de poes\u00eda y literatura\",\"potentialAction\":[{\"@type\":\"SearchAction\",\"target\":{\"@type\":\"EntryPoint\",\"urlTemplate\":\"https:\\\/\\\/poesiaerestu.com\\\/revista\\\/?s={search_term_string}\"},\"query-input\":{\"@type\":\"PropertyValueSpecification\",\"valueRequired\":true,\"valueName\":\"search_term_string\"}}],\"inLanguage\":\"en-US\"},{\"@type\":\"Person\",\"@id\":\"https:\\\/\\\/poesiaerestu.com\\\/revista\\\/#\\\/schema\\\/person\\\/fcb1a2122be3810bfdd0c071b4b3e9c4\",\"name\":\"admin\",\"image\":{\"@type\":\"ImageObject\",\"inLanguage\":\"en-US\",\"@id\":\"https:\\\/\\\/secure.gravatar.com\\\/avatar\\\/1cb55a5bd8d6824519e46b552e84b03575857cc9c4d6333824d2f95d82129f50?s=96&d=mm&r=g\",\"url\":\"https:\\\/\\\/secure.gravatar.com\\\/avatar\\\/1cb55a5bd8d6824519e46b552e84b03575857cc9c4d6333824d2f95d82129f50?s=96&d=mm&r=g\",\"contentUrl\":\"https:\\\/\\\/secure.gravatar.com\\\/avatar\\\/1cb55a5bd8d6824519e46b552e84b03575857cc9c4d6333824d2f95d82129f50?s=96&d=mm&r=g\",\"caption\":\"admin\"},\"url\":\"https:\\\/\\\/poesiaerestu.com\\\/revista\\\/author\\\/admin\\\/\"}]}<\/script>\n<!-- \/ Yoast SEO Premium plugin. -->","yoast_head_json":{"title":"Frida Mu\u00f1oz Plaza: \"es ahora cuando el arte minoritario de la poes\u00eda est\u00e1 creciendo a una gran escala\" - Poes\u00ed\u00ada eres t\u00fa (revista)","robots":{"index":"index","follow":"follow","max-snippet":"max-snippet:-1","max-image-preview":"max-image-preview:large","max-video-preview":"max-video-preview:-1"},"canonical":"https:\/\/poesiaerestu.com\/revista\/frida-munoz-plaza-es-ahora-cuando-arte-minoritario-poesia-esta-creciendo-una-gran-escala\/","twitter_misc":{"Written by":"admin","Est. reading time":"5 minutes"},"schema":{"@context":"https:\/\/schema.org","@graph":[{"@type":"Article","@id":"https:\/\/poesiaerestu.com\/revista\/frida-munoz-plaza-es-ahora-cuando-arte-minoritario-poesia-esta-creciendo-una-gran-escala\/#article","isPartOf":{"@id":"https:\/\/poesiaerestu.com\/revista\/frida-munoz-plaza-es-ahora-cuando-arte-minoritario-poesia-esta-creciendo-una-gran-escala\/"},"author":{"name":"admin","@id":"https:\/\/poesiaerestu.com\/revista\/#\/schema\/person\/fcb1a2122be3810bfdd0c071b4b3e9c4"},"headline":"Frida Mu\u00f1oz Plaza: &#8220;es ahora cuando el arte minoritario de la poes\u00eda est\u00e1 creciendo a una gran escala&#8221;","datePublished":"2017-04-14T09:00:10+00:00","dateModified":"2017-10-01T20:45:13+00:00","mainEntityOfPage":{"@id":"https:\/\/poesiaerestu.com\/revista\/frida-munoz-plaza-es-ahora-cuando-arte-minoritario-poesia-esta-creciendo-una-gran-escala\/"},"wordCount":1013,"image":{"@id":"https:\/\/poesiaerestu.com\/revista\/frida-munoz-plaza-es-ahora-cuando-arte-minoritario-poesia-esta-creciendo-una-gran-escala\/#primaryimage"},"thumbnailUrl":"https:\/\/poesiaerestu.com\/revista\/wp-content\/uploads\/2017\/04\/FichaAutor-scaled.jpg","articleSection":["Entrevistas"],"inLanguage":"en-US","copyrightYear":"2017","copyrightHolder":{"@id":"https:\/\/poesiaerestu.com\/revista\/#organization"}},{"@type":"WebPage","@id":"https:\/\/poesiaerestu.com\/revista\/frida-munoz-plaza-es-ahora-cuando-arte-minoritario-poesia-esta-creciendo-una-gran-escala\/","url":"https:\/\/poesiaerestu.com\/revista\/frida-munoz-plaza-es-ahora-cuando-arte-minoritario-poesia-esta-creciendo-una-gran-escala\/","name":"Frida Mu\u00f1oz Plaza: \"es ahora cuando el arte minoritario de la poes\u00eda est\u00e1 creciendo a una gran escala\" - Poes\u00ed\u00ada eres t\u00fa (revista)","isPartOf":{"@id":"https:\/\/poesiaerestu.com\/revista\/#website"},"primaryImageOfPage":{"@id":"https:\/\/poesiaerestu.com\/revista\/frida-munoz-plaza-es-ahora-cuando-arte-minoritario-poesia-esta-creciendo-una-gran-escala\/#primaryimage"},"image":{"@id":"https:\/\/poesiaerestu.com\/revista\/frida-munoz-plaza-es-ahora-cuando-arte-minoritario-poesia-esta-creciendo-una-gran-escala\/#primaryimage"},"thumbnailUrl":"https:\/\/poesiaerestu.com\/revista\/wp-content\/uploads\/2017\/04\/FichaAutor-scaled.jpg","datePublished":"2017-04-14T09:00:10+00:00","dateModified":"2017-10-01T20:45:13+00:00","author":{"@id":"https:\/\/poesiaerestu.com\/revista\/#\/schema\/person\/fcb1a2122be3810bfdd0c071b4b3e9c4"},"breadcrumb":{"@id":"https:\/\/poesiaerestu.com\/revista\/frida-munoz-plaza-es-ahora-cuando-arte-minoritario-poesia-esta-creciendo-una-gran-escala\/#breadcrumb"},"inLanguage":"en-US","potentialAction":[{"@type":"ReadAction","target":["https:\/\/poesiaerestu.com\/revista\/frida-munoz-plaza-es-ahora-cuando-arte-minoritario-poesia-esta-creciendo-una-gran-escala\/"]}]},{"@type":"ImageObject","inLanguage":"en-US","@id":"https:\/\/poesiaerestu.com\/revista\/frida-munoz-plaza-es-ahora-cuando-arte-minoritario-poesia-esta-creciendo-una-gran-escala\/#primaryimage","url":"https:\/\/poesiaerestu.com\/revista\/wp-content\/uploads\/2017\/04\/FichaAutor-scaled.jpg","contentUrl":"https:\/\/poesiaerestu.com\/revista\/wp-content\/uploads\/2017\/04\/FichaAutor-scaled.jpg","width":1447,"height":1024},{"@type":"BreadcrumbList","@id":"https:\/\/poesiaerestu.com\/revista\/frida-munoz-plaza-es-ahora-cuando-arte-minoritario-poesia-esta-creciendo-una-gran-escala\/#breadcrumb","itemListElement":[{"@type":"ListItem","position":1,"name":"Home","item":"https:\/\/poesiaerestu.com\/revista\/"},{"@type":"ListItem","position":2,"name":"Frida Mu\u00f1oz Plaza: &#8220;es ahora cuando el arte minoritario de la poes\u00eda est\u00e1 creciendo a una gran escala&#8221;"}]},{"@type":"WebSite","@id":"https:\/\/poesiaerestu.com\/revista\/#website","url":"https:\/\/poesiaerestu.com\/revista\/","name":"Poes\u00ed\u00ada eres t\u00fa (revista)","description":"Revista de poes\u00eda y literatura","potentialAction":[{"@type":"SearchAction","target":{"@type":"EntryPoint","urlTemplate":"https:\/\/poesiaerestu.com\/revista\/?s={search_term_string}"},"query-input":{"@type":"PropertyValueSpecification","valueRequired":true,"valueName":"search_term_string"}}],"inLanguage":"en-US"},{"@type":"Person","@id":"https:\/\/poesiaerestu.com\/revista\/#\/schema\/person\/fcb1a2122be3810bfdd0c071b4b3e9c4","name":"admin","image":{"@type":"ImageObject","inLanguage":"en-US","@id":"https:\/\/secure.gravatar.com\/avatar\/1cb55a5bd8d6824519e46b552e84b03575857cc9c4d6333824d2f95d82129f50?s=96&d=mm&r=g","url":"https:\/\/secure.gravatar.com\/avatar\/1cb55a5bd8d6824519e46b552e84b03575857cc9c4d6333824d2f95d82129f50?s=96&d=mm&r=g","contentUrl":"https:\/\/secure.gravatar.com\/avatar\/1cb55a5bd8d6824519e46b552e84b03575857cc9c4d6333824d2f95d82129f50?s=96&d=mm&r=g","caption":"admin"},"url":"https:\/\/poesiaerestu.com\/revista\/author\/admin\/"}]}},"_links":{"self":[{"href":"https:\/\/poesiaerestu.com\/revista\/wp-json\/wp\/v2\/posts\/1547","targetHints":{"allow":["GET"]}}],"collection":[{"href":"https:\/\/poesiaerestu.com\/revista\/wp-json\/wp\/v2\/posts"}],"about":[{"href":"https:\/\/poesiaerestu.com\/revista\/wp-json\/wp\/v2\/types\/post"}],"author":[{"embeddable":true,"href":"https:\/\/poesiaerestu.com\/revista\/wp-json\/wp\/v2\/users\/1"}],"replies":[{"embeddable":true,"href":"https:\/\/poesiaerestu.com\/revista\/wp-json\/wp\/v2\/comments?post=1547"}],"version-history":[{"count":0,"href":"https:\/\/poesiaerestu.com\/revista\/wp-json\/wp\/v2\/posts\/1547\/revisions"}],"wp:featuredmedia":[{"embeddable":true,"href":"https:\/\/poesiaerestu.com\/revista\/wp-json\/wp\/v2\/media\/1548"}],"wp:attachment":[{"href":"https:\/\/poesiaerestu.com\/revista\/wp-json\/wp\/v2\/media?parent=1547"}],"wp:term":[{"taxonomy":"category","embeddable":true,"href":"https:\/\/poesiaerestu.com\/revista\/wp-json\/wp\/v2\/categories?post=1547"},{"taxonomy":"post_tag","embeddable":true,"href":"https:\/\/poesiaerestu.com\/revista\/wp-json\/wp\/v2\/tags?post=1547"}],"curies":[{"name":"wp","href":"https:\/\/api.w.org\/{rel}","templated":true}]}}