{"id":1498,"date":"2016-10-02T13:30:59","date_gmt":"2016-10-02T11:30:59","guid":{"rendered":"http:\/\/www.poesiaerestu.com\/revista\/?p=1498"},"modified":"2016-10-02T13:31:48","modified_gmt":"2016-10-02T11:31:48","slug":"sueno-vida-manuel-julia-premio-asociacion-editores-poesia","status":"publish","type":"post","link":"https:\/\/poesiaerestu.com\/revista\/sueno-vida-manuel-julia-premio-asociacion-editores-poesia\/","title":{"rendered":"El sue\u00f1o de la vida, de Manuel Juli\u00e1.  Premio de la Asociaci\u00f3n de Editores de Poes\u00eda."},"content":{"rendered":"<h1 style=\"text-align: center;\"><strong><em>El sue\u00f1o de la vida<\/em><\/strong>, de Manuel Juli\u00e1<\/h1>\n<h1 style=\"text-align: center;\">Premio de la Asociaci\u00f3n de Editores de Poes\u00eda<\/h1>\n<p>&nbsp;<\/p>\n<p><img loading=\"lazy\" decoding=\"async\" class=\"aligncenter wp-image-1499\" src=\"https:\/\/spcdn.shortpixel.ai\/spio\/ret_img,q_cdnize,to_auto,s_webp:avif\/poesiaerestu.com\/revista\/wp-content\/uploads\/2016\/10\/elsuenodelavida-1018x1024.png\" alt=\"elsuenodelavida\" width=\"398\" height=\"400\" srcset=\"https:\/\/spcdn.shortpixel.ai\/spio\/ret_img,q_cdnize,to_auto,s_webp:avif\/poesiaerestu.com\/revista\/wp-content\/uploads\/2016\/10\/elsuenodelavida-1018x1024.png 1018w, https:\/\/spcdn.shortpixel.ai\/spio\/ret_img,q_cdnize,to_auto,s_webp:avif\/poesiaerestu.com\/revista\/wp-content\/uploads\/2016\/10\/elsuenodelavida-150x150.png 150w, https:\/\/spcdn.shortpixel.ai\/spio\/ret_img,q_cdnize,to_auto,s_webp:avif\/poesiaerestu.com\/revista\/wp-content\/uploads\/2016\/10\/elsuenodelavida-298x300.png 298w, https:\/\/spcdn.shortpixel.ai\/spio\/ret_img,q_cdnize,to_auto,s_webp:avif\/poesiaerestu.com\/revista\/wp-content\/uploads\/2016\/10\/elsuenodelavida-600x603.png 600w, https:\/\/spcdn.shortpixel.ai\/spio\/ret_img,q_cdnize,to_auto,s_webp:avif\/poesiaerestu.com\/revista\/wp-content\/uploads\/2016\/10\/elsuenodelavida-768x772.png 768w, https:\/\/spcdn.shortpixel.ai\/spio\/ret_img,q_cdnize,to_auto,s_webp:avif\/poesiaerestu.com\/revista\/wp-content\/uploads\/2016\/10\/elsuenodelavida-60x60.png 60w, https:\/\/spcdn.shortpixel.ai\/spio\/ret_img,q_cdnize,to_auto,s_webp:avif\/poesiaerestu.com\/revista\/wp-content\/uploads\/2016\/10\/elsuenodelavida.png 1024w\" sizes=\"auto, (max-width: 398px) 100vw, 398px\" \/><\/p>\n<p>&nbsp;<\/p>\n<p>Manuel Juli\u00e1, poeta castellano manchego nacido en Puertollano y su obra <em>El sue\u00f1o de la vida (<\/em>Ediciones Hiperi\u00f3n, 2015<em>)<\/em>, ha resultado ganadora del premio que la Asociaci\u00f3n de Editores de Poes\u00eda concede al mejor poemario editado en 2015.<\/p>\n<p>&nbsp;<\/p>\n<p>El premio de la Asociaci\u00f3n de Editores de Poes\u00eda es el \u00fanico premio que los editores dedican a la creaci\u00f3n literaria y a aquellas obras que m\u00e1s destacan en la edici\u00f3n espa\u00f1ola por su calidad e idoneidad.<\/p>\n<p>&nbsp;<\/p>\n<p>Manuel Juli\u00e1 es escritor y periodista, autor de una extensa obra de poes\u00eda y narrativa que comenz\u00f3 con el poemario <em>De umbr\u00eda<\/em> (1998) y se cierra a d\u00eda de hoy con una trilog\u00eda publicada en Hiperi\u00f3n que comienza con <em>El sue\u00f1o de la muerte<\/em> (2013), <em>El sue\u00f1o del amor<\/em> (2014) y <em>El sue\u00f1o de la vida <\/em>(2015). La cr\u00edtica ha prestado mucha atenci\u00f3n a esa trilog\u00eda destacando el esfuerzo de coherencia y belleza po\u00e9tica que supone.<\/p>\n<p>&nbsp;<\/p>\n<p><em>El sue\u00f1o de la vida<\/em><\/p>\n<p>&nbsp;<\/p>\n<p>Es un poemario dividido en tres partes. La primera se denomina <em>La arboleda de la vida<\/em>, la segunda es <em>Puerto oscuro<\/em> y finaliza con <em>El sue\u00f1o del regreso<\/em>.<\/p>\n<p>&nbsp;<\/p>\n<p>La primera parte describe el sentimiento de la naturaleza, porque el poeta canta a la niebla, canta a la lluvia y canta al sol y no s\u00f3lo a los fen\u00f3menos sino a la vegetaci\u00f3n de los campos, a sus rec\u00f3nditas arboledas verdes. El poeta describe ese lado oculto de la naturaleza que la mayor\u00eda miramos por encima sin fijarnos, sin ver los detalles de un esplendor menudo y universal.<\/p>\n<p>&nbsp;<\/p>\n<p>La segunda parte es claramente metaf\u00edsica, llena de reflexiones sobre la vida y la muerte, sobre los sentimientos, sobre la soledad y la esperanza en ese viaje que todos hacemos hacia el puerto oscuro de lo desconocido.<\/p>\n<p>&nbsp;<\/p>\n<p>En la tercera parte, <em>El sue\u00f1o del regreso<\/em>, se contienen lo poemas m\u00e1s emocionados y emocionantes. Son los que Manuel Juli\u00e1 dedica a la memoria de la madre fallecida durante la redacci\u00f3n del libro. Forman una unidad eleg\u00edaca de gran belleza y sensibilidad, algo que ya apunt\u00f3 en el merecidamente famoso poema <em>Melocotones<\/em> de <em>El sue\u00f1o de la muerte.<\/em><\/p>\n<p>&nbsp;<\/p>\n<p>Son poemas llenos de im\u00e1genes sorprendentes que surgen espont\u00e1neas. El libro viene precedido por <em>Un peque\u00f1o relato<\/em>, introducci\u00f3n pretendidamente simb\u00f3lica en donde el mar, visto por el ni\u00f1o con los ojos juntos de toda la familia, se convierte en el s\u00edmbolo de un universo vital, de una esperanza.<\/p>\n<p>&nbsp;<\/p>\n<p>Manuel Juli\u00e1 se\u00a0sit\u00faa con esta entrega \u2014que junto al resto de la trilog\u00eda ha venido a enriquecer los fondos literarios de la prestigiosa editorial H\u00edperi\u00f3n\u2014 en un lugar destacado del paisaje po\u00e9tico espa\u00f1ol.<\/p>\n<p>&nbsp;<\/p>\n<p>De la poes\u00eda de Manuel Juli\u00e1 se ha escrito mucho, como que \u201cest\u00e1 llena de inteligencia y sensibilidad\u201d y es, en palabras del editor Javier P\u00e9rez-Ayala, \u201cuna poes\u00eda que tiene el equilibrio necesario entre el realismo y la figuraci\u00f3n, tan imprescindibles en la poes\u00eda actual\u201d.<\/p>\n<p>&nbsp;<\/p>\n<p><span style=\"border-radius: 2px; text-indent: 20px; width: auto; padding: 0px 4px 0px 0px; text-align: center; font: bold 11px\/20px 'Helvetica Neue',Helvetica,sans-serif; color: #ffffff; background: #bd081c  no-repeat scroll 3px 50% \/ 14px 14px; position: absolute; opacity: 1; z-index: 8675309; display: none; cursor: pointer; top: 220px; left: 511px;\">Guardar<\/span><\/p>\n","protected":false},"excerpt":{"rendered":"<p>El sue\u00f1o de la vida, de Manuel Juli\u00e1 Premio de la Asociaci\u00f3n de Editores de Poes\u00eda &nbsp; &nbsp; Manuel Juli\u00e1, poeta castellano manchego nacido en Puertollano y su obra El sue\u00f1o de la vida (Ediciones Hiperi\u00f3n, 2015), ha resultado ganadora del premio que la Asociaci\u00f3n de Editores de Poes\u00eda concede al mejor poemario editado en&#8230;<\/p>\n","protected":false},"author":1,"featured_media":1499,"comment_status":"closed","ping_status":"closed","sticky":false,"template":"","format":"standard","meta":{"footnotes":"","_links_to":"","_links_to_target":""},"categories":[5],"tags":[],"class_list":["post-1498","post","type-post","status-publish","format-standard","has-post-thumbnail","hentry","category-noticias"],"yoast_head":"<!-- This site is optimized with the Yoast SEO Premium plugin v24.7 (Yoast SEO v27.5) - https:\/\/yoast.com\/product\/yoast-seo-premium-wordpress\/ -->\n<title>El sue\u00f1o de la vida, de Manuel Juli\u00e1. Premio de la Asociaci\u00f3n de Editores de Poes\u00eda. - Poes\u00ed\u00ada eres t\u00fa (revista)<\/title>\n<meta name=\"robots\" content=\"index, follow, max-snippet:-1, max-image-preview:large, max-video-preview:-1\" \/>\n<link rel=\"canonical\" href=\"https:\/\/poesiaerestu.com\/revista\/sueno-vida-manuel-julia-premio-asociacion-editores-poesia\/\" \/>\n<meta name=\"twitter:label1\" content=\"Written by\" \/>\n\t<meta name=\"twitter:data1\" content=\"admin\" \/>\n\t<meta name=\"twitter:label2\" content=\"Est. reading time\" \/>\n\t<meta name=\"twitter:data2\" content=\"3 minutes\" \/>\n<script type=\"application\/ld+json\" class=\"yoast-schema-graph\">{\"@context\":\"https:\\\/\\\/schema.org\",\"@graph\":[{\"@type\":\"Article\",\"@id\":\"https:\\\/\\\/poesiaerestu.com\\\/revista\\\/sueno-vida-manuel-julia-premio-asociacion-editores-poesia\\\/#article\",\"isPartOf\":{\"@id\":\"https:\\\/\\\/poesiaerestu.com\\\/revista\\\/sueno-vida-manuel-julia-premio-asociacion-editores-poesia\\\/\"},\"author\":{\"name\":\"admin\",\"@id\":\"https:\\\/\\\/poesiaerestu.com\\\/revista\\\/#\\\/schema\\\/person\\\/fcb1a2122be3810bfdd0c071b4b3e9c4\"},\"headline\":\"El sue\u00f1o de la vida, de Manuel Juli\u00e1. Premio de la Asociaci\u00f3n de Editores de Poes\u00eda.\",\"datePublished\":\"2016-10-02T11:30:59+00:00\",\"dateModified\":\"2016-10-02T11:31:48+00:00\",\"mainEntityOfPage\":{\"@id\":\"https:\\\/\\\/poesiaerestu.com\\\/revista\\\/sueno-vida-manuel-julia-premio-asociacion-editores-poesia\\\/\"},\"wordCount\":575,\"image\":{\"@id\":\"https:\\\/\\\/poesiaerestu.com\\\/revista\\\/sueno-vida-manuel-julia-premio-asociacion-editores-poesia\\\/#primaryimage\"},\"thumbnailUrl\":\"https:\\\/\\\/poesiaerestu.com\\\/revista\\\/wp-content\\\/uploads\\\/2016\\\/10\\\/elsuenodelavida.png\",\"articleSection\":[\"Noticias\"],\"inLanguage\":\"en-US\",\"copyrightYear\":\"2016\",\"copyrightHolder\":{\"@id\":\"https:\\\/\\\/poesiaerestu.com\\\/revista\\\/#organization\"}},{\"@type\":\"WebPage\",\"@id\":\"https:\\\/\\\/poesiaerestu.com\\\/revista\\\/sueno-vida-manuel-julia-premio-asociacion-editores-poesia\\\/\",\"url\":\"https:\\\/\\\/poesiaerestu.com\\\/revista\\\/sueno-vida-manuel-julia-premio-asociacion-editores-poesia\\\/\",\"name\":\"El sue\u00f1o de la vida, de Manuel Juli\u00e1. Premio de la Asociaci\u00f3n de Editores de Poes\u00eda. - Poes\u00ed\u00ada eres t\u00fa (revista)\",\"isPartOf\":{\"@id\":\"https:\\\/\\\/poesiaerestu.com\\\/revista\\\/#website\"},\"primaryImageOfPage\":{\"@id\":\"https:\\\/\\\/poesiaerestu.com\\\/revista\\\/sueno-vida-manuel-julia-premio-asociacion-editores-poesia\\\/#primaryimage\"},\"image\":{\"@id\":\"https:\\\/\\\/poesiaerestu.com\\\/revista\\\/sueno-vida-manuel-julia-premio-asociacion-editores-poesia\\\/#primaryimage\"},\"thumbnailUrl\":\"https:\\\/\\\/poesiaerestu.com\\\/revista\\\/wp-content\\\/uploads\\\/2016\\\/10\\\/elsuenodelavida.png\",\"datePublished\":\"2016-10-02T11:30:59+00:00\",\"dateModified\":\"2016-10-02T11:31:48+00:00\",\"author\":{\"@id\":\"https:\\\/\\\/poesiaerestu.com\\\/revista\\\/#\\\/schema\\\/person\\\/fcb1a2122be3810bfdd0c071b4b3e9c4\"},\"breadcrumb\":{\"@id\":\"https:\\\/\\\/poesiaerestu.com\\\/revista\\\/sueno-vida-manuel-julia-premio-asociacion-editores-poesia\\\/#breadcrumb\"},\"inLanguage\":\"en-US\",\"potentialAction\":[{\"@type\":\"ReadAction\",\"target\":[\"https:\\\/\\\/poesiaerestu.com\\\/revista\\\/sueno-vida-manuel-julia-premio-asociacion-editores-poesia\\\/\"]}]},{\"@type\":\"ImageObject\",\"inLanguage\":\"en-US\",\"@id\":\"https:\\\/\\\/poesiaerestu.com\\\/revista\\\/sueno-vida-manuel-julia-premio-asociacion-editores-poesia\\\/#primaryimage\",\"url\":\"https:\\\/\\\/poesiaerestu.com\\\/revista\\\/wp-content\\\/uploads\\\/2016\\\/10\\\/elsuenodelavida.png\",\"contentUrl\":\"https:\\\/\\\/poesiaerestu.com\\\/revista\\\/wp-content\\\/uploads\\\/2016\\\/10\\\/elsuenodelavida.png\",\"width\":1024,\"height\":1030},{\"@type\":\"BreadcrumbList\",\"@id\":\"https:\\\/\\\/poesiaerestu.com\\\/revista\\\/sueno-vida-manuel-julia-premio-asociacion-editores-poesia\\\/#breadcrumb\",\"itemListElement\":[{\"@type\":\"ListItem\",\"position\":1,\"name\":\"Home\",\"item\":\"https:\\\/\\\/poesiaerestu.com\\\/revista\\\/\"},{\"@type\":\"ListItem\",\"position\":2,\"name\":\"El sue\u00f1o de la vida, de Manuel Juli\u00e1. Premio de la Asociaci\u00f3n de Editores de Poes\u00eda.\"}]},{\"@type\":\"WebSite\",\"@id\":\"https:\\\/\\\/poesiaerestu.com\\\/revista\\\/#website\",\"url\":\"https:\\\/\\\/poesiaerestu.com\\\/revista\\\/\",\"name\":\"Poes\u00ed\u00ada eres t\u00fa (revista)\",\"description\":\"Revista de poes\u00eda y literatura\",\"potentialAction\":[{\"@type\":\"SearchAction\",\"target\":{\"@type\":\"EntryPoint\",\"urlTemplate\":\"https:\\\/\\\/poesiaerestu.com\\\/revista\\\/?s={search_term_string}\"},\"query-input\":{\"@type\":\"PropertyValueSpecification\",\"valueRequired\":true,\"valueName\":\"search_term_string\"}}],\"inLanguage\":\"en-US\"},{\"@type\":\"Person\",\"@id\":\"https:\\\/\\\/poesiaerestu.com\\\/revista\\\/#\\\/schema\\\/person\\\/fcb1a2122be3810bfdd0c071b4b3e9c4\",\"name\":\"admin\",\"image\":{\"@type\":\"ImageObject\",\"inLanguage\":\"en-US\",\"@id\":\"https:\\\/\\\/secure.gravatar.com\\\/avatar\\\/1cb55a5bd8d6824519e46b552e84b03575857cc9c4d6333824d2f95d82129f50?s=96&d=mm&r=g\",\"url\":\"https:\\\/\\\/secure.gravatar.com\\\/avatar\\\/1cb55a5bd8d6824519e46b552e84b03575857cc9c4d6333824d2f95d82129f50?s=96&d=mm&r=g\",\"contentUrl\":\"https:\\\/\\\/secure.gravatar.com\\\/avatar\\\/1cb55a5bd8d6824519e46b552e84b03575857cc9c4d6333824d2f95d82129f50?s=96&d=mm&r=g\",\"caption\":\"admin\"},\"url\":\"https:\\\/\\\/poesiaerestu.com\\\/revista\\\/author\\\/admin\\\/\"}]}<\/script>\n<!-- \/ Yoast SEO Premium plugin. -->","yoast_head_json":{"title":"El sue\u00f1o de la vida, de Manuel Juli\u00e1. Premio de la Asociaci\u00f3n de Editores de Poes\u00eda. - Poes\u00ed\u00ada eres t\u00fa (revista)","robots":{"index":"index","follow":"follow","max-snippet":"max-snippet:-1","max-image-preview":"max-image-preview:large","max-video-preview":"max-video-preview:-1"},"canonical":"https:\/\/poesiaerestu.com\/revista\/sueno-vida-manuel-julia-premio-asociacion-editores-poesia\/","twitter_misc":{"Written by":"admin","Est. reading time":"3 minutes"},"schema":{"@context":"https:\/\/schema.org","@graph":[{"@type":"Article","@id":"https:\/\/poesiaerestu.com\/revista\/sueno-vida-manuel-julia-premio-asociacion-editores-poesia\/#article","isPartOf":{"@id":"https:\/\/poesiaerestu.com\/revista\/sueno-vida-manuel-julia-premio-asociacion-editores-poesia\/"},"author":{"name":"admin","@id":"https:\/\/poesiaerestu.com\/revista\/#\/schema\/person\/fcb1a2122be3810bfdd0c071b4b3e9c4"},"headline":"El sue\u00f1o de la vida, de Manuel Juli\u00e1. Premio de la Asociaci\u00f3n de Editores de Poes\u00eda.","datePublished":"2016-10-02T11:30:59+00:00","dateModified":"2016-10-02T11:31:48+00:00","mainEntityOfPage":{"@id":"https:\/\/poesiaerestu.com\/revista\/sueno-vida-manuel-julia-premio-asociacion-editores-poesia\/"},"wordCount":575,"image":{"@id":"https:\/\/poesiaerestu.com\/revista\/sueno-vida-manuel-julia-premio-asociacion-editores-poesia\/#primaryimage"},"thumbnailUrl":"https:\/\/poesiaerestu.com\/revista\/wp-content\/uploads\/2016\/10\/elsuenodelavida.png","articleSection":["Noticias"],"inLanguage":"en-US","copyrightYear":"2016","copyrightHolder":{"@id":"https:\/\/poesiaerestu.com\/revista\/#organization"}},{"@type":"WebPage","@id":"https:\/\/poesiaerestu.com\/revista\/sueno-vida-manuel-julia-premio-asociacion-editores-poesia\/","url":"https:\/\/poesiaerestu.com\/revista\/sueno-vida-manuel-julia-premio-asociacion-editores-poesia\/","name":"El sue\u00f1o de la vida, de Manuel Juli\u00e1. Premio de la Asociaci\u00f3n de Editores de Poes\u00eda. - Poes\u00ed\u00ada eres t\u00fa (revista)","isPartOf":{"@id":"https:\/\/poesiaerestu.com\/revista\/#website"},"primaryImageOfPage":{"@id":"https:\/\/poesiaerestu.com\/revista\/sueno-vida-manuel-julia-premio-asociacion-editores-poesia\/#primaryimage"},"image":{"@id":"https:\/\/poesiaerestu.com\/revista\/sueno-vida-manuel-julia-premio-asociacion-editores-poesia\/#primaryimage"},"thumbnailUrl":"https:\/\/poesiaerestu.com\/revista\/wp-content\/uploads\/2016\/10\/elsuenodelavida.png","datePublished":"2016-10-02T11:30:59+00:00","dateModified":"2016-10-02T11:31:48+00:00","author":{"@id":"https:\/\/poesiaerestu.com\/revista\/#\/schema\/person\/fcb1a2122be3810bfdd0c071b4b3e9c4"},"breadcrumb":{"@id":"https:\/\/poesiaerestu.com\/revista\/sueno-vida-manuel-julia-premio-asociacion-editores-poesia\/#breadcrumb"},"inLanguage":"en-US","potentialAction":[{"@type":"ReadAction","target":["https:\/\/poesiaerestu.com\/revista\/sueno-vida-manuel-julia-premio-asociacion-editores-poesia\/"]}]},{"@type":"ImageObject","inLanguage":"en-US","@id":"https:\/\/poesiaerestu.com\/revista\/sueno-vida-manuel-julia-premio-asociacion-editores-poesia\/#primaryimage","url":"https:\/\/poesiaerestu.com\/revista\/wp-content\/uploads\/2016\/10\/elsuenodelavida.png","contentUrl":"https:\/\/poesiaerestu.com\/revista\/wp-content\/uploads\/2016\/10\/elsuenodelavida.png","width":1024,"height":1030},{"@type":"BreadcrumbList","@id":"https:\/\/poesiaerestu.com\/revista\/sueno-vida-manuel-julia-premio-asociacion-editores-poesia\/#breadcrumb","itemListElement":[{"@type":"ListItem","position":1,"name":"Home","item":"https:\/\/poesiaerestu.com\/revista\/"},{"@type":"ListItem","position":2,"name":"El sue\u00f1o de la vida, de Manuel Juli\u00e1. Premio de la Asociaci\u00f3n de Editores de Poes\u00eda."}]},{"@type":"WebSite","@id":"https:\/\/poesiaerestu.com\/revista\/#website","url":"https:\/\/poesiaerestu.com\/revista\/","name":"Poes\u00ed\u00ada eres t\u00fa (revista)","description":"Revista de poes\u00eda y literatura","potentialAction":[{"@type":"SearchAction","target":{"@type":"EntryPoint","urlTemplate":"https:\/\/poesiaerestu.com\/revista\/?s={search_term_string}"},"query-input":{"@type":"PropertyValueSpecification","valueRequired":true,"valueName":"search_term_string"}}],"inLanguage":"en-US"},{"@type":"Person","@id":"https:\/\/poesiaerestu.com\/revista\/#\/schema\/person\/fcb1a2122be3810bfdd0c071b4b3e9c4","name":"admin","image":{"@type":"ImageObject","inLanguage":"en-US","@id":"https:\/\/secure.gravatar.com\/avatar\/1cb55a5bd8d6824519e46b552e84b03575857cc9c4d6333824d2f95d82129f50?s=96&d=mm&r=g","url":"https:\/\/secure.gravatar.com\/avatar\/1cb55a5bd8d6824519e46b552e84b03575857cc9c4d6333824d2f95d82129f50?s=96&d=mm&r=g","contentUrl":"https:\/\/secure.gravatar.com\/avatar\/1cb55a5bd8d6824519e46b552e84b03575857cc9c4d6333824d2f95d82129f50?s=96&d=mm&r=g","caption":"admin"},"url":"https:\/\/poesiaerestu.com\/revista\/author\/admin\/"}]}},"_links":{"self":[{"href":"https:\/\/poesiaerestu.com\/revista\/wp-json\/wp\/v2\/posts\/1498","targetHints":{"allow":["GET"]}}],"collection":[{"href":"https:\/\/poesiaerestu.com\/revista\/wp-json\/wp\/v2\/posts"}],"about":[{"href":"https:\/\/poesiaerestu.com\/revista\/wp-json\/wp\/v2\/types\/post"}],"author":[{"embeddable":true,"href":"https:\/\/poesiaerestu.com\/revista\/wp-json\/wp\/v2\/users\/1"}],"replies":[{"embeddable":true,"href":"https:\/\/poesiaerestu.com\/revista\/wp-json\/wp\/v2\/comments?post=1498"}],"version-history":[{"count":0,"href":"https:\/\/poesiaerestu.com\/revista\/wp-json\/wp\/v2\/posts\/1498\/revisions"}],"wp:featuredmedia":[{"embeddable":true,"href":"https:\/\/poesiaerestu.com\/revista\/wp-json\/wp\/v2\/media\/1499"}],"wp:attachment":[{"href":"https:\/\/poesiaerestu.com\/revista\/wp-json\/wp\/v2\/media?parent=1498"}],"wp:term":[{"taxonomy":"category","embeddable":true,"href":"https:\/\/poesiaerestu.com\/revista\/wp-json\/wp\/v2\/categories?post=1498"},{"taxonomy":"post_tag","embeddable":true,"href":"https:\/\/poesiaerestu.com\/revista\/wp-json\/wp\/v2\/tags?post=1498"}],"curies":[{"name":"wp","href":"https:\/\/api.w.org\/{rel}","templated":true}]}}