{"id":1492,"date":"2016-09-26T14:05:06","date_gmt":"2016-09-26T12:05:06","guid":{"rendered":"http:\/\/www.poesiaerestu.com\/revista\/?p=1492"},"modified":"2016-09-26T14:06:17","modified_gmt":"2016-09-26T12:06:17","slug":"nieves-herrero-antonio-daganzo-ganadores-los-premios-critica-madrid-novela-poesia-respectivamente","status":"publish","type":"post","link":"https:\/\/poesiaerestu.com\/revista\/nieves-herrero-antonio-daganzo-ganadores-los-premios-critica-madrid-novela-poesia-respectivamente\/","title":{"rendered":"Nieves Herrero y Antonio Daganzo ganadores de los Premios de la Cr\u00edtica de Madrid de novela y poes\u00eda respectivamente"},"content":{"rendered":"<p><img loading=\"lazy\" decoding=\"async\" class=\"aligncenter  wp-image-1493\" src=\"https:\/\/spcdn.shortpixel.ai\/spio\/ret_img,q_cdnize,to_auto,s_webp:avif\/poesiaerestu.com\/revista\/wp-content\/uploads\/2016\/09\/Premiocriticamadrid2015.png\" alt=\"premiocriticamadrid2015\" width=\"603\" height=\"202\" \/><\/p>\n<p>&nbsp;<\/p>\n<p>Los escritores madrile\u00f1os Nieves Herrero y Antonio Daganzo han resultado ganadores del Premio de la Cr\u00edtica de Madrid que otorga la Asociaci\u00f3n de escritores y cr\u00edticos madrile\u00f1os.<\/p>\n<p>&nbsp;<\/p>\n<p><em>Como si no hubiera un ma\u00f1ana <\/em>de Nieves Herrero es una novela capaz de fundir el g\u00e9nero period\u00edstico con el hist\u00f3rico y el emocional, la historia de amor entre Ava Gardner y Luis Miguel Dominguin contada al detalle nos sirve tambi\u00e9n como ejercicio de memoria de nuestra propia historia. Documentada con enorme cuidado, escrita con esmero, la desgarradora historia de amor de dos personajes tan distintos es una prueba de gran literatura.<\/p>\n<p>&nbsp;<\/p>\n<p>Nacida en Madrid en 1957, Nieves Herrero ha desarrollado una intensa labor period\u00edstica en el mundo de la televisi\u00f3n, donde su nombre ha estado siempre entre los m\u00e1s destacados. Al mismo tiempo, aunque con interrupciones, ha sido capaz de escribir una obra literaria que ha ido ganando en respeto y admiraci\u00f3n, no en balde, su anterior novela, <em>Lo que escond\u00edan sus ojos<\/em>, tuvo una respuesta excepcional por parte de la cr\u00edtica y el p\u00fablico. En palabras de Pablo M\u00e9ndez, <em>Nieves Herrero est\u00e1 renovando el g\u00e9nero period\u00edstico con libros tan interesantes como bien escritos y llenos de emoci\u00f3n<\/em>.<\/p>\n<p>&nbsp;<\/p>\n<p><em>Juventud todav\u00eda <\/em>de Antonio Daganzo, galardonado este a\u00f1o con el premio de poes\u00eda, es la \u00faltima obra de uno de los poetas m\u00e1s interesantes surgidos en los a\u00f1os noventa, un poemario l\u00facido, intenso como pocos, sobre ese paso en el que se empieza a ver el tiempo como un enemigo irreconciliable que se llevar\u00e1 lo mejor de nuestra vida, Daganzo es uno de los poetas m\u00e1s l\u00edricos y conmovedoras que tenemos.<\/p>\n<p>&nbsp;<\/p>\n<p>Nacido en Madrid en 1976, Antonio Dagamzo estudi\u00f3 Periodismo en la Universidad Complutense y es autor de varios libros de poes\u00eda, <em>Siendo en tu aire y oscuro<\/em>, <em>Que en limpidez se encuentre<\/em>, <em>Mientras viva el doliente<\/em> que tuvo una gran acogida, fue Menci\u00f3n de Honor Luis de G\u00f3ngora y Libro Recomendado por la Asociaci\u00f3n de Editores de Poes\u00eda. Especialista en m\u00fasica cl\u00e1sica, su libro <em>Cl\u00e1sicos a contratiempo<\/em> est\u00e1 considerado una de las mejores obras modernas de difusi\u00f3n sobre la m\u00fasica de siempre.<\/p>\n<p>&nbsp;<\/p>\n<p>En palabras de Jos\u00e9 Elgarresta, escritor y presidente de la Asociaci\u00f3n Madrile\u00f1a de cr\u00edticos y escritores madrile\u00f1os,\u00a0 <em>Nieves Herrero y Antonio Daganzo, son periodistas de distinta generaci\u00f3n que est\u00e1n sabiendo, cada uno en un g\u00e9nero distinto, dar una nueva dimensi\u00f3n a la literatura como manera imprescindible de comunicaci\u00f3n.<\/em><\/p>\n<p><span style=\"border-radius: 2px; text-indent: 20px; width: auto; padding: 0px 4px 0px 0px; text-align: center; font: bold 11px\/20px 'Helvetica Neue',Helvetica,sans-serif; color: #ffffff; background: #bd081c  no-repeat scroll 3px 50% \/ 14px 14px; position: absolute; opacity: 1; z-index: 8675309; display: none; cursor: pointer;\">Guardar<\/span><\/p>\n","protected":false},"excerpt":{"rendered":"<p>&nbsp; Los escritores madrile\u00f1os Nieves Herrero y Antonio Daganzo han resultado ganadores del Premio de la Cr\u00edtica de Madrid que otorga la Asociaci\u00f3n de escritores y cr\u00edticos madrile\u00f1os. &nbsp; Como si no hubiera un ma\u00f1ana de Nieves Herrero es una novela capaz de fundir el g\u00e9nero period\u00edstico con el hist\u00f3rico y el emocional, la historia&#8230;<\/p>\n","protected":false},"author":1,"featured_media":1493,"comment_status":"closed","ping_status":"closed","sticky":false,"template":"","format":"standard","meta":{"footnotes":"","_links_to":"","_links_to_target":""},"categories":[5],"tags":[],"class_list":["post-1492","post","type-post","status-publish","format-standard","has-post-thumbnail","hentry","category-noticias"],"yoast_head":"<!-- This site is optimized with the Yoast SEO Premium plugin v24.7 (Yoast SEO v27.5) - https:\/\/yoast.com\/product\/yoast-seo-premium-wordpress\/ -->\n<title>Nieves Herrero y Antonio Daganzo ganadores de los Premios de la Cr\u00edtica de Madrid de novela y poes\u00eda respectivamente - Poes\u00ed\u00ada eres t\u00fa (revista)<\/title>\n<meta name=\"robots\" content=\"index, follow, max-snippet:-1, max-image-preview:large, max-video-preview:-1\" \/>\n<link rel=\"canonical\" href=\"https:\/\/poesiaerestu.com\/revista\/nieves-herrero-antonio-daganzo-ganadores-los-premios-critica-madrid-novela-poesia-respectivamente\/\" \/>\n<meta name=\"twitter:label1\" content=\"Written by\" \/>\n\t<meta name=\"twitter:data1\" content=\"admin\" \/>\n\t<meta name=\"twitter:label2\" content=\"Est. reading time\" \/>\n\t<meta name=\"twitter:data2\" content=\"2 minutes\" \/>\n<script type=\"application\/ld+json\" class=\"yoast-schema-graph\">{\"@context\":\"https:\\\/\\\/schema.org\",\"@graph\":[{\"@type\":\"Article\",\"@id\":\"https:\\\/\\\/poesiaerestu.com\\\/revista\\\/nieves-herrero-antonio-daganzo-ganadores-los-premios-critica-madrid-novela-poesia-respectivamente\\\/#article\",\"isPartOf\":{\"@id\":\"https:\\\/\\\/poesiaerestu.com\\\/revista\\\/nieves-herrero-antonio-daganzo-ganadores-los-premios-critica-madrid-novela-poesia-respectivamente\\\/\"},\"author\":{\"name\":\"admin\",\"@id\":\"https:\\\/\\\/poesiaerestu.com\\\/revista\\\/#\\\/schema\\\/person\\\/fcb1a2122be3810bfdd0c071b4b3e9c4\"},\"headline\":\"Nieves Herrero y Antonio Daganzo ganadores de los Premios de la Cr\u00edtica de Madrid de novela y poes\u00eda respectivamente\",\"datePublished\":\"2016-09-26T12:05:06+00:00\",\"dateModified\":\"2016-09-26T12:06:17+00:00\",\"mainEntityOfPage\":{\"@id\":\"https:\\\/\\\/poesiaerestu.com\\\/revista\\\/nieves-herrero-antonio-daganzo-ganadores-los-premios-critica-madrid-novela-poesia-respectivamente\\\/\"},\"wordCount\":471,\"image\":{\"@id\":\"https:\\\/\\\/poesiaerestu.com\\\/revista\\\/nieves-herrero-antonio-daganzo-ganadores-los-premios-critica-madrid-novela-poesia-respectivamente\\\/#primaryimage\"},\"thumbnailUrl\":\"https:\\\/\\\/poesiaerestu.com\\\/revista\\\/wp-content\\\/uploads\\\/2016\\\/09\\\/Premiocriticamadrid2015.png\",\"articleSection\":[\"Noticias\"],\"inLanguage\":\"en-US\",\"copyrightYear\":\"2016\",\"copyrightHolder\":{\"@id\":\"https:\\\/\\\/poesiaerestu.com\\\/revista\\\/#organization\"}},{\"@type\":\"WebPage\",\"@id\":\"https:\\\/\\\/poesiaerestu.com\\\/revista\\\/nieves-herrero-antonio-daganzo-ganadores-los-premios-critica-madrid-novela-poesia-respectivamente\\\/\",\"url\":\"https:\\\/\\\/poesiaerestu.com\\\/revista\\\/nieves-herrero-antonio-daganzo-ganadores-los-premios-critica-madrid-novela-poesia-respectivamente\\\/\",\"name\":\"Nieves Herrero y Antonio Daganzo ganadores de los Premios de la Cr\u00edtica de Madrid de novela y poes\u00eda respectivamente - Poes\u00ed\u00ada eres t\u00fa (revista)\",\"isPartOf\":{\"@id\":\"https:\\\/\\\/poesiaerestu.com\\\/revista\\\/#website\"},\"primaryImageOfPage\":{\"@id\":\"https:\\\/\\\/poesiaerestu.com\\\/revista\\\/nieves-herrero-antonio-daganzo-ganadores-los-premios-critica-madrid-novela-poesia-respectivamente\\\/#primaryimage\"},\"image\":{\"@id\":\"https:\\\/\\\/poesiaerestu.com\\\/revista\\\/nieves-herrero-antonio-daganzo-ganadores-los-premios-critica-madrid-novela-poesia-respectivamente\\\/#primaryimage\"},\"thumbnailUrl\":\"https:\\\/\\\/poesiaerestu.com\\\/revista\\\/wp-content\\\/uploads\\\/2016\\\/09\\\/Premiocriticamadrid2015.png\",\"datePublished\":\"2016-09-26T12:05:06+00:00\",\"dateModified\":\"2016-09-26T12:06:17+00:00\",\"author\":{\"@id\":\"https:\\\/\\\/poesiaerestu.com\\\/revista\\\/#\\\/schema\\\/person\\\/fcb1a2122be3810bfdd0c071b4b3e9c4\"},\"breadcrumb\":{\"@id\":\"https:\\\/\\\/poesiaerestu.com\\\/revista\\\/nieves-herrero-antonio-daganzo-ganadores-los-premios-critica-madrid-novela-poesia-respectivamente\\\/#breadcrumb\"},\"inLanguage\":\"en-US\",\"potentialAction\":[{\"@type\":\"ReadAction\",\"target\":[\"https:\\\/\\\/poesiaerestu.com\\\/revista\\\/nieves-herrero-antonio-daganzo-ganadores-los-premios-critica-madrid-novela-poesia-respectivamente\\\/\"]}]},{\"@type\":\"ImageObject\",\"inLanguage\":\"en-US\",\"@id\":\"https:\\\/\\\/poesiaerestu.com\\\/revista\\\/nieves-herrero-antonio-daganzo-ganadores-los-premios-critica-madrid-novela-poesia-respectivamente\\\/#primaryimage\",\"url\":\"https:\\\/\\\/poesiaerestu.com\\\/revista\\\/wp-content\\\/uploads\\\/2016\\\/09\\\/Premiocriticamadrid2015.png\",\"contentUrl\":\"https:\\\/\\\/poesiaerestu.com\\\/revista\\\/wp-content\\\/uploads\\\/2016\\\/09\\\/Premiocriticamadrid2015.png\",\"width\":988,\"height\":323},{\"@type\":\"BreadcrumbList\",\"@id\":\"https:\\\/\\\/poesiaerestu.com\\\/revista\\\/nieves-herrero-antonio-daganzo-ganadores-los-premios-critica-madrid-novela-poesia-respectivamente\\\/#breadcrumb\",\"itemListElement\":[{\"@type\":\"ListItem\",\"position\":1,\"name\":\"Home\",\"item\":\"https:\\\/\\\/poesiaerestu.com\\\/revista\\\/\"},{\"@type\":\"ListItem\",\"position\":2,\"name\":\"Nieves Herrero y Antonio Daganzo ganadores de los Premios de la Cr\u00edtica de Madrid de novela y poes\u00eda respectivamente\"}]},{\"@type\":\"WebSite\",\"@id\":\"https:\\\/\\\/poesiaerestu.com\\\/revista\\\/#website\",\"url\":\"https:\\\/\\\/poesiaerestu.com\\\/revista\\\/\",\"name\":\"Poes\u00ed\u00ada eres t\u00fa (revista)\",\"description\":\"Revista de poes\u00eda y literatura\",\"potentialAction\":[{\"@type\":\"SearchAction\",\"target\":{\"@type\":\"EntryPoint\",\"urlTemplate\":\"https:\\\/\\\/poesiaerestu.com\\\/revista\\\/?s={search_term_string}\"},\"query-input\":{\"@type\":\"PropertyValueSpecification\",\"valueRequired\":true,\"valueName\":\"search_term_string\"}}],\"inLanguage\":\"en-US\"},{\"@type\":\"Person\",\"@id\":\"https:\\\/\\\/poesiaerestu.com\\\/revista\\\/#\\\/schema\\\/person\\\/fcb1a2122be3810bfdd0c071b4b3e9c4\",\"name\":\"admin\",\"image\":{\"@type\":\"ImageObject\",\"inLanguage\":\"en-US\",\"@id\":\"https:\\\/\\\/secure.gravatar.com\\\/avatar\\\/1cb55a5bd8d6824519e46b552e84b03575857cc9c4d6333824d2f95d82129f50?s=96&d=mm&r=g\",\"url\":\"https:\\\/\\\/secure.gravatar.com\\\/avatar\\\/1cb55a5bd8d6824519e46b552e84b03575857cc9c4d6333824d2f95d82129f50?s=96&d=mm&r=g\",\"contentUrl\":\"https:\\\/\\\/secure.gravatar.com\\\/avatar\\\/1cb55a5bd8d6824519e46b552e84b03575857cc9c4d6333824d2f95d82129f50?s=96&d=mm&r=g\",\"caption\":\"admin\"},\"url\":\"https:\\\/\\\/poesiaerestu.com\\\/revista\\\/author\\\/admin\\\/\"}]}<\/script>\n<!-- \/ Yoast SEO Premium plugin. -->","yoast_head_json":{"title":"Nieves Herrero y Antonio Daganzo ganadores de los Premios de la Cr\u00edtica de Madrid de novela y poes\u00eda respectivamente - Poes\u00ed\u00ada eres t\u00fa (revista)","robots":{"index":"index","follow":"follow","max-snippet":"max-snippet:-1","max-image-preview":"max-image-preview:large","max-video-preview":"max-video-preview:-1"},"canonical":"https:\/\/poesiaerestu.com\/revista\/nieves-herrero-antonio-daganzo-ganadores-los-premios-critica-madrid-novela-poesia-respectivamente\/","twitter_misc":{"Written by":"admin","Est. reading time":"2 minutes"},"schema":{"@context":"https:\/\/schema.org","@graph":[{"@type":"Article","@id":"https:\/\/poesiaerestu.com\/revista\/nieves-herrero-antonio-daganzo-ganadores-los-premios-critica-madrid-novela-poesia-respectivamente\/#article","isPartOf":{"@id":"https:\/\/poesiaerestu.com\/revista\/nieves-herrero-antonio-daganzo-ganadores-los-premios-critica-madrid-novela-poesia-respectivamente\/"},"author":{"name":"admin","@id":"https:\/\/poesiaerestu.com\/revista\/#\/schema\/person\/fcb1a2122be3810bfdd0c071b4b3e9c4"},"headline":"Nieves Herrero y Antonio Daganzo ganadores de los Premios de la Cr\u00edtica de Madrid de novela y poes\u00eda respectivamente","datePublished":"2016-09-26T12:05:06+00:00","dateModified":"2016-09-26T12:06:17+00:00","mainEntityOfPage":{"@id":"https:\/\/poesiaerestu.com\/revista\/nieves-herrero-antonio-daganzo-ganadores-los-premios-critica-madrid-novela-poesia-respectivamente\/"},"wordCount":471,"image":{"@id":"https:\/\/poesiaerestu.com\/revista\/nieves-herrero-antonio-daganzo-ganadores-los-premios-critica-madrid-novela-poesia-respectivamente\/#primaryimage"},"thumbnailUrl":"https:\/\/poesiaerestu.com\/revista\/wp-content\/uploads\/2016\/09\/Premiocriticamadrid2015.png","articleSection":["Noticias"],"inLanguage":"en-US","copyrightYear":"2016","copyrightHolder":{"@id":"https:\/\/poesiaerestu.com\/revista\/#organization"}},{"@type":"WebPage","@id":"https:\/\/poesiaerestu.com\/revista\/nieves-herrero-antonio-daganzo-ganadores-los-premios-critica-madrid-novela-poesia-respectivamente\/","url":"https:\/\/poesiaerestu.com\/revista\/nieves-herrero-antonio-daganzo-ganadores-los-premios-critica-madrid-novela-poesia-respectivamente\/","name":"Nieves Herrero y Antonio Daganzo ganadores de los Premios de la Cr\u00edtica de Madrid de novela y poes\u00eda respectivamente - Poes\u00ed\u00ada eres t\u00fa (revista)","isPartOf":{"@id":"https:\/\/poesiaerestu.com\/revista\/#website"},"primaryImageOfPage":{"@id":"https:\/\/poesiaerestu.com\/revista\/nieves-herrero-antonio-daganzo-ganadores-los-premios-critica-madrid-novela-poesia-respectivamente\/#primaryimage"},"image":{"@id":"https:\/\/poesiaerestu.com\/revista\/nieves-herrero-antonio-daganzo-ganadores-los-premios-critica-madrid-novela-poesia-respectivamente\/#primaryimage"},"thumbnailUrl":"https:\/\/poesiaerestu.com\/revista\/wp-content\/uploads\/2016\/09\/Premiocriticamadrid2015.png","datePublished":"2016-09-26T12:05:06+00:00","dateModified":"2016-09-26T12:06:17+00:00","author":{"@id":"https:\/\/poesiaerestu.com\/revista\/#\/schema\/person\/fcb1a2122be3810bfdd0c071b4b3e9c4"},"breadcrumb":{"@id":"https:\/\/poesiaerestu.com\/revista\/nieves-herrero-antonio-daganzo-ganadores-los-premios-critica-madrid-novela-poesia-respectivamente\/#breadcrumb"},"inLanguage":"en-US","potentialAction":[{"@type":"ReadAction","target":["https:\/\/poesiaerestu.com\/revista\/nieves-herrero-antonio-daganzo-ganadores-los-premios-critica-madrid-novela-poesia-respectivamente\/"]}]},{"@type":"ImageObject","inLanguage":"en-US","@id":"https:\/\/poesiaerestu.com\/revista\/nieves-herrero-antonio-daganzo-ganadores-los-premios-critica-madrid-novela-poesia-respectivamente\/#primaryimage","url":"https:\/\/poesiaerestu.com\/revista\/wp-content\/uploads\/2016\/09\/Premiocriticamadrid2015.png","contentUrl":"https:\/\/poesiaerestu.com\/revista\/wp-content\/uploads\/2016\/09\/Premiocriticamadrid2015.png","width":988,"height":323},{"@type":"BreadcrumbList","@id":"https:\/\/poesiaerestu.com\/revista\/nieves-herrero-antonio-daganzo-ganadores-los-premios-critica-madrid-novela-poesia-respectivamente\/#breadcrumb","itemListElement":[{"@type":"ListItem","position":1,"name":"Home","item":"https:\/\/poesiaerestu.com\/revista\/"},{"@type":"ListItem","position":2,"name":"Nieves Herrero y Antonio Daganzo ganadores de los Premios de la Cr\u00edtica de Madrid de novela y poes\u00eda respectivamente"}]},{"@type":"WebSite","@id":"https:\/\/poesiaerestu.com\/revista\/#website","url":"https:\/\/poesiaerestu.com\/revista\/","name":"Poes\u00ed\u00ada eres t\u00fa (revista)","description":"Revista de poes\u00eda y literatura","potentialAction":[{"@type":"SearchAction","target":{"@type":"EntryPoint","urlTemplate":"https:\/\/poesiaerestu.com\/revista\/?s={search_term_string}"},"query-input":{"@type":"PropertyValueSpecification","valueRequired":true,"valueName":"search_term_string"}}],"inLanguage":"en-US"},{"@type":"Person","@id":"https:\/\/poesiaerestu.com\/revista\/#\/schema\/person\/fcb1a2122be3810bfdd0c071b4b3e9c4","name":"admin","image":{"@type":"ImageObject","inLanguage":"en-US","@id":"https:\/\/secure.gravatar.com\/avatar\/1cb55a5bd8d6824519e46b552e84b03575857cc9c4d6333824d2f95d82129f50?s=96&d=mm&r=g","url":"https:\/\/secure.gravatar.com\/avatar\/1cb55a5bd8d6824519e46b552e84b03575857cc9c4d6333824d2f95d82129f50?s=96&d=mm&r=g","contentUrl":"https:\/\/secure.gravatar.com\/avatar\/1cb55a5bd8d6824519e46b552e84b03575857cc9c4d6333824d2f95d82129f50?s=96&d=mm&r=g","caption":"admin"},"url":"https:\/\/poesiaerestu.com\/revista\/author\/admin\/"}]}},"_links":{"self":[{"href":"https:\/\/poesiaerestu.com\/revista\/wp-json\/wp\/v2\/posts\/1492","targetHints":{"allow":["GET"]}}],"collection":[{"href":"https:\/\/poesiaerestu.com\/revista\/wp-json\/wp\/v2\/posts"}],"about":[{"href":"https:\/\/poesiaerestu.com\/revista\/wp-json\/wp\/v2\/types\/post"}],"author":[{"embeddable":true,"href":"https:\/\/poesiaerestu.com\/revista\/wp-json\/wp\/v2\/users\/1"}],"replies":[{"embeddable":true,"href":"https:\/\/poesiaerestu.com\/revista\/wp-json\/wp\/v2\/comments?post=1492"}],"version-history":[{"count":0,"href":"https:\/\/poesiaerestu.com\/revista\/wp-json\/wp\/v2\/posts\/1492\/revisions"}],"wp:featuredmedia":[{"embeddable":true,"href":"https:\/\/poesiaerestu.com\/revista\/wp-json\/wp\/v2\/media\/1493"}],"wp:attachment":[{"href":"https:\/\/poesiaerestu.com\/revista\/wp-json\/wp\/v2\/media?parent=1492"}],"wp:term":[{"taxonomy":"category","embeddable":true,"href":"https:\/\/poesiaerestu.com\/revista\/wp-json\/wp\/v2\/categories?post=1492"},{"taxonomy":"post_tag","embeddable":true,"href":"https:\/\/poesiaerestu.com\/revista\/wp-json\/wp\/v2\/tags?post=1492"}],"curies":[{"name":"wp","href":"https:\/\/api.w.org\/{rel}","templated":true}]}}