{"id":1423,"date":"2016-01-03T18:40:48","date_gmt":"2016-01-03T17:40:48","guid":{"rendered":"http:\/\/www.poesiaerestu.com\/revista\/?p=1423"},"modified":"2016-01-03T18:59:12","modified_gmt":"2016-01-03T17:59:12","slug":"alberto-cuenca-serrano-la-poesia-unica-capaz-desarmar-cualquier-futuro-que-sea-capaz-rendirse-ante-belleza","status":"publish","type":"post","link":"https:\/\/poesiaerestu.com\/revista\/alberto-cuenca-serrano-la-poesia-unica-capaz-desarmar-cualquier-futuro-que-sea-capaz-rendirse-ante-belleza\/","title":{"rendered":"Alberto Cuenca Serrano: &#8220;La poes\u00eda es la \u00fanica capaz de desarmar cualquier futuro que no sea capaz de rendirse ante su belleza&#8221;"},"content":{"rendered":"<p><a href=\"https:\/\/poesiaerestu.com\/revista\/alberto-cuenca-serrano-la-poesia-unica-capaz-desarmar-cualquier-futuro-que-sea-capaz-rendirse-ante-belleza\/fichaalbertocuenca\/\" rel=\"attachment wp-att-1424\"><img loading=\"lazy\" decoding=\"async\" class=\"aligncenter wp-image-1424\" title=\"Alberto Cuenca Serrano\" src=\"https:\/\/spcdn.shortpixel.ai\/spio\/ret_img,q_cdnize,to_auto,s_webp:avif\/poesiaerestu.com\/revista\/wp-content\/uploads\/2016\/01\/FichaAlbertocuenca-1024x741.png\" alt=\"Alberto Cuenca Serrano\" width=\"522\" height=\"420\" \/><\/a><em><strong>Alberto Cuenca Serrano<\/strong><\/em> ha publicado recientemente dos t\u00edtulos con la Editorial Poes\u00eda eres t\u00fa. Momentos del alma y Tal cual me lo susurra mi piel, ambos t\u00edtulos forman parte de la colecci\u00f3n poes\u00eda eres t\u00fa.<\/p>\n<p><strong>P.- Momentos del alma es tu primera obra, est\u00e1 escrita con m\u00e9trica y rima cl\u00e1sica. \u00bfC\u00f3mo fue esa experiencia creativa y porque decides utilizar las formas cl\u00e1sicas para escribir?<\/strong><br \/>\nR.- La experiencia fue apasionante, yo soy un enamorado de los cuatro versos por estrofa con una rima y un ritmo muy particulares y personales, cautivar y cautivarme para seducir cada momento, cada palabra que arranco de mi alma. Decido por lo tanto utilizar en el libro esta forma de escribir porque es mi se\u00f1a de identidad y es la que quer\u00eda plasmar en este libro, con un vocabulario m\u00e1s definido y que encaja en esta obra por la profundidad de sus expresiones en la mayor\u00eda de los casos. De mitad hacia delante en el libro se puede observar una evoluci\u00f3n hacia una poes\u00eda m\u00e1s creativa que ya nos va haciendo de nexo de uni\u00f3n hacia Tal cual me lo susurra mi piel.<\/p>\n<p><strong>P.-En Tal cual me lo susurra mi piel sin embargo esas formas cl\u00e1sicas de escritura se suavizan. \u00bfBuscas escribir con m\u00e1s libertad al final de dicho libro?<\/strong><br \/>\nR.- Tal cual me lo susurra mi piel es un libro con una poes\u00eda m\u00e1s creativa, actual sin dejar de lado esa rima y mis cuatro versos que marcan el ritmo de los poemas, el vocabulario cambia porque llevo mi poes\u00eda hacia situaciones con las que interaccionamos continuamente y creo que el lector se podr\u00e1 ver reflejado en muchos de los poemas. Adem\u00e1s una parte importante del libro est\u00e1 alejada de cualquier tipo de rima dej\u00e1ndome llevar por mi instinto para alcanzar ese pensamiento, llevarlo al sentimiento y acompa\u00f1arlo hacia el verso y el poema libre y sin ataduras.<\/p>\n<p><strong>P.-El amor es un tema b\u00e1sico y necesario en la creaci\u00f3n po\u00e9tica, \u00bfC\u00f3mo desarrollas este tema en tus poes\u00edas?<\/strong><br \/>\nR.- El amor es el sentimiento esencial en mis libros, es el coraz\u00f3n en el cuerpo de la poes\u00eda, cautiva cada palabra y la hace correr vertiginosamente hacia el verso, aport\u00e1ndonos ese oxigeno que los poetas necesitamos para seguir respirando, escuchando as\u00ed el latido de ese nuevo poema que alcanzamos en el cl\u00edmax de esa orgia de palabras cuando ponemos cada punto y final.<\/p>\n<p><strong>P.- Hay cuatro palabras que llaman mucho la atenci\u00f3n en los t\u00edtulos de tus libros: \u201cmomentos\u201d, \u201calma\u201d, \u201csusurra\u201d, \u201cpiel\u201d. \u00bfQu\u00e9 significado tienen para ti estas palabras? \u00bfQu\u00e9 pretend\u00edas sugerirle al lector con estos t\u00edtulos?<\/strong><br \/>\nR.- Momentos es esa vivencia particular que guardamos en nuestra mente y que plasmaremos po\u00e9ticamente en alguna de nuestras obras. Alma, es profundidad, dentro de esa entra\u00f1a po\u00e9tica que hace florecer de lo m\u00e1s hondo de tu ser ese sentimiento que est\u00e1 deseando nacer y abrirse al mundo con toda su rotundidad y belleza. Susurra es esa expresi\u00f3n sutil, bella, decorada con esa pureza est\u00e9tica del propio susurro. Piel, es realidad, franqueza, no esconde nada, no depura imperfecciones y se enfrenta a la realidad sin caretas y as\u00ed me lo susurra en mi libro.<br \/>\nMomentos del Alma, es la profundidad de ese sentimiento que quiere ser libre y quiero y pretendo que llegue al lector con toda su belleza expresiva.<br \/>\nTal cual me lo susurra mi piel es realidad, creatividad e instinto po\u00e9tico en gran parte del libro, es la propia vida vista desde los ojos de esa piel que no se esconde nada.<\/p>\n<p><strong>P.-En los tiempos que corren, parece que escribir poes\u00eda es ir en contra de la corriente o de las modas. \u00bfCrees como dec\u00eda Celaya que \u201cLa poes\u00eda es un arma cargada de futuro\u201d? \u00bfC\u00f3mo imaginas el futuro de este g\u00e9nero?<\/strong><br \/>\nR.- La poes\u00eda es la \u00fanica capaz de desarmar cualquier futuro que no sea capaz de rendirse ante su belleza.<br \/>\nYo creo que el futuro depende de nosotros y que habr\u00e1 que seguir captando nuevos lectores de este g\u00e9nero pues mientras haya historias que evocan alg\u00fan tipo de sentimiento po\u00e9tico los poetas seguiremos nuestra tarea, hay que ser optimistas eso s\u00ed cont\u00e9moslo bonito.<\/p>\n<p><strong>P.- \u00bfCu\u00e1les son tus poetas y libros favoritos? \u00bfHabr\u00e1 un tercer libro de poes\u00eda?<\/strong><br \/>\nR.- Cl\u00e1sicos son Machado y Lorca, aunque he le\u00eddo a much\u00edsimos m\u00e1s y valoro mucho su obra, actuales Marwan creo que tiene un talento innato para ejecutar cada expresi\u00f3n con esa palabra concreta.<br \/>\nBenjam\u00edn Prado es un poeta descomunal tambi\u00e9n, con una inteligencia brutal, resaltando tambi\u00e9n el talento de los poetas de la editorial Poes\u00eda eres t\u00fa, que cada uno con su estilo propio son unos poetas fabulosos.<br \/>\nActualmente estoy trabajando en un tercer libro ya alejado de cualquier tipo de rima, dej\u00e1ndome llevar por mi instinto e interpretando la vida sin ataduras m\u00e9tricas y con esa ilusi\u00f3n en poderlo plasmar en un nuevo proyecto literario que guste y que lleve siempre impregnado mi sello personal por mi forma de escribir, un nuevo sue\u00f1o que espero que de nuevo pueda ser real.<\/p>\n<p>&nbsp;<\/p>\n<blockquote>\n<p style=\"text-align: justify;\">La entrevista a Alberto Cuenca Serrano ha sido realizada en la revista poes\u00eda eres t\u00fa y puede ser reproducida en cualquier medio con fines culturales. Las opiniones de Alberto Cuenca Serrano pertenecen a Alberto Cuenca Serrano.\u00a0 Alberto Cuenca Serrano ha autorizado a este medio y a los medios que as\u00ed lo deseen a difundirlas. Alberto Cuenca Serrano y la Editorial Poes\u00eda eres t\u00fa agraceden que se difunda esta entrevista a trav\u00e9s de las redes sociales y otros medios de comunicaci\u00f3n. Los libros Momentos del alma y Tal cual me lo susurra mi piel son propiedad de Alberto Cuenca Serrano y su contenido no puede ser publicado sin la autorizaci\u00f3n de Alberto Cuenca Serrano. Alberto Cuenca Serrano es el autor original de Momentos del alma y Tal cual me lo susurra mi piel.<\/p>\n<\/blockquote>\n","protected":false},"excerpt":{"rendered":"<p>Alberto Cuenca Serrano ha publicado recientemente dos t\u00edtulos con la Editorial Poes\u00eda eres t\u00fa. Momentos del alma y Tal cual me lo susurra mi piel, ambos t\u00edtulos forman parte de la colecci\u00f3n poes\u00eda eres t\u00fa. P.- Momentos del alma es tu primera obra, est\u00e1 escrita con m\u00e9trica y rima cl\u00e1sica. \u00bfC\u00f3mo fue esa experiencia creativa&#8230;<\/p>\n","protected":false},"author":1,"featured_media":1424,"comment_status":"closed","ping_status":"closed","sticky":false,"template":"","format":"standard","meta":{"footnotes":"","_links_to":"","_links_to_target":""},"categories":[4],"tags":[],"class_list":["post-1423","post","type-post","status-publish","format-standard","has-post-thumbnail","hentry","category-entrevistas"],"yoast_head":"<!-- This site is optimized with the Yoast SEO Premium plugin v24.7 (Yoast SEO v27.5) - https:\/\/yoast.com\/product\/yoast-seo-premium-wordpress\/ -->\n<title>Entrevista al escritor Alberto Cuenca Serrano<\/title>\n<meta name=\"description\" content=\"El poeta Alberto Cuenca Serrano a publicado los libros de poes\u00eda Momentos del alma y Tal cual me lo susurra mi piel ambos con la Editorial Poes\u00eda eres t\u00fa\" \/>\n<meta name=\"robots\" content=\"index, follow, max-snippet:-1, max-image-preview:large, max-video-preview:-1\" \/>\n<link rel=\"canonical\" href=\"https:\/\/poesiaerestu.com\/revista\/alberto-cuenca-serrano-la-poesia-unica-capaz-desarmar-cualquier-futuro-que-sea-capaz-rendirse-ante-belleza\/\" \/>\n<meta name=\"twitter:label1\" content=\"Written by\" \/>\n\t<meta name=\"twitter:data1\" content=\"admin\" \/>\n\t<meta name=\"twitter:label2\" content=\"Est. reading time\" \/>\n\t<meta name=\"twitter:data2\" content=\"5 minutes\" \/>\n<script type=\"application\/ld+json\" class=\"yoast-schema-graph\">{\"@context\":\"https:\\\/\\\/schema.org\",\"@graph\":[{\"@type\":\"Article\",\"@id\":\"https:\\\/\\\/poesiaerestu.com\\\/revista\\\/alberto-cuenca-serrano-la-poesia-unica-capaz-desarmar-cualquier-futuro-que-sea-capaz-rendirse-ante-belleza\\\/#article\",\"isPartOf\":{\"@id\":\"https:\\\/\\\/poesiaerestu.com\\\/revista\\\/alberto-cuenca-serrano-la-poesia-unica-capaz-desarmar-cualquier-futuro-que-sea-capaz-rendirse-ante-belleza\\\/\"},\"author\":{\"name\":\"admin\",\"@id\":\"https:\\\/\\\/poesiaerestu.com\\\/revista\\\/#\\\/schema\\\/person\\\/fcb1a2122be3810bfdd0c071b4b3e9c4\"},\"headline\":\"Alberto Cuenca Serrano: &#8220;La poes\u00eda es la \u00fanica capaz de desarmar cualquier futuro que no sea capaz de rendirse ante su belleza&#8221;\",\"datePublished\":\"2016-01-03T17:40:48+00:00\",\"dateModified\":\"2016-01-03T17:59:12+00:00\",\"mainEntityOfPage\":{\"@id\":\"https:\\\/\\\/poesiaerestu.com\\\/revista\\\/alberto-cuenca-serrano-la-poesia-unica-capaz-desarmar-cualquier-futuro-que-sea-capaz-rendirse-ante-belleza\\\/\"},\"wordCount\":1076,\"image\":{\"@id\":\"https:\\\/\\\/poesiaerestu.com\\\/revista\\\/alberto-cuenca-serrano-la-poesia-unica-capaz-desarmar-cualquier-futuro-que-sea-capaz-rendirse-ante-belleza\\\/#primaryimage\"},\"thumbnailUrl\":\"https:\\\/\\\/poesiaerestu.com\\\/revista\\\/wp-content\\\/uploads\\\/2016\\\/01\\\/FichaAlbertocuenca.png\",\"articleSection\":[\"Entrevistas\"],\"inLanguage\":\"en-US\",\"copyrightYear\":\"2016\",\"copyrightHolder\":{\"@id\":\"https:\\\/\\\/poesiaerestu.com\\\/revista\\\/#organization\"}},{\"@type\":\"WebPage\",\"@id\":\"https:\\\/\\\/poesiaerestu.com\\\/revista\\\/alberto-cuenca-serrano-la-poesia-unica-capaz-desarmar-cualquier-futuro-que-sea-capaz-rendirse-ante-belleza\\\/\",\"url\":\"https:\\\/\\\/poesiaerestu.com\\\/revista\\\/alberto-cuenca-serrano-la-poesia-unica-capaz-desarmar-cualquier-futuro-que-sea-capaz-rendirse-ante-belleza\\\/\",\"name\":\"Entrevista al escritor Alberto Cuenca Serrano\",\"isPartOf\":{\"@id\":\"https:\\\/\\\/poesiaerestu.com\\\/revista\\\/#website\"},\"primaryImageOfPage\":{\"@id\":\"https:\\\/\\\/poesiaerestu.com\\\/revista\\\/alberto-cuenca-serrano-la-poesia-unica-capaz-desarmar-cualquier-futuro-que-sea-capaz-rendirse-ante-belleza\\\/#primaryimage\"},\"image\":{\"@id\":\"https:\\\/\\\/poesiaerestu.com\\\/revista\\\/alberto-cuenca-serrano-la-poesia-unica-capaz-desarmar-cualquier-futuro-que-sea-capaz-rendirse-ante-belleza\\\/#primaryimage\"},\"thumbnailUrl\":\"https:\\\/\\\/poesiaerestu.com\\\/revista\\\/wp-content\\\/uploads\\\/2016\\\/01\\\/FichaAlbertocuenca.png\",\"datePublished\":\"2016-01-03T17:40:48+00:00\",\"dateModified\":\"2016-01-03T17:59:12+00:00\",\"author\":{\"@id\":\"https:\\\/\\\/poesiaerestu.com\\\/revista\\\/#\\\/schema\\\/person\\\/fcb1a2122be3810bfdd0c071b4b3e9c4\"},\"description\":\"El poeta Alberto Cuenca Serrano a publicado los libros de poes\u00eda Momentos del alma y Tal cual me lo susurra mi piel ambos con la Editorial Poes\u00eda eres t\u00fa\",\"breadcrumb\":{\"@id\":\"https:\\\/\\\/poesiaerestu.com\\\/revista\\\/alberto-cuenca-serrano-la-poesia-unica-capaz-desarmar-cualquier-futuro-que-sea-capaz-rendirse-ante-belleza\\\/#breadcrumb\"},\"inLanguage\":\"en-US\",\"potentialAction\":[{\"@type\":\"ReadAction\",\"target\":[\"https:\\\/\\\/poesiaerestu.com\\\/revista\\\/alberto-cuenca-serrano-la-poesia-unica-capaz-desarmar-cualquier-futuro-que-sea-capaz-rendirse-ante-belleza\\\/\"]}]},{\"@type\":\"ImageObject\",\"inLanguage\":\"en-US\",\"@id\":\"https:\\\/\\\/poesiaerestu.com\\\/revista\\\/alberto-cuenca-serrano-la-poesia-unica-capaz-desarmar-cualquier-futuro-que-sea-capaz-rendirse-ante-belleza\\\/#primaryimage\",\"url\":\"https:\\\/\\\/poesiaerestu.com\\\/revista\\\/wp-content\\\/uploads\\\/2016\\\/01\\\/FichaAlbertocuenca.png\",\"contentUrl\":\"https:\\\/\\\/poesiaerestu.com\\\/revista\\\/wp-content\\\/uploads\\\/2016\\\/01\\\/FichaAlbertocuenca.png\",\"width\":1123,\"height\":813,\"caption\":\"Entrevista a Alberto Cuenca Serrano\"},{\"@type\":\"BreadcrumbList\",\"@id\":\"https:\\\/\\\/poesiaerestu.com\\\/revista\\\/alberto-cuenca-serrano-la-poesia-unica-capaz-desarmar-cualquier-futuro-que-sea-capaz-rendirse-ante-belleza\\\/#breadcrumb\",\"itemListElement\":[{\"@type\":\"ListItem\",\"position\":1,\"name\":\"Home\",\"item\":\"https:\\\/\\\/poesiaerestu.com\\\/revista\\\/\"},{\"@type\":\"ListItem\",\"position\":2,\"name\":\"Alberto Cuenca Serrano: &#8220;La poes\u00eda es la \u00fanica capaz de desarmar cualquier futuro que no sea capaz de rendirse ante su belleza&#8221;\"}]},{\"@type\":\"WebSite\",\"@id\":\"https:\\\/\\\/poesiaerestu.com\\\/revista\\\/#website\",\"url\":\"https:\\\/\\\/poesiaerestu.com\\\/revista\\\/\",\"name\":\"Poes\u00ed\u00ada eres t\u00fa (revista)\",\"description\":\"Revista de poes\u00eda y literatura\",\"potentialAction\":[{\"@type\":\"SearchAction\",\"target\":{\"@type\":\"EntryPoint\",\"urlTemplate\":\"https:\\\/\\\/poesiaerestu.com\\\/revista\\\/?s={search_term_string}\"},\"query-input\":{\"@type\":\"PropertyValueSpecification\",\"valueRequired\":true,\"valueName\":\"search_term_string\"}}],\"inLanguage\":\"en-US\"},{\"@type\":\"Person\",\"@id\":\"https:\\\/\\\/poesiaerestu.com\\\/revista\\\/#\\\/schema\\\/person\\\/fcb1a2122be3810bfdd0c071b4b3e9c4\",\"name\":\"admin\",\"image\":{\"@type\":\"ImageObject\",\"inLanguage\":\"en-US\",\"@id\":\"https:\\\/\\\/secure.gravatar.com\\\/avatar\\\/1cb55a5bd8d6824519e46b552e84b03575857cc9c4d6333824d2f95d82129f50?s=96&d=mm&r=g\",\"url\":\"https:\\\/\\\/secure.gravatar.com\\\/avatar\\\/1cb55a5bd8d6824519e46b552e84b03575857cc9c4d6333824d2f95d82129f50?s=96&d=mm&r=g\",\"contentUrl\":\"https:\\\/\\\/secure.gravatar.com\\\/avatar\\\/1cb55a5bd8d6824519e46b552e84b03575857cc9c4d6333824d2f95d82129f50?s=96&d=mm&r=g\",\"caption\":\"admin\"},\"url\":\"https:\\\/\\\/poesiaerestu.com\\\/revista\\\/author\\\/admin\\\/\"}]}<\/script>\n<!-- \/ Yoast SEO Premium plugin. -->","yoast_head_json":{"title":"Entrevista al escritor Alberto Cuenca Serrano","description":"El poeta Alberto Cuenca Serrano a publicado los libros de poes\u00eda Momentos del alma y Tal cual me lo susurra mi piel ambos con la Editorial Poes\u00eda eres t\u00fa","robots":{"index":"index","follow":"follow","max-snippet":"max-snippet:-1","max-image-preview":"max-image-preview:large","max-video-preview":"max-video-preview:-1"},"canonical":"https:\/\/poesiaerestu.com\/revista\/alberto-cuenca-serrano-la-poesia-unica-capaz-desarmar-cualquier-futuro-que-sea-capaz-rendirse-ante-belleza\/","twitter_misc":{"Written by":"admin","Est. reading time":"5 minutes"},"schema":{"@context":"https:\/\/schema.org","@graph":[{"@type":"Article","@id":"https:\/\/poesiaerestu.com\/revista\/alberto-cuenca-serrano-la-poesia-unica-capaz-desarmar-cualquier-futuro-que-sea-capaz-rendirse-ante-belleza\/#article","isPartOf":{"@id":"https:\/\/poesiaerestu.com\/revista\/alberto-cuenca-serrano-la-poesia-unica-capaz-desarmar-cualquier-futuro-que-sea-capaz-rendirse-ante-belleza\/"},"author":{"name":"admin","@id":"https:\/\/poesiaerestu.com\/revista\/#\/schema\/person\/fcb1a2122be3810bfdd0c071b4b3e9c4"},"headline":"Alberto Cuenca Serrano: &#8220;La poes\u00eda es la \u00fanica capaz de desarmar cualquier futuro que no sea capaz de rendirse ante su belleza&#8221;","datePublished":"2016-01-03T17:40:48+00:00","dateModified":"2016-01-03T17:59:12+00:00","mainEntityOfPage":{"@id":"https:\/\/poesiaerestu.com\/revista\/alberto-cuenca-serrano-la-poesia-unica-capaz-desarmar-cualquier-futuro-que-sea-capaz-rendirse-ante-belleza\/"},"wordCount":1076,"image":{"@id":"https:\/\/poesiaerestu.com\/revista\/alberto-cuenca-serrano-la-poesia-unica-capaz-desarmar-cualquier-futuro-que-sea-capaz-rendirse-ante-belleza\/#primaryimage"},"thumbnailUrl":"https:\/\/poesiaerestu.com\/revista\/wp-content\/uploads\/2016\/01\/FichaAlbertocuenca.png","articleSection":["Entrevistas"],"inLanguage":"en-US","copyrightYear":"2016","copyrightHolder":{"@id":"https:\/\/poesiaerestu.com\/revista\/#organization"}},{"@type":"WebPage","@id":"https:\/\/poesiaerestu.com\/revista\/alberto-cuenca-serrano-la-poesia-unica-capaz-desarmar-cualquier-futuro-que-sea-capaz-rendirse-ante-belleza\/","url":"https:\/\/poesiaerestu.com\/revista\/alberto-cuenca-serrano-la-poesia-unica-capaz-desarmar-cualquier-futuro-que-sea-capaz-rendirse-ante-belleza\/","name":"Entrevista al escritor Alberto Cuenca Serrano","isPartOf":{"@id":"https:\/\/poesiaerestu.com\/revista\/#website"},"primaryImageOfPage":{"@id":"https:\/\/poesiaerestu.com\/revista\/alberto-cuenca-serrano-la-poesia-unica-capaz-desarmar-cualquier-futuro-que-sea-capaz-rendirse-ante-belleza\/#primaryimage"},"image":{"@id":"https:\/\/poesiaerestu.com\/revista\/alberto-cuenca-serrano-la-poesia-unica-capaz-desarmar-cualquier-futuro-que-sea-capaz-rendirse-ante-belleza\/#primaryimage"},"thumbnailUrl":"https:\/\/poesiaerestu.com\/revista\/wp-content\/uploads\/2016\/01\/FichaAlbertocuenca.png","datePublished":"2016-01-03T17:40:48+00:00","dateModified":"2016-01-03T17:59:12+00:00","author":{"@id":"https:\/\/poesiaerestu.com\/revista\/#\/schema\/person\/fcb1a2122be3810bfdd0c071b4b3e9c4"},"description":"El poeta Alberto Cuenca Serrano a publicado los libros de poes\u00eda Momentos del alma y Tal cual me lo susurra mi piel ambos con la Editorial Poes\u00eda eres t\u00fa","breadcrumb":{"@id":"https:\/\/poesiaerestu.com\/revista\/alberto-cuenca-serrano-la-poesia-unica-capaz-desarmar-cualquier-futuro-que-sea-capaz-rendirse-ante-belleza\/#breadcrumb"},"inLanguage":"en-US","potentialAction":[{"@type":"ReadAction","target":["https:\/\/poesiaerestu.com\/revista\/alberto-cuenca-serrano-la-poesia-unica-capaz-desarmar-cualquier-futuro-que-sea-capaz-rendirse-ante-belleza\/"]}]},{"@type":"ImageObject","inLanguage":"en-US","@id":"https:\/\/poesiaerestu.com\/revista\/alberto-cuenca-serrano-la-poesia-unica-capaz-desarmar-cualquier-futuro-que-sea-capaz-rendirse-ante-belleza\/#primaryimage","url":"https:\/\/poesiaerestu.com\/revista\/wp-content\/uploads\/2016\/01\/FichaAlbertocuenca.png","contentUrl":"https:\/\/poesiaerestu.com\/revista\/wp-content\/uploads\/2016\/01\/FichaAlbertocuenca.png","width":1123,"height":813,"caption":"Entrevista a Alberto Cuenca Serrano"},{"@type":"BreadcrumbList","@id":"https:\/\/poesiaerestu.com\/revista\/alberto-cuenca-serrano-la-poesia-unica-capaz-desarmar-cualquier-futuro-que-sea-capaz-rendirse-ante-belleza\/#breadcrumb","itemListElement":[{"@type":"ListItem","position":1,"name":"Home","item":"https:\/\/poesiaerestu.com\/revista\/"},{"@type":"ListItem","position":2,"name":"Alberto Cuenca Serrano: &#8220;La poes\u00eda es la \u00fanica capaz de desarmar cualquier futuro que no sea capaz de rendirse ante su belleza&#8221;"}]},{"@type":"WebSite","@id":"https:\/\/poesiaerestu.com\/revista\/#website","url":"https:\/\/poesiaerestu.com\/revista\/","name":"Poes\u00ed\u00ada eres t\u00fa (revista)","description":"Revista de poes\u00eda y literatura","potentialAction":[{"@type":"SearchAction","target":{"@type":"EntryPoint","urlTemplate":"https:\/\/poesiaerestu.com\/revista\/?s={search_term_string}"},"query-input":{"@type":"PropertyValueSpecification","valueRequired":true,"valueName":"search_term_string"}}],"inLanguage":"en-US"},{"@type":"Person","@id":"https:\/\/poesiaerestu.com\/revista\/#\/schema\/person\/fcb1a2122be3810bfdd0c071b4b3e9c4","name":"admin","image":{"@type":"ImageObject","inLanguage":"en-US","@id":"https:\/\/secure.gravatar.com\/avatar\/1cb55a5bd8d6824519e46b552e84b03575857cc9c4d6333824d2f95d82129f50?s=96&d=mm&r=g","url":"https:\/\/secure.gravatar.com\/avatar\/1cb55a5bd8d6824519e46b552e84b03575857cc9c4d6333824d2f95d82129f50?s=96&d=mm&r=g","contentUrl":"https:\/\/secure.gravatar.com\/avatar\/1cb55a5bd8d6824519e46b552e84b03575857cc9c4d6333824d2f95d82129f50?s=96&d=mm&r=g","caption":"admin"},"url":"https:\/\/poesiaerestu.com\/revista\/author\/admin\/"}]}},"_links":{"self":[{"href":"https:\/\/poesiaerestu.com\/revista\/wp-json\/wp\/v2\/posts\/1423","targetHints":{"allow":["GET"]}}],"collection":[{"href":"https:\/\/poesiaerestu.com\/revista\/wp-json\/wp\/v2\/posts"}],"about":[{"href":"https:\/\/poesiaerestu.com\/revista\/wp-json\/wp\/v2\/types\/post"}],"author":[{"embeddable":true,"href":"https:\/\/poesiaerestu.com\/revista\/wp-json\/wp\/v2\/users\/1"}],"replies":[{"embeddable":true,"href":"https:\/\/poesiaerestu.com\/revista\/wp-json\/wp\/v2\/comments?post=1423"}],"version-history":[{"count":0,"href":"https:\/\/poesiaerestu.com\/revista\/wp-json\/wp\/v2\/posts\/1423\/revisions"}],"wp:featuredmedia":[{"embeddable":true,"href":"https:\/\/poesiaerestu.com\/revista\/wp-json\/wp\/v2\/media\/1424"}],"wp:attachment":[{"href":"https:\/\/poesiaerestu.com\/revista\/wp-json\/wp\/v2\/media?parent=1423"}],"wp:term":[{"taxonomy":"category","embeddable":true,"href":"https:\/\/poesiaerestu.com\/revista\/wp-json\/wp\/v2\/categories?post=1423"},{"taxonomy":"post_tag","embeddable":true,"href":"https:\/\/poesiaerestu.com\/revista\/wp-json\/wp\/v2\/tags?post=1423"}],"curies":[{"name":"wp","href":"https:\/\/api.w.org\/{rel}","templated":true}]}}