{"id":1257,"date":"2014-05-24T12:49:56","date_gmt":"2014-05-24T10:49:56","guid":{"rendered":"http:\/\/www.poesiaerestu.com\/revista\/?p=1257"},"modified":"2014-05-24T12:49:56","modified_gmt":"2014-05-24T10:49:56","slug":"david-garcia-abejas-la-poesia-requiere-del-poeta-como-el-poeta-requiere-de-la-poesia-como-canal-de-expresion-de-sus-sentimientos","status":"publish","type":"post","link":"https:\/\/poesiaerestu.com\/revista\/david-garcia-abejas-la-poesia-requiere-del-poeta-como-el-poeta-requiere-de-la-poesia-como-canal-de-expresion-de-sus-sentimientos\/","title":{"rendered":"David Garc\u00eda Abejas: &#8220;La poes\u00eda requiere del poeta, como el poeta requiere de la poes\u00eda como canal de expresi\u00f3n de sus sentimientos&#8221;."},"content":{"rendered":"<figure id=\"attachment_1258\" aria-describedby=\"caption-attachment-1258\" style=\"width: 220px\" class=\"wp-caption alignleft\"><a ref=\"magnificPopup\" href=\"https:\/\/poesiaerestu.com\/revista\/wp-content\/uploads\/2014\/05\/DavidGarciaTraspa2.png\"><img loading=\"lazy\" decoding=\"async\" class=\"size-medium wp-image-1258\" src=\"https:\/\/spcdn.shortpixel.ai\/spio\/ret_img,q_cdnize,to_auto,s_webp:avif\/poesiaerestu.com\/revista\/wp-content\/uploads\/2014\/05\/DavidGarciaTraspa2-220x300.png\" alt=\"Poeta y escritor David Garc\u00eda Abejas\" width=\"220\" height=\"300\" \/><\/a><figcaption id=\"caption-attachment-1258\" class=\"wp-caption-text\">Poeta y escritor David Garc\u00eda Abejas<\/figcaption><\/figure>\n<p><strong>1\u00ba) \u00bfPodemos decir que De la Realidad y Del Amor, Del Poeta y Del Yo es un poemario autobiogr\u00e1fico? \u00bfCrees que la poes\u00eda requiere de las vivencias del autor?<\/strong><br \/>\nNo es ning\u00fan poemario autobiogr\u00e1fico, aunque alguna de las partes de algunos poemas s\u00ed que han sido parte de algunas vivencias, pero son im\u00e1genes o reflejos de esa realidad, ya que la imaginaci\u00f3n y la ficci\u00f3n literaria en la poes\u00eda se plasma en versos que tienen como base esa mezcla de vivencia y espejo de la memoria que se quiere reflejar en poes\u00eda. La percepci\u00f3n y la transformaci\u00f3n de esas vivencias, sensaciones, etc. buscan salida y expresi\u00f3n a trav\u00e9s de mis versos. Pero no es un poemario autobiogr\u00e1fico.<br \/>\nLa poes\u00eda requiere de la inspiraci\u00f3n del poeta y dentro de esa inspiraci\u00f3n un papel muy importante es su imaginaci\u00f3n y el saber ordenar el pensamiento de forma po\u00e9tica para que al final se cree un poema de forma que encierre lo que realmente se quiere transmitir.<br \/>\nLas vivencias son un hecho circunstancial de la existencia del hombre, y la poes\u00eda es el arte a trav\u00e9s del cual el poeta se manifiesta como canal de expresi\u00f3n.<br \/>\nLas vivencias van de la mano con la madurez de la persona, no se ve ni se siente igual una desgracia a los diez a\u00f1os de edad que a los cuarenta. La percepci\u00f3n del mundo no es igual, ni las ideas, ni los pensamientos, ni los sentimientos. Todo cambia dentro de la persona, menos la esencia.<br \/>\nLa poes\u00eda requiere del poeta, como el poeta requiere de la poes\u00eda como canal de expresi\u00f3n de sus sentimientos.<\/p>\n<p><strong>2\u00ba) Tu libro est\u00e1 dividido en tres partes diferenciadas. \u00bfHas seguido alg\u00fan criterio especial para hacer estas secciones?<\/strong><br \/>\nNo he seguido ning\u00fan criterio especial, s\u00f3lo que ten\u00eda much\u00edsimos poemas y los quise ordenar de alguna forma y en ese proceso, me di cuenta de que podr\u00edan encajar en tres pilares importantes, que son las tres partes en las que he dividido el libro:<br \/>\nDe la Realidad, son poemas de tem\u00e1tica social, poes\u00eda realista, donde se trata de forma cr\u00edtica a modo de ensayo la poes\u00eda y se plasma la realidad social en la cual vivimos.<br \/>\nDel Amor, son poemas rom\u00e1nticos, de amor y desamor. Todo lo relacionado con las relaciones amorosas y los deseos, de ser un rom\u00e1ntico, amante, pareja, etc.<br \/>\nDel Poeta y del Yo, es una parte intimista, la lucha del poeta con la persona.<br \/>\n<strong>3\u00ba) La forma en la que est\u00e1 escrita tu poemario jugando con las may\u00fasculas y min\u00fasculas \u00bfSe debe a una aportaci\u00f3n personal a la poes\u00eda o es algo est\u00e9tico?<\/strong><br \/>\nHe intentado darle un enfoque de rebeld\u00eda m\u00e9trica y sint\u00e1ctica, donde el encabalgamiento y el ritmo sea lo m\u00e1s libre posible; hay poemas donde he dejado la libertad de signos de puntuaci\u00f3n para que el lector juegue e interprete esos poemas a su libre albedr\u00edo, que se deje llevar. Que no s\u00f3lo el verso sea libre. Tengo una entrada en mi blog personal que habla de este tema.<\/p>\n<p><strong>4\u00ba) Tu poes\u00eda es sencilla donde lo cotidiano juega un papel importante, sin embargo, en algunos poemas sobre todo de la primera parte, se aprecia un contenido cr\u00edtico \u00bfPiensas que es una de las misiones de la poes\u00eda o del poeta?<\/strong><br \/>\nNo creo que sea ninguna misi\u00f3n, ni de la poes\u00eda ni del poeta.<br \/>\nLos artistas, el arte en general en su diversidad de disciplinas, no s\u00f3lo buscan la belleza, tambi\u00e9n el por qu\u00e9 y el c\u00f3mo de sus circunstancias en esta vida. La tem\u00e1tica art\u00edstica ha ido evolucionando a lo largo de la historia y en cada \u00e9poca ha habido movimientos en diferentes campos y \u00e1mbitos. El realismo ya tuvo su momento, al igual que el renacimiento fue una extensi\u00f3n de la \u00e9poca cl\u00e1sica, ahora en este siglo no hay un verdadero movimiento, no hay una l\u00ednea art\u00edstica definida, pero s\u00ed que creo en un artista que ponga de manifiesto su arte a disposici\u00f3n de sus verdaderos sentimientos y si ha de hacer una obra de contenido cr\u00edtico que as\u00ed sea, estamos en una \u00e9poca donde el realismo puede volver a resurgir con fuerza y la literatura cr\u00edtica puede tomar un verdadero papel.<br \/>\nLos intelectuales y los artistas deber\u00edan ser honestos y no venderse, hacer lo que realmente sienten, y alejarse de lo comercial y pensar en producto y venta. No venderse.<br \/>\nNo creo en una poes\u00eda comercial, ni pienso que pueda existir tal tipo de poes\u00eda, pero s\u00ed que creo que el intelectual, el autor, el escritor, el pensador, el m\u00fasico, etc. plasme lo que sienta a trav\u00e9s de su arte y si ha de criticar, que lo haga. Si emociona y conmueve las consciencias de la gente y de la sociedad, entonces habr\u00e1 servido para algo. Y el artista realmente se sentir\u00e1 realizado como tal y la gente podr\u00e1 apreciar realmente al verdadero artista, no al que se vende, al que escribe, compone, pinta lo que le dicen que se vende. Los artistas han de ser honestos con sus sentimientos y con su arte y no tienen que venderse, tienen que saber cu\u00e1l es su postura y su posici\u00f3n en la \u00e9poca en la que le ha tocado interactuar. Lo m\u00e1s importante es crear algo que realmente ha de salir de ti como sea, y sea lo que sea que salga, ser\u00e1 tuyo, se venda o no, guste o no.<br \/>\n<strong>5\u00ba) \u00bfHas buscado con tu poes\u00eda llegar directamente a los sentimientos del lector?<\/strong><br \/>\nLa poes\u00eda ha de emocionar para que pueda ser poes\u00eda. Y aunque no he buscado llegar directamente a los sentimientos del lector s\u00ed que desear\u00eda haberlo conseguido, aunque eso es lo m\u00e1s dif\u00edcil. Ellos tienen la palabra.<br \/>\n<strong>6\u00ba) \u00bfPor qu\u00e9 escribes? \u00bfEs quiz\u00e1s un modo de evasi\u00f3n?<\/strong><br \/>\nNo es ning\u00fan modo de evasi\u00f3n. M\u00e1s bien es pasi\u00f3n. Escribo porque siempre lo he hecho. Es parte de m\u00ed. Me gusta escribir y aunque ha habido etapas que me he dedicado a otros menesteres, siempre ha estado acompa\u00f1\u00e1ndome y nunca me ha abandonado.<br \/>\n<strong>7\u00ba) \u00bfPor qu\u00e9 g\u00e9nero po\u00e9tico y no narrativo? \u00bfTe has planteado escribir relato?<\/strong><br \/>\nLa poes\u00eda ha sido lo primero. No s\u00f3lo escribo poes\u00eda, tambi\u00e9n he escrito un par de obras de teatro y tengo a medias un proyecto de ensayo, adem\u00e1s de unas cuantas novelas sin terminar.<br \/>\n<strong> 8\u00ba) El amor ha sido un tema fundamental a lo largo de la historia de la literatura \u00bfQu\u00e9 importancia le das en tu poemario?<\/strong><br \/>\nEl amor ha sido, es y ser\u00e1 el motor del mundo y del ser humano. Est\u00e1 claro que sin amor el hombre no es hombre. El amor es el motor del universo y su energ\u00eda es la causante de la vida.<br \/>\nA veces uno siempre relaciona la poes\u00eda con los poemas de amor. Lo m\u00e1s rom\u00e1ntico.<br \/>\nEl Amor en mi poemario est\u00e1 tratado de varias formas; una forma ingenua, infantil, de adolescente y rom\u00e1ntica, y otra forma m\u00e1s madura de amor y de relaci\u00f3n de pareja.<br \/>\n<strong>9\u00ba) \u00bfHas tenido modelos literarios de escritores que desees imitar o hayas sentido su influencia?<\/strong><br \/>\nNo me gusta imitar a nadie, ni he deseado imitar a nadie. No me gustan los int\u00e9rpretes y los imitadores.<br \/>\nNo creo que tenga influencia de ning\u00fan escritor que yo sepa. Y espero nunca tenerla.<br \/>\n<strong> 10\u00ba) \u00bfQu\u00e9 proyectos literarios tienes en mente a corto o largo plazo?<\/strong><br \/>\nTengo varios proyectos de poemarios casi terminados en una l\u00ednea similar y estoy con el proyecto de dos novelas que ahora es lo que m\u00e1s me apetece y consumen todo mi tiempo.<\/p>\n","protected":false},"excerpt":{"rendered":"<p>1\u00ba) \u00bfPodemos decir que De la Realidad y Del Amor, Del Poeta y Del Yo es un poemario autobiogr\u00e1fico? \u00bfCrees que la poes\u00eda requiere de las vivencias del autor? No es ning\u00fan poemario autobiogr\u00e1fico, aunque alguna de las partes de algunos poemas s\u00ed que han sido parte de algunas vivencias, pero son im\u00e1genes o reflejos&#8230;<\/p>\n","protected":false},"author":1,"featured_media":1258,"comment_status":"open","ping_status":"open","sticky":false,"template":"","format":"standard","meta":{"footnotes":"","_links_to":"","_links_to_target":""},"categories":[4],"tags":[],"class_list":["post-1257","post","type-post","status-publish","format-standard","has-post-thumbnail","hentry","category-entrevistas"],"yoast_head":"<!-- This site is optimized with the Yoast SEO Premium plugin v24.7 (Yoast SEO v27.4) - https:\/\/yoast.com\/product\/yoast-seo-premium-wordpress\/ -->\n<title>David Garc\u00eda Abejas: &quot;La poes\u00eda requiere del poeta, como el poeta requiere de la poes\u00eda como canal de expresi\u00f3n de sus sentimientos&quot;.<\/title>\n<meta name=\"description\" content=\"Entrevista con el poeta David Garc\u00eda Abejas tras la publicaci\u00f3n de su libro &quot;De la realidad y del amor, del poeta y del yo&quot;\" \/>\n<meta name=\"robots\" content=\"index, follow, max-snippet:-1, max-image-preview:large, max-video-preview:-1\" \/>\n<link rel=\"canonical\" href=\"https:\/\/poesiaerestu.com\/revista\/david-garcia-abejas-la-poesia-requiere-del-poeta-como-el-poeta-requiere-de-la-poesia-como-canal-de-expresion-de-sus-sentimientos\/\" \/>\n<meta name=\"twitter:label1\" content=\"Written by\" \/>\n\t<meta name=\"twitter:data1\" content=\"admin\" \/>\n\t<meta name=\"twitter:label2\" content=\"Est. reading time\" \/>\n\t<meta name=\"twitter:data2\" content=\"7 minutes\" \/>\n<script type=\"application\/ld+json\" class=\"yoast-schema-graph\">{\"@context\":\"https:\\\/\\\/schema.org\",\"@graph\":[{\"@type\":\"Article\",\"@id\":\"https:\\\/\\\/poesiaerestu.com\\\/revista\\\/david-garcia-abejas-la-poesia-requiere-del-poeta-como-el-poeta-requiere-de-la-poesia-como-canal-de-expresion-de-sus-sentimientos\\\/#article\",\"isPartOf\":{\"@id\":\"https:\\\/\\\/poesiaerestu.com\\\/revista\\\/david-garcia-abejas-la-poesia-requiere-del-poeta-como-el-poeta-requiere-de-la-poesia-como-canal-de-expresion-de-sus-sentimientos\\\/\"},\"author\":{\"name\":\"admin\",\"@id\":\"https:\\\/\\\/poesiaerestu.com\\\/revista\\\/#\\\/schema\\\/person\\\/fcb1a2122be3810bfdd0c071b4b3e9c4\"},\"headline\":\"David Garc\u00eda Abejas: &#8220;La poes\u00eda requiere del poeta, como el poeta requiere de la poes\u00eda como canal de expresi\u00f3n de sus sentimientos&#8221;.\",\"datePublished\":\"2014-05-24T10:49:56+00:00\",\"mainEntityOfPage\":{\"@id\":\"https:\\\/\\\/poesiaerestu.com\\\/revista\\\/david-garcia-abejas-la-poesia-requiere-del-poeta-como-el-poeta-requiere-de-la-poesia-como-canal-de-expresion-de-sus-sentimientos\\\/\"},\"wordCount\":1387,\"commentCount\":0,\"image\":{\"@id\":\"https:\\\/\\\/poesiaerestu.com\\\/revista\\\/david-garcia-abejas-la-poesia-requiere-del-poeta-como-el-poeta-requiere-de-la-poesia-como-canal-de-expresion-de-sus-sentimientos\\\/#primaryimage\"},\"thumbnailUrl\":\"https:\\\/\\\/poesiaerestu.com\\\/revista\\\/wp-content\\\/uploads\\\/2014\\\/05\\\/DavidGarciaTraspa2.png\",\"articleSection\":[\"Entrevistas\"],\"inLanguage\":\"en-US\",\"copyrightYear\":\"2014\",\"copyrightHolder\":{\"@id\":\"https:\\\/\\\/poesiaerestu.com\\\/revista\\\/#organization\"}},{\"@type\":\"WebPage\",\"@id\":\"https:\\\/\\\/poesiaerestu.com\\\/revista\\\/david-garcia-abejas-la-poesia-requiere-del-poeta-como-el-poeta-requiere-de-la-poesia-como-canal-de-expresion-de-sus-sentimientos\\\/\",\"url\":\"https:\\\/\\\/poesiaerestu.com\\\/revista\\\/david-garcia-abejas-la-poesia-requiere-del-poeta-como-el-poeta-requiere-de-la-poesia-como-canal-de-expresion-de-sus-sentimientos\\\/\",\"name\":\"David Garc\u00eda Abejas: \\\"La poes\u00eda requiere del poeta, como el poeta requiere de la poes\u00eda como canal de expresi\u00f3n de sus sentimientos\\\".\",\"isPartOf\":{\"@id\":\"https:\\\/\\\/poesiaerestu.com\\\/revista\\\/#website\"},\"primaryImageOfPage\":{\"@id\":\"https:\\\/\\\/poesiaerestu.com\\\/revista\\\/david-garcia-abejas-la-poesia-requiere-del-poeta-como-el-poeta-requiere-de-la-poesia-como-canal-de-expresion-de-sus-sentimientos\\\/#primaryimage\"},\"image\":{\"@id\":\"https:\\\/\\\/poesiaerestu.com\\\/revista\\\/david-garcia-abejas-la-poesia-requiere-del-poeta-como-el-poeta-requiere-de-la-poesia-como-canal-de-expresion-de-sus-sentimientos\\\/#primaryimage\"},\"thumbnailUrl\":\"https:\\\/\\\/poesiaerestu.com\\\/revista\\\/wp-content\\\/uploads\\\/2014\\\/05\\\/DavidGarciaTraspa2.png\",\"datePublished\":\"2014-05-24T10:49:56+00:00\",\"author\":{\"@id\":\"https:\\\/\\\/poesiaerestu.com\\\/revista\\\/#\\\/schema\\\/person\\\/fcb1a2122be3810bfdd0c071b4b3e9c4\"},\"description\":\"Entrevista con el poeta David Garc\u00eda Abejas tras la publicaci\u00f3n de su libro \\\"De la realidad y del amor, del poeta y del yo\\\"\",\"breadcrumb\":{\"@id\":\"https:\\\/\\\/poesiaerestu.com\\\/revista\\\/david-garcia-abejas-la-poesia-requiere-del-poeta-como-el-poeta-requiere-de-la-poesia-como-canal-de-expresion-de-sus-sentimientos\\\/#breadcrumb\"},\"inLanguage\":\"en-US\",\"potentialAction\":[{\"@type\":\"ReadAction\",\"target\":[\"https:\\\/\\\/poesiaerestu.com\\\/revista\\\/david-garcia-abejas-la-poesia-requiere-del-poeta-como-el-poeta-requiere-de-la-poesia-como-canal-de-expresion-de-sus-sentimientos\\\/\"]}]},{\"@type\":\"ImageObject\",\"inLanguage\":\"en-US\",\"@id\":\"https:\\\/\\\/poesiaerestu.com\\\/revista\\\/david-garcia-abejas-la-poesia-requiere-del-poeta-como-el-poeta-requiere-de-la-poesia-como-canal-de-expresion-de-sus-sentimientos\\\/#primaryimage\",\"url\":\"https:\\\/\\\/poesiaerestu.com\\\/revista\\\/wp-content\\\/uploads\\\/2014\\\/05\\\/DavidGarciaTraspa2.png\",\"contentUrl\":\"https:\\\/\\\/poesiaerestu.com\\\/revista\\\/wp-content\\\/uploads\\\/2014\\\/05\\\/DavidGarciaTraspa2.png\",\"width\":378,\"height\":514,\"caption\":\"Poeta y escritor David Garc\u00eda Abejas\"},{\"@type\":\"BreadcrumbList\",\"@id\":\"https:\\\/\\\/poesiaerestu.com\\\/revista\\\/david-garcia-abejas-la-poesia-requiere-del-poeta-como-el-poeta-requiere-de-la-poesia-como-canal-de-expresion-de-sus-sentimientos\\\/#breadcrumb\",\"itemListElement\":[{\"@type\":\"ListItem\",\"position\":1,\"name\":\"Home\",\"item\":\"https:\\\/\\\/poesiaerestu.com\\\/revista\\\/\"},{\"@type\":\"ListItem\",\"position\":2,\"name\":\"David Garc\u00eda Abejas: &#8220;La poes\u00eda requiere del poeta, como el poeta requiere de la poes\u00eda como canal de expresi\u00f3n de sus sentimientos&#8221;.\"}]},{\"@type\":\"WebSite\",\"@id\":\"https:\\\/\\\/poesiaerestu.com\\\/revista\\\/#website\",\"url\":\"https:\\\/\\\/poesiaerestu.com\\\/revista\\\/\",\"name\":\"Poes\u00ed\u00ada eres t\u00fa (revista)\",\"description\":\"Revista de poes\u00eda y literatura\",\"potentialAction\":[{\"@type\":\"SearchAction\",\"target\":{\"@type\":\"EntryPoint\",\"urlTemplate\":\"https:\\\/\\\/poesiaerestu.com\\\/revista\\\/?s={search_term_string}\"},\"query-input\":{\"@type\":\"PropertyValueSpecification\",\"valueRequired\":true,\"valueName\":\"search_term_string\"}}],\"inLanguage\":\"en-US\"},{\"@type\":\"Person\",\"@id\":\"https:\\\/\\\/poesiaerestu.com\\\/revista\\\/#\\\/schema\\\/person\\\/fcb1a2122be3810bfdd0c071b4b3e9c4\",\"name\":\"admin\",\"image\":{\"@type\":\"ImageObject\",\"inLanguage\":\"en-US\",\"@id\":\"https:\\\/\\\/secure.gravatar.com\\\/avatar\\\/1cb55a5bd8d6824519e46b552e84b03575857cc9c4d6333824d2f95d82129f50?s=96&d=mm&r=g\",\"url\":\"https:\\\/\\\/secure.gravatar.com\\\/avatar\\\/1cb55a5bd8d6824519e46b552e84b03575857cc9c4d6333824d2f95d82129f50?s=96&d=mm&r=g\",\"contentUrl\":\"https:\\\/\\\/secure.gravatar.com\\\/avatar\\\/1cb55a5bd8d6824519e46b552e84b03575857cc9c4d6333824d2f95d82129f50?s=96&d=mm&r=g\",\"caption\":\"admin\"},\"url\":\"https:\\\/\\\/poesiaerestu.com\\\/revista\\\/author\\\/admin\\\/\"}]}<\/script>\n<!-- \/ Yoast SEO Premium plugin. -->","yoast_head_json":{"title":"David Garc\u00eda Abejas: \"La poes\u00eda requiere del poeta, como el poeta requiere de la poes\u00eda como canal de expresi\u00f3n de sus sentimientos\".","description":"Entrevista con el poeta David Garc\u00eda Abejas tras la publicaci\u00f3n de su libro \"De la realidad y del amor, del poeta y del yo\"","robots":{"index":"index","follow":"follow","max-snippet":"max-snippet:-1","max-image-preview":"max-image-preview:large","max-video-preview":"max-video-preview:-1"},"canonical":"https:\/\/poesiaerestu.com\/revista\/david-garcia-abejas-la-poesia-requiere-del-poeta-como-el-poeta-requiere-de-la-poesia-como-canal-de-expresion-de-sus-sentimientos\/","twitter_misc":{"Written by":"admin","Est. reading time":"7 minutes"},"schema":{"@context":"https:\/\/schema.org","@graph":[{"@type":"Article","@id":"https:\/\/poesiaerestu.com\/revista\/david-garcia-abejas-la-poesia-requiere-del-poeta-como-el-poeta-requiere-de-la-poesia-como-canal-de-expresion-de-sus-sentimientos\/#article","isPartOf":{"@id":"https:\/\/poesiaerestu.com\/revista\/david-garcia-abejas-la-poesia-requiere-del-poeta-como-el-poeta-requiere-de-la-poesia-como-canal-de-expresion-de-sus-sentimientos\/"},"author":{"name":"admin","@id":"https:\/\/poesiaerestu.com\/revista\/#\/schema\/person\/fcb1a2122be3810bfdd0c071b4b3e9c4"},"headline":"David Garc\u00eda Abejas: &#8220;La poes\u00eda requiere del poeta, como el poeta requiere de la poes\u00eda como canal de expresi\u00f3n de sus sentimientos&#8221;.","datePublished":"2014-05-24T10:49:56+00:00","mainEntityOfPage":{"@id":"https:\/\/poesiaerestu.com\/revista\/david-garcia-abejas-la-poesia-requiere-del-poeta-como-el-poeta-requiere-de-la-poesia-como-canal-de-expresion-de-sus-sentimientos\/"},"wordCount":1387,"commentCount":0,"image":{"@id":"https:\/\/poesiaerestu.com\/revista\/david-garcia-abejas-la-poesia-requiere-del-poeta-como-el-poeta-requiere-de-la-poesia-como-canal-de-expresion-de-sus-sentimientos\/#primaryimage"},"thumbnailUrl":"https:\/\/poesiaerestu.com\/revista\/wp-content\/uploads\/2014\/05\/DavidGarciaTraspa2.png","articleSection":["Entrevistas"],"inLanguage":"en-US","copyrightYear":"2014","copyrightHolder":{"@id":"https:\/\/poesiaerestu.com\/revista\/#organization"}},{"@type":"WebPage","@id":"https:\/\/poesiaerestu.com\/revista\/david-garcia-abejas-la-poesia-requiere-del-poeta-como-el-poeta-requiere-de-la-poesia-como-canal-de-expresion-de-sus-sentimientos\/","url":"https:\/\/poesiaerestu.com\/revista\/david-garcia-abejas-la-poesia-requiere-del-poeta-como-el-poeta-requiere-de-la-poesia-como-canal-de-expresion-de-sus-sentimientos\/","name":"David Garc\u00eda Abejas: \"La poes\u00eda requiere del poeta, como el poeta requiere de la poes\u00eda como canal de expresi\u00f3n de sus sentimientos\".","isPartOf":{"@id":"https:\/\/poesiaerestu.com\/revista\/#website"},"primaryImageOfPage":{"@id":"https:\/\/poesiaerestu.com\/revista\/david-garcia-abejas-la-poesia-requiere-del-poeta-como-el-poeta-requiere-de-la-poesia-como-canal-de-expresion-de-sus-sentimientos\/#primaryimage"},"image":{"@id":"https:\/\/poesiaerestu.com\/revista\/david-garcia-abejas-la-poesia-requiere-del-poeta-como-el-poeta-requiere-de-la-poesia-como-canal-de-expresion-de-sus-sentimientos\/#primaryimage"},"thumbnailUrl":"https:\/\/poesiaerestu.com\/revista\/wp-content\/uploads\/2014\/05\/DavidGarciaTraspa2.png","datePublished":"2014-05-24T10:49:56+00:00","author":{"@id":"https:\/\/poesiaerestu.com\/revista\/#\/schema\/person\/fcb1a2122be3810bfdd0c071b4b3e9c4"},"description":"Entrevista con el poeta David Garc\u00eda Abejas tras la publicaci\u00f3n de su libro \"De la realidad y del amor, del poeta y del yo\"","breadcrumb":{"@id":"https:\/\/poesiaerestu.com\/revista\/david-garcia-abejas-la-poesia-requiere-del-poeta-como-el-poeta-requiere-de-la-poesia-como-canal-de-expresion-de-sus-sentimientos\/#breadcrumb"},"inLanguage":"en-US","potentialAction":[{"@type":"ReadAction","target":["https:\/\/poesiaerestu.com\/revista\/david-garcia-abejas-la-poesia-requiere-del-poeta-como-el-poeta-requiere-de-la-poesia-como-canal-de-expresion-de-sus-sentimientos\/"]}]},{"@type":"ImageObject","inLanguage":"en-US","@id":"https:\/\/poesiaerestu.com\/revista\/david-garcia-abejas-la-poesia-requiere-del-poeta-como-el-poeta-requiere-de-la-poesia-como-canal-de-expresion-de-sus-sentimientos\/#primaryimage","url":"https:\/\/poesiaerestu.com\/revista\/wp-content\/uploads\/2014\/05\/DavidGarciaTraspa2.png","contentUrl":"https:\/\/poesiaerestu.com\/revista\/wp-content\/uploads\/2014\/05\/DavidGarciaTraspa2.png","width":378,"height":514,"caption":"Poeta y escritor David Garc\u00eda Abejas"},{"@type":"BreadcrumbList","@id":"https:\/\/poesiaerestu.com\/revista\/david-garcia-abejas-la-poesia-requiere-del-poeta-como-el-poeta-requiere-de-la-poesia-como-canal-de-expresion-de-sus-sentimientos\/#breadcrumb","itemListElement":[{"@type":"ListItem","position":1,"name":"Home","item":"https:\/\/poesiaerestu.com\/revista\/"},{"@type":"ListItem","position":2,"name":"David Garc\u00eda Abejas: &#8220;La poes\u00eda requiere del poeta, como el poeta requiere de la poes\u00eda como canal de expresi\u00f3n de sus sentimientos&#8221;."}]},{"@type":"WebSite","@id":"https:\/\/poesiaerestu.com\/revista\/#website","url":"https:\/\/poesiaerestu.com\/revista\/","name":"Poes\u00ed\u00ada eres t\u00fa (revista)","description":"Revista de poes\u00eda y literatura","potentialAction":[{"@type":"SearchAction","target":{"@type":"EntryPoint","urlTemplate":"https:\/\/poesiaerestu.com\/revista\/?s={search_term_string}"},"query-input":{"@type":"PropertyValueSpecification","valueRequired":true,"valueName":"search_term_string"}}],"inLanguage":"en-US"},{"@type":"Person","@id":"https:\/\/poesiaerestu.com\/revista\/#\/schema\/person\/fcb1a2122be3810bfdd0c071b4b3e9c4","name":"admin","image":{"@type":"ImageObject","inLanguage":"en-US","@id":"https:\/\/secure.gravatar.com\/avatar\/1cb55a5bd8d6824519e46b552e84b03575857cc9c4d6333824d2f95d82129f50?s=96&d=mm&r=g","url":"https:\/\/secure.gravatar.com\/avatar\/1cb55a5bd8d6824519e46b552e84b03575857cc9c4d6333824d2f95d82129f50?s=96&d=mm&r=g","contentUrl":"https:\/\/secure.gravatar.com\/avatar\/1cb55a5bd8d6824519e46b552e84b03575857cc9c4d6333824d2f95d82129f50?s=96&d=mm&r=g","caption":"admin"},"url":"https:\/\/poesiaerestu.com\/revista\/author\/admin\/"}]}},"_links":{"self":[{"href":"https:\/\/poesiaerestu.com\/revista\/wp-json\/wp\/v2\/posts\/1257","targetHints":{"allow":["GET"]}}],"collection":[{"href":"https:\/\/poesiaerestu.com\/revista\/wp-json\/wp\/v2\/posts"}],"about":[{"href":"https:\/\/poesiaerestu.com\/revista\/wp-json\/wp\/v2\/types\/post"}],"author":[{"embeddable":true,"href":"https:\/\/poesiaerestu.com\/revista\/wp-json\/wp\/v2\/users\/1"}],"replies":[{"embeddable":true,"href":"https:\/\/poesiaerestu.com\/revista\/wp-json\/wp\/v2\/comments?post=1257"}],"version-history":[{"count":0,"href":"https:\/\/poesiaerestu.com\/revista\/wp-json\/wp\/v2\/posts\/1257\/revisions"}],"wp:featuredmedia":[{"embeddable":true,"href":"https:\/\/poesiaerestu.com\/revista\/wp-json\/wp\/v2\/media\/1258"}],"wp:attachment":[{"href":"https:\/\/poesiaerestu.com\/revista\/wp-json\/wp\/v2\/media?parent=1257"}],"wp:term":[{"taxonomy":"category","embeddable":true,"href":"https:\/\/poesiaerestu.com\/revista\/wp-json\/wp\/v2\/categories?post=1257"},{"taxonomy":"post_tag","embeddable":true,"href":"https:\/\/poesiaerestu.com\/revista\/wp-json\/wp\/v2\/tags?post=1257"}],"curies":[{"name":"wp","href":"https:\/\/api.w.org\/{rel}","templated":true}]}}