{"id":1253,"date":"2014-05-21T18:30:58","date_gmt":"2014-05-21T16:30:58","guid":{"rendered":"http:\/\/www.poesiaerestu.com\/revista\/?p=1253"},"modified":"2014-05-21T18:32:16","modified_gmt":"2014-05-21T16:32:16","slug":"victoria-torres-villasevil-huyo-de-la-grandiosidad-y-busco-la-sencillez-de-la-palabra-y-la-belleza-que-esta-encierra-pues-creo-que-lo-fundamental-en-la-poesia-es-trasmitir-sin-ambiguedad","status":"publish","type":"post","link":"https:\/\/poesiaerestu.com\/revista\/victoria-torres-villasevil-huyo-de-la-grandiosidad-y-busco-la-sencillez-de-la-palabra-y-la-belleza-que-esta-encierra-pues-creo-que-lo-fundamental-en-la-poesia-es-trasmitir-sin-ambiguedad\/","title":{"rendered":"Victoria Torres Villasevil: &#8220;\u2026Huyo de la grandiosidad y busco la sencillez de la palabra y la belleza que \u00e9sta encierra, pues creo que lo fundamental en la poes\u00eda es trasmitir sin ambig\u00fcedad aquello que sientes en cada momento.&#8221;"},"content":{"rendered":"<dl id=\"attachment_1254\" class=\"wp-caption alignleft\" style=\"width: 271px;\">\n<dt class=\"wp-caption-dt\"><a ref=\"magnificPopup\" href=\"https:\/\/poesiaerestu.com\/revista\/wp-content\/uploads\/2014\/05\/VictoriaTorres2.png\"><img loading=\"lazy\" decoding=\"async\" class=\"size-medium wp-image-1254\" src=\"https:\/\/spcdn.shortpixel.ai\/spio\/ret_img,q_cdnize,to_auto,s_webp:avif\/poesiaerestu.com\/revista\/wp-content\/uploads\/2014\/05\/VictoriaTorres2-261x300.png\" alt=\"Victoria Torres Villasevil. Poeta\" width=\"261\" height=\"300\" srcset=\"https:\/\/spcdn.shortpixel.ai\/spio\/ret_img,q_cdnize,to_auto,s_webp:avif\/poesiaerestu.com\/revista\/wp-content\/uploads\/2014\/05\/VictoriaTorres2-261x300.png 261w, https:\/\/spcdn.shortpixel.ai\/spio\/ret_img,q_cdnize,to_auto,s_webp:avif\/poesiaerestu.com\/revista\/wp-content\/uploads\/2014\/05\/VictoriaTorres2-891x1024.png 891w, https:\/\/spcdn.shortpixel.ai\/spio\/ret_img,q_cdnize,to_auto,s_webp:avif\/poesiaerestu.com\/revista\/wp-content\/uploads\/2014\/05\/VictoriaTorres2-600x690.png 600w, https:\/\/spcdn.shortpixel.ai\/spio\/ret_img,q_cdnize,to_auto,s_webp:avif\/poesiaerestu.com\/revista\/wp-content\/uploads\/2014\/05\/VictoriaTorres2-768x883.png 768w, https:\/\/spcdn.shortpixel.ai\/spio\/ret_img,q_cdnize,to_auto,s_webp:avif\/poesiaerestu.com\/revista\/wp-content\/uploads\/2014\/05\/VictoriaTorres2-52x60.png 52w, https:\/\/spcdn.shortpixel.ai\/spio\/ret_img,q_cdnize,to_auto,s_webp:avif\/poesiaerestu.com\/revista\/wp-content\/uploads\/2014\/05\/VictoriaTorres2.png 1024w\" sizes=\"auto, (max-width: 261px) 100vw, 261px\" \/><\/a><\/dt>\n<dd class=\"wp-caption-dd\">Autora de el libro: &#8220;Entre la miel y la hiel&#8221;<\/dd>\n<\/dl>\n<h1>ENTREVISTA: Victoria Torres Villasevil.<\/h1>\n<p><strong>1\u00ba) Entre la miel y la hiel es tu primer poemario editado. \u00bfQu\u00e9 deseas transmitir al lector con un t\u00edtulo tan significativo?<\/strong><br \/>\nEn efecto, es mi primer libro editado, porque aunque escribo poes\u00eda desde muy joven, y he ganado algunos premios, nunca cre\u00ed que fuera merecedora de ver mi obra impresa en un libro.<br \/>\nEste poemario \u201cEntre la miel y la hiel\u201d, nace por unas circunstancias muy especiales. Marca un antes y un despu\u00e9s en mi vida, por un lado est\u00e1 la cotidianidad de los d\u00edas (mis d\u00edas de miel), y un sufrimiento sobrevenido (mis d\u00edas de hiel). Lo que transmite esta obra es un dolor interno, las cicatrices que no se ven y el intento por volver a cerrarlas, no son poemas inconexos, es un drama hecho poes\u00eda aunque en diferentes tiempos.<br \/>\nEn definitiva, este t\u00edtulo pretende transmitir un grito de angustia y a la vez de esperanza ante las adversidades.<\/p>\n<p><strong>2\u00ba) \u00bfNos encontramos ante un poemario meramente amatorio?<\/strong><br \/>\nCiertamente no, aunque el amor es una constante en mi vida y se ve reflejado en el libro. Hay dos partes claramente diferenciadas: la primera parte \u201csentimiento amoroso\u201d, son poemas m\u00e1s dulces, pero sin llegar a un trasfondo rom\u00e1ntico, es m\u00e1s una llamada al amor como asidero para ayudar y ser ayudado, mientras que la segunda parte \u201csoledades\u201d, hay un sentimiento m\u00e1s duro, de reproche, con versos m\u00e1s \u00e1cidos, por eso he intercalado algunos m\u00e1s almibarados. No es en esencia una obra amatoria.<\/p>\n<p><strong>3\u00ba) H\u00e1blanos de tu poes\u00eda. \u00bfC\u00f3mo definir\u00edas tu propia po\u00e9tica?<\/strong><br \/>\nMi poes\u00eda no tiene una forma, ni estructura definida. Utilizo el verso libre y tengo la necesidad de trasmitir lo que siento de forma directa, para que el lector a su vez lo reciba de una manera clara e intencionada. No busco utilizar un lenguaje rebuscado, con giros ling\u00fc\u00edsticos complejos, pero s\u00ed que hago uso de met\u00e1foras porque me gusta la musicalidad que dan a cada poema. Huyo de la grandiosidad y busco la sencillez de la palabra y la belleza que \u00e9sta encierra, pues creo que lo fundamental en la poes\u00eda es trasmitir sin ambig\u00fcedad aquello que sientes en cada momento.<\/p>\n<p><strong>4\u00ba) \u00bfQu\u00e9 piensas de los que defienden la literatura femenina en contra de la masculina? \u00bfCrees que realmente hay dos tipos de literatura?<\/strong><br \/>\nMe parece un poco absurdo defender una literatura u otra. Yo s\u00f3lo conozco la literatura universal, la que no tiene sexo. Jam\u00e1s leo un libro fij\u00e1ndome si el autor es hombre o mujer.<br \/>\nL\u00f3gicamente en muchos aspectos somos diferentes, pero realmente a la hora de escribir, lo que nos diferencia no es el sexo, sino por la individualidad de cada uno como entes \u00fanicos que somos.<\/p>\n<p><strong>5\u00ba) \u00bfQu\u00e9 es lo que te inspira a escribir?<\/strong><br \/>\nMe inspira la vida, todo aquello que siento, que veo y me emociona. Soy una mujer muy visceral, que vivo cada momento con mucha intensidad y mis emociones van parejas. Pero lo que me embulle, es ese momento m\u00e1gico en el que percibo una emoci\u00f3n y tengo la necesidad imperiosa de coger papel y pluma, y plasmarlo en \u00e9l.<\/p>\n<p><strong>6\u00ba) \u00bfCrees que la poes\u00eda sirve para derribar las fronteras emocionales?<\/strong><br \/>\nPor supuesto, la poes\u00eda es transgresora, no conoce l\u00edmites, es una puerta abierta a la libertad de los sentimientos m\u00e1s profundos, al \u201cyo\u201d m\u00e1s \u00edntimo, es la no represi\u00f3n de lo que uno siente, expresado con palabras de tantos colores que permite ser el catalizador de tus emociones. Adem\u00e1s, para m\u00ed, escribir poes\u00eda es terap\u00e9utico, me desahogo con ella tanto en mis alegr\u00edas como en mis tristezas.<\/p>\n<p><strong>7\u00ba) Tu poes\u00eda es de corte intimista. \u00bfSigues alg\u00fan proceso para elaborar los versos?<\/strong><br \/>\nEn efecto, todos mis poemas llevan mi impronta vital, muchos de mis versos nacen de mis experiencias y de mi forma de entender la vida. Lo que escribo es fruto de lo m\u00e1s hondo, y me dejo llevar m\u00e1s por el sentimiento que por la raz\u00f3n. La conjunci\u00f3n de palabras-coraz\u00f3n van siempre unidos en mis poemas.<\/p>\n<p><strong>8\u00ba) \u00bfTe sientes apoyada en tu entorno a la hora de escribir?<\/strong><br \/>\nLo cierto es que soy muy pudorosa con lo que escribo, hasta la creaci\u00f3n de este poemario he dejado a muy pocas personas leer mis poes\u00edas. Es m\u00e1s bien por timidez y porque creo que me expongo demasiado a mis emociones. Ahora mi mayor fan y cr\u00edtico es mi marido, ya me sonrojo menos cuando recito y me abro m\u00e1s a mi gente. El libro me ha ayudado a tener m\u00e1s confianza en m\u00ed misma.<\/p>\n<p><strong>9\u00ba) Pregunta obligada. \u00bfPoeta o poetisa? \u00bfPor qu\u00e9?<\/strong><br \/>\nPoeta, porque me parece un t\u00e9rmino integrador, que engloba a los dos sexos. Cuando yo pienso en la poes\u00eda, bien sea escrita por un hombre o una mujer, siempre pienso en \u00e9l o la poeta, no utilizo la palabra poetisa.<\/p>\n<p><strong>10\u00ba) \u00bfCu\u00e1les son tus influencias, tus gustos literarios?<\/strong><br \/>\nLeo poes\u00eda desde muy ni\u00f1a, pero nunca me atrajo la poes\u00eda infantil, el primer libro de poes\u00eda que le\u00ed fue: \u201cLas mil mejores poes\u00edas de la lengua castellana\u201d, que fue el que me sedujo a la poes\u00eda. Me quedo, y esto es muy personal, con los poetas espa\u00f1oles, y en concreto los que cito, son los que llamo mis due\u00f1os del alma: me encanta el misticismo de San Juan de la Cruz, para cuando busco la soledad y el sosiego. B\u00e9cquer por su romanticismo, me hace sentir una dama de cara ruborosa y me enamora. Con F. Garc\u00eda Lorca me vuelvo mujer de raza y veo su luna de pergamino. Con R. Alberti puedo acercarme a la mar y oler su agua salada. Y por excelencia mi preferido es Miguel Hern\u00e1ndez, con el lloro mis penas y puedo sentir las suyas.<\/p>\n<p><strong>11\u00ba) \u00bfPiensas continuar escribiendo? \u00bfEst\u00e1s trabajando en alg\u00fan proyecto?<\/strong><br \/>\nEscribes algo que te conquista, una vez que empiezas no puedes dejarlo. Siempre he escrito poes\u00eda, aunque no de manera tan seria, pero ha sido una constante a lo largo de mi vida. Ahora tengo entre manos otro poemario, que ya pr\u00e1cticamente he terminado, pero quiero ver primero como marcha \u201cEntre la miel y la hiel\u201d, qu\u00e9 aceptaci\u00f3n tiene entre los lectores, y si gusta, posiblemente me decida a editar esta segunda obra.<\/p>\n","protected":false},"excerpt":{"rendered":"<p>Autora de el libro: &#8220;Entre la miel y la hiel&#8221; ENTREVISTA: Victoria Torres Villasevil. 1\u00ba) Entre la miel y la hiel es tu primer poemario editado. \u00bfQu\u00e9 deseas transmitir al lector con un t\u00edtulo tan significativo? En efecto, es mi primer libro editado, porque aunque escribo poes\u00eda desde muy joven, y he ganado algunos premios,&#8230;<\/p>\n","protected":false},"author":1,"featured_media":1254,"comment_status":"open","ping_status":"open","sticky":false,"template":"","format":"standard","meta":{"footnotes":"","_links_to":"","_links_to_target":""},"categories":[4],"tags":[],"class_list":["post-1253","post","type-post","status-publish","format-standard","has-post-thumbnail","hentry","category-entrevistas"],"yoast_head":"<!-- This site is optimized with the Yoast SEO Premium plugin v24.7 (Yoast SEO v27.4) - https:\/\/yoast.com\/product\/yoast-seo-premium-wordpress\/ -->\n<title>Victoria Torres Villasevil: &quot;\u2026Huyo de la grandiosidad y busco la sencillez de la palabra y la belleza que \u00e9sta encierra, pues creo que lo fundamental en la p<\/title>\n<meta name=\"description\" content=\"La escritora Victoria Torres Villasevil es la autora del libro &quot;Entre la miel y la hiel&quot; publicado por la Editorial Poes\u00eda eres t\u00fa en el a\u00f1o 2014.\" \/>\n<meta name=\"robots\" content=\"index, follow, max-snippet:-1, max-image-preview:large, max-video-preview:-1\" \/>\n<link rel=\"canonical\" href=\"https:\/\/poesiaerestu.com\/revista\/victoria-torres-villasevil-huyo-de-la-grandiosidad-y-busco-la-sencillez-de-la-palabra-y-la-belleza-que-esta-encierra-pues-creo-que-lo-fundamental-en-la-poesia-es-trasmitir-sin-ambiguedad\/\" \/>\n<meta name=\"twitter:label1\" content=\"Written by\" \/>\n\t<meta name=\"twitter:data1\" content=\"admin\" \/>\n\t<meta name=\"twitter:label2\" content=\"Est. reading time\" \/>\n\t<meta name=\"twitter:data2\" content=\"6 minutes\" \/>\n<script type=\"application\/ld+json\" class=\"yoast-schema-graph\">{\"@context\":\"https:\\\/\\\/schema.org\",\"@graph\":[{\"@type\":\"Article\",\"@id\":\"https:\\\/\\\/poesiaerestu.com\\\/revista\\\/victoria-torres-villasevil-huyo-de-la-grandiosidad-y-busco-la-sencillez-de-la-palabra-y-la-belleza-que-esta-encierra-pues-creo-que-lo-fundamental-en-la-poesia-es-trasmitir-sin-ambiguedad\\\/#article\",\"isPartOf\":{\"@id\":\"https:\\\/\\\/poesiaerestu.com\\\/revista\\\/victoria-torres-villasevil-huyo-de-la-grandiosidad-y-busco-la-sencillez-de-la-palabra-y-la-belleza-que-esta-encierra-pues-creo-que-lo-fundamental-en-la-poesia-es-trasmitir-sin-ambiguedad\\\/\"},\"author\":{\"name\":\"admin\",\"@id\":\"https:\\\/\\\/poesiaerestu.com\\\/revista\\\/#\\\/schema\\\/person\\\/fcb1a2122be3810bfdd0c071b4b3e9c4\"},\"headline\":\"Victoria Torres Villasevil: &#8220;\u2026Huyo de la grandiosidad y busco la sencillez de la palabra y la belleza que \u00e9sta encierra, pues creo que lo fundamental en la poes\u00eda es trasmitir sin ambig\u00fcedad aquello que sientes en cada momento.&#8221;\",\"datePublished\":\"2014-05-21T16:30:58+00:00\",\"dateModified\":\"2014-05-21T16:32:16+00:00\",\"mainEntityOfPage\":{\"@id\":\"https:\\\/\\\/poesiaerestu.com\\\/revista\\\/victoria-torres-villasevil-huyo-de-la-grandiosidad-y-busco-la-sencillez-de-la-palabra-y-la-belleza-que-esta-encierra-pues-creo-que-lo-fundamental-en-la-poesia-es-trasmitir-sin-ambiguedad\\\/\"},\"wordCount\":1141,\"commentCount\":0,\"image\":{\"@id\":\"https:\\\/\\\/poesiaerestu.com\\\/revista\\\/victoria-torres-villasevil-huyo-de-la-grandiosidad-y-busco-la-sencillez-de-la-palabra-y-la-belleza-que-esta-encierra-pues-creo-que-lo-fundamental-en-la-poesia-es-trasmitir-sin-ambiguedad\\\/#primaryimage\"},\"thumbnailUrl\":\"https:\\\/\\\/poesiaerestu.com\\\/revista\\\/wp-content\\\/uploads\\\/2014\\\/05\\\/VictoriaTorres2.png\",\"articleSection\":[\"Entrevistas\"],\"inLanguage\":\"en-US\",\"copyrightYear\":\"2014\",\"copyrightHolder\":{\"@id\":\"https:\\\/\\\/poesiaerestu.com\\\/revista\\\/#organization\"}},{\"@type\":\"WebPage\",\"@id\":\"https:\\\/\\\/poesiaerestu.com\\\/revista\\\/victoria-torres-villasevil-huyo-de-la-grandiosidad-y-busco-la-sencillez-de-la-palabra-y-la-belleza-que-esta-encierra-pues-creo-que-lo-fundamental-en-la-poesia-es-trasmitir-sin-ambiguedad\\\/\",\"url\":\"https:\\\/\\\/poesiaerestu.com\\\/revista\\\/victoria-torres-villasevil-huyo-de-la-grandiosidad-y-busco-la-sencillez-de-la-palabra-y-la-belleza-que-esta-encierra-pues-creo-que-lo-fundamental-en-la-poesia-es-trasmitir-sin-ambiguedad\\\/\",\"name\":\"Victoria Torres Villasevil: \\\"\u2026Huyo de la grandiosidad y busco la sencillez de la palabra y la belleza que \u00e9sta encierra, pues creo que lo fundamental en la p\",\"isPartOf\":{\"@id\":\"https:\\\/\\\/poesiaerestu.com\\\/revista\\\/#website\"},\"primaryImageOfPage\":{\"@id\":\"https:\\\/\\\/poesiaerestu.com\\\/revista\\\/victoria-torres-villasevil-huyo-de-la-grandiosidad-y-busco-la-sencillez-de-la-palabra-y-la-belleza-que-esta-encierra-pues-creo-que-lo-fundamental-en-la-poesia-es-trasmitir-sin-ambiguedad\\\/#primaryimage\"},\"image\":{\"@id\":\"https:\\\/\\\/poesiaerestu.com\\\/revista\\\/victoria-torres-villasevil-huyo-de-la-grandiosidad-y-busco-la-sencillez-de-la-palabra-y-la-belleza-que-esta-encierra-pues-creo-que-lo-fundamental-en-la-poesia-es-trasmitir-sin-ambiguedad\\\/#primaryimage\"},\"thumbnailUrl\":\"https:\\\/\\\/poesiaerestu.com\\\/revista\\\/wp-content\\\/uploads\\\/2014\\\/05\\\/VictoriaTorres2.png\",\"datePublished\":\"2014-05-21T16:30:58+00:00\",\"dateModified\":\"2014-05-21T16:32:16+00:00\",\"author\":{\"@id\":\"https:\\\/\\\/poesiaerestu.com\\\/revista\\\/#\\\/schema\\\/person\\\/fcb1a2122be3810bfdd0c071b4b3e9c4\"},\"description\":\"La escritora Victoria Torres Villasevil es la autora del libro \\\"Entre la miel y la hiel\\\" publicado por la Editorial Poes\u00eda eres t\u00fa en el a\u00f1o 2014.\",\"breadcrumb\":{\"@id\":\"https:\\\/\\\/poesiaerestu.com\\\/revista\\\/victoria-torres-villasevil-huyo-de-la-grandiosidad-y-busco-la-sencillez-de-la-palabra-y-la-belleza-que-esta-encierra-pues-creo-que-lo-fundamental-en-la-poesia-es-trasmitir-sin-ambiguedad\\\/#breadcrumb\"},\"inLanguage\":\"en-US\",\"potentialAction\":[{\"@type\":\"ReadAction\",\"target\":[\"https:\\\/\\\/poesiaerestu.com\\\/revista\\\/victoria-torres-villasevil-huyo-de-la-grandiosidad-y-busco-la-sencillez-de-la-palabra-y-la-belleza-que-esta-encierra-pues-creo-que-lo-fundamental-en-la-poesia-es-trasmitir-sin-ambiguedad\\\/\"]}]},{\"@type\":\"ImageObject\",\"inLanguage\":\"en-US\",\"@id\":\"https:\\\/\\\/poesiaerestu.com\\\/revista\\\/victoria-torres-villasevil-huyo-de-la-grandiosidad-y-busco-la-sencillez-de-la-palabra-y-la-belleza-que-esta-encierra-pues-creo-que-lo-fundamental-en-la-poesia-es-trasmitir-sin-ambiguedad\\\/#primaryimage\",\"url\":\"https:\\\/\\\/poesiaerestu.com\\\/revista\\\/wp-content\\\/uploads\\\/2014\\\/05\\\/VictoriaTorres2.png\",\"contentUrl\":\"https:\\\/\\\/poesiaerestu.com\\\/revista\\\/wp-content\\\/uploads\\\/2014\\\/05\\\/VictoriaTorres2.png\",\"width\":1024,\"height\":1177,\"caption\":\"Autora de el libro: \\\"Entre la miel y la hiel\\\"\"},{\"@type\":\"BreadcrumbList\",\"@id\":\"https:\\\/\\\/poesiaerestu.com\\\/revista\\\/victoria-torres-villasevil-huyo-de-la-grandiosidad-y-busco-la-sencillez-de-la-palabra-y-la-belleza-que-esta-encierra-pues-creo-que-lo-fundamental-en-la-poesia-es-trasmitir-sin-ambiguedad\\\/#breadcrumb\",\"itemListElement\":[{\"@type\":\"ListItem\",\"position\":1,\"name\":\"Home\",\"item\":\"https:\\\/\\\/poesiaerestu.com\\\/revista\\\/\"},{\"@type\":\"ListItem\",\"position\":2,\"name\":\"Victoria Torres Villasevil: &#8220;\u2026Huyo de la grandiosidad y busco la sencillez de la palabra y la belleza que \u00e9sta encierra, pues creo que lo fundamental en la poes\u00eda es trasmitir sin ambig\u00fcedad aquello que sientes en cada momento.&#8221;\"}]},{\"@type\":\"WebSite\",\"@id\":\"https:\\\/\\\/poesiaerestu.com\\\/revista\\\/#website\",\"url\":\"https:\\\/\\\/poesiaerestu.com\\\/revista\\\/\",\"name\":\"Poes\u00ed\u00ada eres t\u00fa (revista)\",\"description\":\"Revista de poes\u00eda y literatura\",\"potentialAction\":[{\"@type\":\"SearchAction\",\"target\":{\"@type\":\"EntryPoint\",\"urlTemplate\":\"https:\\\/\\\/poesiaerestu.com\\\/revista\\\/?s={search_term_string}\"},\"query-input\":{\"@type\":\"PropertyValueSpecification\",\"valueRequired\":true,\"valueName\":\"search_term_string\"}}],\"inLanguage\":\"en-US\"},{\"@type\":\"Person\",\"@id\":\"https:\\\/\\\/poesiaerestu.com\\\/revista\\\/#\\\/schema\\\/person\\\/fcb1a2122be3810bfdd0c071b4b3e9c4\",\"name\":\"admin\",\"image\":{\"@type\":\"ImageObject\",\"inLanguage\":\"en-US\",\"@id\":\"https:\\\/\\\/secure.gravatar.com\\\/avatar\\\/1cb55a5bd8d6824519e46b552e84b03575857cc9c4d6333824d2f95d82129f50?s=96&d=mm&r=g\",\"url\":\"https:\\\/\\\/secure.gravatar.com\\\/avatar\\\/1cb55a5bd8d6824519e46b552e84b03575857cc9c4d6333824d2f95d82129f50?s=96&d=mm&r=g\",\"contentUrl\":\"https:\\\/\\\/secure.gravatar.com\\\/avatar\\\/1cb55a5bd8d6824519e46b552e84b03575857cc9c4d6333824d2f95d82129f50?s=96&d=mm&r=g\",\"caption\":\"admin\"},\"url\":\"https:\\\/\\\/poesiaerestu.com\\\/revista\\\/author\\\/admin\\\/\"}]}<\/script>\n<!-- \/ Yoast SEO Premium plugin. -->","yoast_head_json":{"title":"Victoria Torres Villasevil: \"\u2026Huyo de la grandiosidad y busco la sencillez de la palabra y la belleza que \u00e9sta encierra, pues creo que lo fundamental en la p","description":"La escritora Victoria Torres Villasevil es la autora del libro \"Entre la miel y la hiel\" publicado por la Editorial Poes\u00eda eres t\u00fa en el a\u00f1o 2014.","robots":{"index":"index","follow":"follow","max-snippet":"max-snippet:-1","max-image-preview":"max-image-preview:large","max-video-preview":"max-video-preview:-1"},"canonical":"https:\/\/poesiaerestu.com\/revista\/victoria-torres-villasevil-huyo-de-la-grandiosidad-y-busco-la-sencillez-de-la-palabra-y-la-belleza-que-esta-encierra-pues-creo-que-lo-fundamental-en-la-poesia-es-trasmitir-sin-ambiguedad\/","twitter_misc":{"Written by":"admin","Est. reading time":"6 minutes"},"schema":{"@context":"https:\/\/schema.org","@graph":[{"@type":"Article","@id":"https:\/\/poesiaerestu.com\/revista\/victoria-torres-villasevil-huyo-de-la-grandiosidad-y-busco-la-sencillez-de-la-palabra-y-la-belleza-que-esta-encierra-pues-creo-que-lo-fundamental-en-la-poesia-es-trasmitir-sin-ambiguedad\/#article","isPartOf":{"@id":"https:\/\/poesiaerestu.com\/revista\/victoria-torres-villasevil-huyo-de-la-grandiosidad-y-busco-la-sencillez-de-la-palabra-y-la-belleza-que-esta-encierra-pues-creo-que-lo-fundamental-en-la-poesia-es-trasmitir-sin-ambiguedad\/"},"author":{"name":"admin","@id":"https:\/\/poesiaerestu.com\/revista\/#\/schema\/person\/fcb1a2122be3810bfdd0c071b4b3e9c4"},"headline":"Victoria Torres Villasevil: &#8220;\u2026Huyo de la grandiosidad y busco la sencillez de la palabra y la belleza que \u00e9sta encierra, pues creo que lo fundamental en la poes\u00eda es trasmitir sin ambig\u00fcedad aquello que sientes en cada momento.&#8221;","datePublished":"2014-05-21T16:30:58+00:00","dateModified":"2014-05-21T16:32:16+00:00","mainEntityOfPage":{"@id":"https:\/\/poesiaerestu.com\/revista\/victoria-torres-villasevil-huyo-de-la-grandiosidad-y-busco-la-sencillez-de-la-palabra-y-la-belleza-que-esta-encierra-pues-creo-que-lo-fundamental-en-la-poesia-es-trasmitir-sin-ambiguedad\/"},"wordCount":1141,"commentCount":0,"image":{"@id":"https:\/\/poesiaerestu.com\/revista\/victoria-torres-villasevil-huyo-de-la-grandiosidad-y-busco-la-sencillez-de-la-palabra-y-la-belleza-que-esta-encierra-pues-creo-que-lo-fundamental-en-la-poesia-es-trasmitir-sin-ambiguedad\/#primaryimage"},"thumbnailUrl":"https:\/\/poesiaerestu.com\/revista\/wp-content\/uploads\/2014\/05\/VictoriaTorres2.png","articleSection":["Entrevistas"],"inLanguage":"en-US","copyrightYear":"2014","copyrightHolder":{"@id":"https:\/\/poesiaerestu.com\/revista\/#organization"}},{"@type":"WebPage","@id":"https:\/\/poesiaerestu.com\/revista\/victoria-torres-villasevil-huyo-de-la-grandiosidad-y-busco-la-sencillez-de-la-palabra-y-la-belleza-que-esta-encierra-pues-creo-que-lo-fundamental-en-la-poesia-es-trasmitir-sin-ambiguedad\/","url":"https:\/\/poesiaerestu.com\/revista\/victoria-torres-villasevil-huyo-de-la-grandiosidad-y-busco-la-sencillez-de-la-palabra-y-la-belleza-que-esta-encierra-pues-creo-que-lo-fundamental-en-la-poesia-es-trasmitir-sin-ambiguedad\/","name":"Victoria Torres Villasevil: \"\u2026Huyo de la grandiosidad y busco la sencillez de la palabra y la belleza que \u00e9sta encierra, pues creo que lo fundamental en la p","isPartOf":{"@id":"https:\/\/poesiaerestu.com\/revista\/#website"},"primaryImageOfPage":{"@id":"https:\/\/poesiaerestu.com\/revista\/victoria-torres-villasevil-huyo-de-la-grandiosidad-y-busco-la-sencillez-de-la-palabra-y-la-belleza-que-esta-encierra-pues-creo-que-lo-fundamental-en-la-poesia-es-trasmitir-sin-ambiguedad\/#primaryimage"},"image":{"@id":"https:\/\/poesiaerestu.com\/revista\/victoria-torres-villasevil-huyo-de-la-grandiosidad-y-busco-la-sencillez-de-la-palabra-y-la-belleza-que-esta-encierra-pues-creo-que-lo-fundamental-en-la-poesia-es-trasmitir-sin-ambiguedad\/#primaryimage"},"thumbnailUrl":"https:\/\/poesiaerestu.com\/revista\/wp-content\/uploads\/2014\/05\/VictoriaTorres2.png","datePublished":"2014-05-21T16:30:58+00:00","dateModified":"2014-05-21T16:32:16+00:00","author":{"@id":"https:\/\/poesiaerestu.com\/revista\/#\/schema\/person\/fcb1a2122be3810bfdd0c071b4b3e9c4"},"description":"La escritora Victoria Torres Villasevil es la autora del libro \"Entre la miel y la hiel\" publicado por la Editorial Poes\u00eda eres t\u00fa en el a\u00f1o 2014.","breadcrumb":{"@id":"https:\/\/poesiaerestu.com\/revista\/victoria-torres-villasevil-huyo-de-la-grandiosidad-y-busco-la-sencillez-de-la-palabra-y-la-belleza-que-esta-encierra-pues-creo-que-lo-fundamental-en-la-poesia-es-trasmitir-sin-ambiguedad\/#breadcrumb"},"inLanguage":"en-US","potentialAction":[{"@type":"ReadAction","target":["https:\/\/poesiaerestu.com\/revista\/victoria-torres-villasevil-huyo-de-la-grandiosidad-y-busco-la-sencillez-de-la-palabra-y-la-belleza-que-esta-encierra-pues-creo-que-lo-fundamental-en-la-poesia-es-trasmitir-sin-ambiguedad\/"]}]},{"@type":"ImageObject","inLanguage":"en-US","@id":"https:\/\/poesiaerestu.com\/revista\/victoria-torres-villasevil-huyo-de-la-grandiosidad-y-busco-la-sencillez-de-la-palabra-y-la-belleza-que-esta-encierra-pues-creo-que-lo-fundamental-en-la-poesia-es-trasmitir-sin-ambiguedad\/#primaryimage","url":"https:\/\/poesiaerestu.com\/revista\/wp-content\/uploads\/2014\/05\/VictoriaTorres2.png","contentUrl":"https:\/\/poesiaerestu.com\/revista\/wp-content\/uploads\/2014\/05\/VictoriaTorres2.png","width":1024,"height":1177,"caption":"Autora de el libro: \"Entre la miel y la hiel\""},{"@type":"BreadcrumbList","@id":"https:\/\/poesiaerestu.com\/revista\/victoria-torres-villasevil-huyo-de-la-grandiosidad-y-busco-la-sencillez-de-la-palabra-y-la-belleza-que-esta-encierra-pues-creo-que-lo-fundamental-en-la-poesia-es-trasmitir-sin-ambiguedad\/#breadcrumb","itemListElement":[{"@type":"ListItem","position":1,"name":"Home","item":"https:\/\/poesiaerestu.com\/revista\/"},{"@type":"ListItem","position":2,"name":"Victoria Torres Villasevil: &#8220;\u2026Huyo de la grandiosidad y busco la sencillez de la palabra y la belleza que \u00e9sta encierra, pues creo que lo fundamental en la poes\u00eda es trasmitir sin ambig\u00fcedad aquello que sientes en cada momento.&#8221;"}]},{"@type":"WebSite","@id":"https:\/\/poesiaerestu.com\/revista\/#website","url":"https:\/\/poesiaerestu.com\/revista\/","name":"Poes\u00ed\u00ada eres t\u00fa (revista)","description":"Revista de poes\u00eda y literatura","potentialAction":[{"@type":"SearchAction","target":{"@type":"EntryPoint","urlTemplate":"https:\/\/poesiaerestu.com\/revista\/?s={search_term_string}"},"query-input":{"@type":"PropertyValueSpecification","valueRequired":true,"valueName":"search_term_string"}}],"inLanguage":"en-US"},{"@type":"Person","@id":"https:\/\/poesiaerestu.com\/revista\/#\/schema\/person\/fcb1a2122be3810bfdd0c071b4b3e9c4","name":"admin","image":{"@type":"ImageObject","inLanguage":"en-US","@id":"https:\/\/secure.gravatar.com\/avatar\/1cb55a5bd8d6824519e46b552e84b03575857cc9c4d6333824d2f95d82129f50?s=96&d=mm&r=g","url":"https:\/\/secure.gravatar.com\/avatar\/1cb55a5bd8d6824519e46b552e84b03575857cc9c4d6333824d2f95d82129f50?s=96&d=mm&r=g","contentUrl":"https:\/\/secure.gravatar.com\/avatar\/1cb55a5bd8d6824519e46b552e84b03575857cc9c4d6333824d2f95d82129f50?s=96&d=mm&r=g","caption":"admin"},"url":"https:\/\/poesiaerestu.com\/revista\/author\/admin\/"}]}},"_links":{"self":[{"href":"https:\/\/poesiaerestu.com\/revista\/wp-json\/wp\/v2\/posts\/1253","targetHints":{"allow":["GET"]}}],"collection":[{"href":"https:\/\/poesiaerestu.com\/revista\/wp-json\/wp\/v2\/posts"}],"about":[{"href":"https:\/\/poesiaerestu.com\/revista\/wp-json\/wp\/v2\/types\/post"}],"author":[{"embeddable":true,"href":"https:\/\/poesiaerestu.com\/revista\/wp-json\/wp\/v2\/users\/1"}],"replies":[{"embeddable":true,"href":"https:\/\/poesiaerestu.com\/revista\/wp-json\/wp\/v2\/comments?post=1253"}],"version-history":[{"count":0,"href":"https:\/\/poesiaerestu.com\/revista\/wp-json\/wp\/v2\/posts\/1253\/revisions"}],"wp:featuredmedia":[{"embeddable":true,"href":"https:\/\/poesiaerestu.com\/revista\/wp-json\/wp\/v2\/media\/1254"}],"wp:attachment":[{"href":"https:\/\/poesiaerestu.com\/revista\/wp-json\/wp\/v2\/media?parent=1253"}],"wp:term":[{"taxonomy":"category","embeddable":true,"href":"https:\/\/poesiaerestu.com\/revista\/wp-json\/wp\/v2\/categories?post=1253"},{"taxonomy":"post_tag","embeddable":true,"href":"https:\/\/poesiaerestu.com\/revista\/wp-json\/wp\/v2\/tags?post=1253"}],"curies":[{"name":"wp","href":"https:\/\/api.w.org\/{rel}","templated":true}]}}