{"id":1245,"date":"2014-04-09T19:09:18","date_gmt":"2014-04-09T17:09:18","guid":{"rendered":"http:\/\/www.poesiaerestu.com\/revista\/?p=1245"},"modified":"2014-04-09T19:09:18","modified_gmt":"2014-04-09T17:09:18","slug":"jose-angel-rodriguez-mi-poesia-sin-duda-viene-de-mi-interior-pero-siempre-impregnada-por-todo-lo-que-pasa-y-lo-que-rodea","status":"publish","type":"post","link":"https:\/\/poesiaerestu.com\/revista\/jose-angel-rodriguez-mi-poesia-sin-duda-viene-de-mi-interior-pero-siempre-impregnada-por-todo-lo-que-pasa-y-lo-que-rodea\/","title":{"rendered":"Jos\u00e9 \u00c1ngel Rodr\u00edguez: &#8220;Mi poes\u00eda sin duda viene de mi interior, pero siempre impregnada por todo lo que me pasa y lo que me rodea&#8221;"},"content":{"rendered":"<p>&nbsp;<\/p>\n<p><b><a ref=\"magnificPopup\" href=\"https:\/\/poesiaerestu.com\/revista\/wp-content\/uploads\/2014\/04\/J2.jpg\"><img loading=\"lazy\" decoding=\"async\" class=\"alignleft size-medium wp-image-1246\" alt=\"J2\" src=\"https:\/\/spcdn.shortpixel.ai\/spio\/ret_img,q_cdnize,to_auto,s_webp:avif\/poesiaerestu.com\/revista\/wp-content\/uploads\/2014\/04\/J2-300x255.jpg\" width=\"300\" height=\"255\" \/><\/a><\/b><\/p>\n<p>&#8220;La Princesa diablo&#8221; es el primer trabajo de Jos\u00e9 Angel Rodriguez y ha sido publicado por la Editorial Poes\u00eda eres t\u00fa.<\/p>\n<p><b>1\u00ba) <\/b>Te defines como un hombre amante de la m\u00fasica, cine, teatro\u2026 \u00bfQu\u00e9 te ha llevado a elegir el g\u00e9nero po\u00e9tico para <i>La princesa diablo<\/i>, tu primer libro editado?<\/p>\n<p>En realidad creo que fue la poes\u00eda la que me eligi\u00f3 a m\u00ed. Siempre he escrito poemas y he disfrutado d\u00e1ndoles forma y viendo c\u00f3mo se puede plasmar una idea, una sensaci\u00f3n o una historia en unos pocos versos; sin embargo, nunca he escrito narrativa ni tampoco lo he intentado ya que es algo que creo que tiene que surgir sin m\u00e1s. En esta cuesti\u00f3n le doy mucha importancia a la m\u00fasica; como a la mayor\u00eda de adolescentes la m\u00fasica fue lo primero que me influy\u00f3 de verdad y fue el primero de esos pilares que tomas como propios sobre los que desarrollas tu personalidad, tu estilo y tus c\u00edrculos sociales; y en mi opini\u00f3n una canci\u00f3n es la expresi\u00f3n art\u00edstica m\u00e1s aproximada a un poema.<\/p>\n<p><b>2\u00ba)<\/b>\u00bfCrees que tu formaci\u00f3n literaria te viene por tus lecturas o quiz\u00e1s eres un joven influenciado por la nuevas tecnolog\u00edas como las redes sociales, blogs, etc.?<\/p>\n<p>Mi formaci\u00f3n literaria siempre ha sido a trav\u00e9s de los libros y nunca cambiar\u00eda el papel por una pantalla ya que la esencia y el encanto de la literatura se encuentran en gran medida en el soporte; en la manera que cada uno tiene de marcar las p\u00e1ginas, de hacer apuntes a los m\u00e1rgenes o de revisar un libro tras varios a\u00f1os de haberlo le\u00eddo por primera vez.<br \/>\nSinceramente dudo mucho de que se pueda obtener una aut\u00e9ntica formaci\u00f3n a trav\u00e9s de las redes digitales ya que ante tanta informaci\u00f3n se corre el riesgo de saltarse escalones en ese proceso y de llegar a un estado de falso conocimiento lo cual, llegado el momento, probablemente te impedir\u00e1 comprender y apreciar ciertas obras.<\/p>\n<p><b>3\u00ba) <\/b>\u00bfEres una persona que elabora mucho un poema o te dejas m\u00e1s bien llevar por la inspiraci\u00f3n?<\/p>\n<p>Al escribir poes\u00eda me suelen ocurrir dos cosas; en ocasiones un poema surge s\u00f3lo, como de la nada, y la mayor\u00eda de las veces sucede mientras est\u00e1s haciendo algo de lo m\u00e1s cotidiano. Tambi\u00e9n a veces se te ocurre una idea sobre la que escribir un poema, y despu\u00e9s digamos que vas quitando, poniendo y mezclando; decapando, por as\u00ed decir, versos, palabras, rimas y figuras po\u00e9ticas hasta que s\u00f3lo queda el poema que estaba bajo la idea inicial. En ambos casos, una vez tengo un poema escrito lo que hago es pulirlo lo mejor posible; lo de &#8220;elaborar&#8221; lo veo quiz\u00e1s m\u00e1s propio de aquellos con m\u00e1s experiencia, de llegar a un punto de madurez creativa o simplemente como algo que depende de la personalidad y del estilo de escribir de cada autor.<\/p>\n<p><b>\u00a0\u00a0\u00a0\u00a0\u00a0\u00a0\u00a0\u00a0\u00a0\u00a0\u00a0\u00a0\u00a0\u00a0\u00a0\u00a0\u00a0\u00a0\u00a0\u00a0\u00a0\u00a0\u00a0\u00a0\u00a0\u00a0\u00a0\u00a0\u00a0\u00a0\u00a0\u00a0\u00a0\u00a0\u00a0\u00a0\u00a0\u00a0\u00a0\u00a0\u00a0\u00a0\u00a0\u00a0\u00a0\u00a0\u00a0\u00a0\u00a0\u00a0\u00a0\u00a0\u00a0 <\/b><\/p>\n<p><b>4\u00ba)<\/b> \u00bf<i>La princesa diablo<\/i> es un libro autobiogr\u00e1fico?<\/p>\n<p>Yo dir\u00eda que &#8220;La Princesa Diablo&#8221; es sin duda un libro muy personal, porque en poes\u00eda la palabra &#8220;autobiogr\u00e1fico&#8221; no se puede tomar al pie de la letra. En el poemario se cuentan cosas que sucedieron y cosas que sucedieron aunque no exactamente como se cuentan.<br \/>\nCreo que toda poes\u00eda es personal ya que el autor siempre deja algo de \u00e9l en la obra que escribe, ya sean los hechos que relata, los sentimientos que describe y expresa o la propia forma de escribir.<\/p>\n<p><b>5\u00ba)<\/b> La met\u00e1fora est\u00e1 presente en toda la obra. \u00bfQu\u00e9 valor le das a esta figura literaria en tu poemario?<\/p>\n<p>Es cierto que consciente e inconscientemente todo el poemario est\u00e1 plagado de met\u00e1foras, me gusta utilizarlas y siempre intento que sean mordaces e ingeniosas. Podr\u00eda decirse que son una peque\u00f1a parte de mi estilo de escribir, aunque por ahora creo que a\u00fan es un poco pronto para definir dicho estilo. Lo que es evidente, acogi\u00e9ndome a mi estado de autor novel y bajo mi punto de vista, es que la met\u00e1fora es uno de los recursos po\u00e9ticos m\u00e1s reconocibles y f\u00e1ciles de entender y usar.<\/p>\n<p><b>6\u00ba)<\/b> \u00bfTu poes\u00eda mira m\u00e1s al interior o pretendes que el lector se mimetice con tus versos?<\/p>\n<p>Creo que toda poes\u00eda surge del interior y que lo primero que cambia cuando sale es la forma, puedes expresar una sola cosa de manera visceral, rom\u00e1ntica, ir\u00f3nica y as\u00ed tantas como se te ocurran. Mi poes\u00eda sin duda viene de mi interior, pero siempre impregnada por todo lo que me pasa y lo que me rodea, y siempre con una direcci\u00f3n expansiva ya que lo que busco al escribir es expresarme.<br \/>\nRespecto al posible lector, no es algo relevante para m\u00ed a la hora de escribir. Es decir, cuando tengo un buen poema s\u00ed que pienso que tiene que haber alguien a quien le guste o le interese leerlo, y siempre puede haber alguien que se identifique con dicho poema sobre todo si escribes sobre algo cotidiano, pero lo que nunca hago es escribir pensando en c\u00f3mo debo escribir para gustarle a cuantos m\u00e1s mejor. Es m\u00e1s que sabido que el pretender agradar a todos es el mayor error que puede cometer un artista.<br \/>\nSi me encontrase en persona con todos los que lean &#8220;La Princesa Diablo&#8221;, muchos me dir\u00edan que les ha encantado, que les ha gustado, algunos porque es verdad y otros por pura cortes\u00eda. Tambi\u00e9n habr\u00eda quien me dijera que le ha dejado indiferente. A todos y cada uno les estar\u00eda agradecido, pero igual de agradecido o m\u00e1s le estar\u00eda a quien me dijese que no le ha gustado en absoluto o incluso que es horrible, porque ser\u00eda la prueba de que la obra en s\u00ed misma tiene personalidad, tiene algo que ofrecer y que no peca de tibieza o pasividad.<\/p>\n<p><b>\u00a0<\/b><\/p>\n<p><b>\u00a0<\/b><\/p>\n<p><b>7\u00ba)<\/b> \u00bfCrees que escribir poes\u00eda es un medio para huir de la soledad o es algo reparador que libera?<\/p>\n<p>Creo que yo no escribo para huir de la soledad pero s\u00ed que suelo escribir sobre ella, sobre todo acerca de la soledad &#8220;corrosiva&#8221;, \u00e9sa que todos hemos sufrido alguna vez y que m\u00e1s bien se trata del sentimiento de sentirse s\u00f3lo que de una realidad. La soledad en s\u00ed misma no es algo malo de lo que haya que huir ya que est\u00e1 tambi\u00e9n esa soledad que uno busca simplemente por encontrar tranquilidad, la que compartes con la persona adecuada, a sin ir m\u00e1s lejos ese grado que yo mismo necesito a la hora de escribir. En ese punto s\u00ed que creo que la poes\u00eda tiene algo de liberadora, un punto de autocuraci\u00f3n y aceptaci\u00f3n, ya que recuerdas, analizas y expresas cosas que a veces ni siquiera t\u00fa mismo sabias que llevabas dentro lo cual te brinda la oportunidad de cerrar etapas de la vida ya sean buenas o malas.<\/p>\n<p><b>8\u00ba)<\/b> \u00bfQu\u00e9 importancia le das al amor en tu obra po\u00e9tica? \u00bfVan unidos amor y odio?<\/p>\n<p>Las obras en las que est\u00e1 presente el amor son incontables ya que las obras nacen de nosotros y el amor es uno de nuestros sentimientos y de nuestras emociones m\u00e1s fuertes. En &#8220;La Princesa Diablo&#8221; el amor tiene un papel muy importante pero todo el peso de la obra no recae sobre \u00e9l ya que es un amor visto bajo el prisma de la realidad; es decir, no es un amor incondicional ni perfecto, sino, como suele suceder, un amor mezclado con diversas circunstancias las cuales no podemos controlar y nos afectan para bien o para mal.<br \/>\nRespecto a la pareja amor-odio, no creo que vayan siempre unidos ni mucho menos, sino que en la vida, como casi todo, est\u00e1n muy cerca el uno del otro.<\/p>\n<p><b>9\u00ba)<\/b> \u00bfQu\u00e9 autores lees actualmente?<\/p>\n<p>Ahora mismo estoy leyendo algunas de las obras de Oscar Wilde. Creo que es importante conocer e interesarse por los cl\u00e1sicos, adem\u00e1s siempre son un refugio seguro al que acudir en momentos como el actual en el que hay una cierta &#8220;obsesi\u00f3n de Best Seller&#8221;, de libro perfecto que a todo el mundo le gusta, lo cual a m\u00ed me causa sensaci\u00f3n de vulgaridad. Para ser justo e ir\u00f3nico a la vez estoy seguro de que m\u00e1s de un libro me hubiera encantado de no haber visto antes la pel\u00edcula.<\/p>\n<p><b>10\u00ba)<\/b> \u00bfEs <i>La princesa diablo<\/i> un libro casual o piensas seguir escribiendo?<\/p>\n<p>Alguien dijo: &#8220;El que escribe, escribe siempre&#8221;, y creo que es verdad. Sin duda espero publicar m\u00e1s libros pero eso ya depende de crear una obra que merezca la pena ser publicada y de tener la oportunidad de hacerlo. El que una editorial, un grupo de personas profesionales que disfrutan y viven de la literatura piensen que algo que t\u00fa has escrito merece ser sacado a la luz y te ayuden a llevarlo a cabo es sin duda un premio y una gran satisfacci\u00f3n.<\/p>\n","protected":false},"excerpt":{"rendered":"<p>&nbsp; &#8220;La Princesa diablo&#8221; es el primer trabajo de Jos\u00e9 Angel Rodriguez y ha sido publicado por la Editorial Poes\u00eda eres t\u00fa. 1\u00ba) Te defines como un hombre amante de la m\u00fasica, cine, teatro\u2026 \u00bfQu\u00e9 te ha llevado a elegir el g\u00e9nero po\u00e9tico para La princesa diablo, tu primer libro editado? En realidad creo que&#8230;<\/p>\n","protected":false},"author":1,"featured_media":1246,"comment_status":"open","ping_status":"open","sticky":false,"template":"","format":"standard","meta":{"footnotes":"","_links_to":"","_links_to_target":""},"categories":[4],"tags":[],"class_list":["post-1245","post","type-post","status-publish","format-standard","has-post-thumbnail","hentry","category-entrevistas"],"yoast_head":"<!-- This site is optimized with the Yoast SEO Premium plugin v24.7 (Yoast SEO v27.5) - https:\/\/yoast.com\/product\/yoast-seo-premium-wordpress\/ -->\n<title>Jos\u00e9 \u00c1ngel Rodr\u00edguez: &quot;Mi poes\u00eda sin duda viene de mi interior, pero siempre impregnada por todo lo que me pasa y lo que me rodea&quot;<\/title>\n<meta name=\"description\" content=\"&nbsp;\" \/>\n<meta name=\"robots\" content=\"index, follow, max-snippet:-1, max-image-preview:large, max-video-preview:-1\" \/>\n<link rel=\"canonical\" href=\"https:\/\/poesiaerestu.com\/revista\/jose-angel-rodriguez-mi-poesia-sin-duda-viene-de-mi-interior-pero-siempre-impregnada-por-todo-lo-que-pasa-y-lo-que-rodea\/\" \/>\n<meta name=\"twitter:label1\" content=\"Written by\" \/>\n\t<meta name=\"twitter:data1\" content=\"admin\" \/>\n\t<meta name=\"twitter:label2\" content=\"Est. reading time\" \/>\n\t<meta name=\"twitter:data2\" content=\"8 minutes\" \/>\n<script type=\"application\/ld+json\" class=\"yoast-schema-graph\">{\"@context\":\"https:\\\/\\\/schema.org\",\"@graph\":[{\"@type\":\"Article\",\"@id\":\"https:\\\/\\\/poesiaerestu.com\\\/revista\\\/jose-angel-rodriguez-mi-poesia-sin-duda-viene-de-mi-interior-pero-siempre-impregnada-por-todo-lo-que-pasa-y-lo-que-rodea\\\/#article\",\"isPartOf\":{\"@id\":\"https:\\\/\\\/poesiaerestu.com\\\/revista\\\/jose-angel-rodriguez-mi-poesia-sin-duda-viene-de-mi-interior-pero-siempre-impregnada-por-todo-lo-que-pasa-y-lo-que-rodea\\\/\"},\"author\":{\"name\":\"admin\",\"@id\":\"https:\\\/\\\/poesiaerestu.com\\\/revista\\\/#\\\/schema\\\/person\\\/fcb1a2122be3810bfdd0c071b4b3e9c4\"},\"headline\":\"Jos\u00e9 \u00c1ngel Rodr\u00edguez: &#8220;Mi poes\u00eda sin duda viene de mi interior, pero siempre impregnada por todo lo que me pasa y lo que me rodea&#8221;\",\"datePublished\":\"2014-04-09T17:09:18+00:00\",\"mainEntityOfPage\":{\"@id\":\"https:\\\/\\\/poesiaerestu.com\\\/revista\\\/jose-angel-rodriguez-mi-poesia-sin-duda-viene-de-mi-interior-pero-siempre-impregnada-por-todo-lo-que-pasa-y-lo-que-rodea\\\/\"},\"wordCount\":1577,\"commentCount\":0,\"image\":{\"@id\":\"https:\\\/\\\/poesiaerestu.com\\\/revista\\\/jose-angel-rodriguez-mi-poesia-sin-duda-viene-de-mi-interior-pero-siempre-impregnada-por-todo-lo-que-pasa-y-lo-que-rodea\\\/#primaryimage\"},\"thumbnailUrl\":\"https:\\\/\\\/poesiaerestu.com\\\/revista\\\/wp-content\\\/uploads\\\/2014\\\/04\\\/J2-scaled.jpg\",\"articleSection\":[\"Entrevistas\"],\"inLanguage\":\"en-US\",\"copyrightYear\":\"2014\",\"copyrightHolder\":{\"@id\":\"https:\\\/\\\/poesiaerestu.com\\\/revista\\\/#organization\"}},{\"@type\":\"WebPage\",\"@id\":\"https:\\\/\\\/poesiaerestu.com\\\/revista\\\/jose-angel-rodriguez-mi-poesia-sin-duda-viene-de-mi-interior-pero-siempre-impregnada-por-todo-lo-que-pasa-y-lo-que-rodea\\\/\",\"url\":\"https:\\\/\\\/poesiaerestu.com\\\/revista\\\/jose-angel-rodriguez-mi-poesia-sin-duda-viene-de-mi-interior-pero-siempre-impregnada-por-todo-lo-que-pasa-y-lo-que-rodea\\\/\",\"name\":\"Jos\u00e9 \u00c1ngel Rodr\u00edguez: \\\"Mi poes\u00eda sin duda viene de mi interior, pero siempre impregnada por todo lo que me pasa y lo que me rodea\\\"\",\"isPartOf\":{\"@id\":\"https:\\\/\\\/poesiaerestu.com\\\/revista\\\/#website\"},\"primaryImageOfPage\":{\"@id\":\"https:\\\/\\\/poesiaerestu.com\\\/revista\\\/jose-angel-rodriguez-mi-poesia-sin-duda-viene-de-mi-interior-pero-siempre-impregnada-por-todo-lo-que-pasa-y-lo-que-rodea\\\/#primaryimage\"},\"image\":{\"@id\":\"https:\\\/\\\/poesiaerestu.com\\\/revista\\\/jose-angel-rodriguez-mi-poesia-sin-duda-viene-de-mi-interior-pero-siempre-impregnada-por-todo-lo-que-pasa-y-lo-que-rodea\\\/#primaryimage\"},\"thumbnailUrl\":\"https:\\\/\\\/poesiaerestu.com\\\/revista\\\/wp-content\\\/uploads\\\/2014\\\/04\\\/J2-scaled.jpg\",\"datePublished\":\"2014-04-09T17:09:18+00:00\",\"author\":{\"@id\":\"https:\\\/\\\/poesiaerestu.com\\\/revista\\\/#\\\/schema\\\/person\\\/fcb1a2122be3810bfdd0c071b4b3e9c4\"},\"description\":\"&nbsp;\",\"breadcrumb\":{\"@id\":\"https:\\\/\\\/poesiaerestu.com\\\/revista\\\/jose-angel-rodriguez-mi-poesia-sin-duda-viene-de-mi-interior-pero-siempre-impregnada-por-todo-lo-que-pasa-y-lo-que-rodea\\\/#breadcrumb\"},\"inLanguage\":\"en-US\",\"potentialAction\":[{\"@type\":\"ReadAction\",\"target\":[\"https:\\\/\\\/poesiaerestu.com\\\/revista\\\/jose-angel-rodriguez-mi-poesia-sin-duda-viene-de-mi-interior-pero-siempre-impregnada-por-todo-lo-que-pasa-y-lo-que-rodea\\\/\"]}]},{\"@type\":\"ImageObject\",\"inLanguage\":\"en-US\",\"@id\":\"https:\\\/\\\/poesiaerestu.com\\\/revista\\\/jose-angel-rodriguez-mi-poesia-sin-duda-viene-de-mi-interior-pero-siempre-impregnada-por-todo-lo-que-pasa-y-lo-que-rodea\\\/#primaryimage\",\"url\":\"https:\\\/\\\/poesiaerestu.com\\\/revista\\\/wp-content\\\/uploads\\\/2014\\\/04\\\/J2-scaled.jpg\",\"contentUrl\":\"https:\\\/\\\/poesiaerestu.com\\\/revista\\\/wp-content\\\/uploads\\\/2014\\\/04\\\/J2-scaled.jpg\",\"width\":1201,\"height\":1024},{\"@type\":\"BreadcrumbList\",\"@id\":\"https:\\\/\\\/poesiaerestu.com\\\/revista\\\/jose-angel-rodriguez-mi-poesia-sin-duda-viene-de-mi-interior-pero-siempre-impregnada-por-todo-lo-que-pasa-y-lo-que-rodea\\\/#breadcrumb\",\"itemListElement\":[{\"@type\":\"ListItem\",\"position\":1,\"name\":\"Home\",\"item\":\"https:\\\/\\\/poesiaerestu.com\\\/revista\\\/\"},{\"@type\":\"ListItem\",\"position\":2,\"name\":\"Jos\u00e9 \u00c1ngel Rodr\u00edguez: &#8220;Mi poes\u00eda sin duda viene de mi interior, pero siempre impregnada por todo lo que me pasa y lo que me rodea&#8221;\"}]},{\"@type\":\"WebSite\",\"@id\":\"https:\\\/\\\/poesiaerestu.com\\\/revista\\\/#website\",\"url\":\"https:\\\/\\\/poesiaerestu.com\\\/revista\\\/\",\"name\":\"Poes\u00ed\u00ada eres t\u00fa (revista)\",\"description\":\"Revista de poes\u00eda y literatura\",\"potentialAction\":[{\"@type\":\"SearchAction\",\"target\":{\"@type\":\"EntryPoint\",\"urlTemplate\":\"https:\\\/\\\/poesiaerestu.com\\\/revista\\\/?s={search_term_string}\"},\"query-input\":{\"@type\":\"PropertyValueSpecification\",\"valueRequired\":true,\"valueName\":\"search_term_string\"}}],\"inLanguage\":\"en-US\"},{\"@type\":\"Person\",\"@id\":\"https:\\\/\\\/poesiaerestu.com\\\/revista\\\/#\\\/schema\\\/person\\\/fcb1a2122be3810bfdd0c071b4b3e9c4\",\"name\":\"admin\",\"image\":{\"@type\":\"ImageObject\",\"inLanguage\":\"en-US\",\"@id\":\"https:\\\/\\\/secure.gravatar.com\\\/avatar\\\/1cb55a5bd8d6824519e46b552e84b03575857cc9c4d6333824d2f95d82129f50?s=96&d=mm&r=g\",\"url\":\"https:\\\/\\\/secure.gravatar.com\\\/avatar\\\/1cb55a5bd8d6824519e46b552e84b03575857cc9c4d6333824d2f95d82129f50?s=96&d=mm&r=g\",\"contentUrl\":\"https:\\\/\\\/secure.gravatar.com\\\/avatar\\\/1cb55a5bd8d6824519e46b552e84b03575857cc9c4d6333824d2f95d82129f50?s=96&d=mm&r=g\",\"caption\":\"admin\"},\"url\":\"https:\\\/\\\/poesiaerestu.com\\\/revista\\\/author\\\/admin\\\/\"}]}<\/script>\n<!-- \/ Yoast SEO Premium plugin. -->","yoast_head_json":{"title":"Jos\u00e9 \u00c1ngel Rodr\u00edguez: \"Mi poes\u00eda sin duda viene de mi interior, pero siempre impregnada por todo lo que me pasa y lo que me rodea\"","description":"&nbsp;","robots":{"index":"index","follow":"follow","max-snippet":"max-snippet:-1","max-image-preview":"max-image-preview:large","max-video-preview":"max-video-preview:-1"},"canonical":"https:\/\/poesiaerestu.com\/revista\/jose-angel-rodriguez-mi-poesia-sin-duda-viene-de-mi-interior-pero-siempre-impregnada-por-todo-lo-que-pasa-y-lo-que-rodea\/","twitter_misc":{"Written by":"admin","Est. reading time":"8 minutes"},"schema":{"@context":"https:\/\/schema.org","@graph":[{"@type":"Article","@id":"https:\/\/poesiaerestu.com\/revista\/jose-angel-rodriguez-mi-poesia-sin-duda-viene-de-mi-interior-pero-siempre-impregnada-por-todo-lo-que-pasa-y-lo-que-rodea\/#article","isPartOf":{"@id":"https:\/\/poesiaerestu.com\/revista\/jose-angel-rodriguez-mi-poesia-sin-duda-viene-de-mi-interior-pero-siempre-impregnada-por-todo-lo-que-pasa-y-lo-que-rodea\/"},"author":{"name":"admin","@id":"https:\/\/poesiaerestu.com\/revista\/#\/schema\/person\/fcb1a2122be3810bfdd0c071b4b3e9c4"},"headline":"Jos\u00e9 \u00c1ngel Rodr\u00edguez: &#8220;Mi poes\u00eda sin duda viene de mi interior, pero siempre impregnada por todo lo que me pasa y lo que me rodea&#8221;","datePublished":"2014-04-09T17:09:18+00:00","mainEntityOfPage":{"@id":"https:\/\/poesiaerestu.com\/revista\/jose-angel-rodriguez-mi-poesia-sin-duda-viene-de-mi-interior-pero-siempre-impregnada-por-todo-lo-que-pasa-y-lo-que-rodea\/"},"wordCount":1577,"commentCount":0,"image":{"@id":"https:\/\/poesiaerestu.com\/revista\/jose-angel-rodriguez-mi-poesia-sin-duda-viene-de-mi-interior-pero-siempre-impregnada-por-todo-lo-que-pasa-y-lo-que-rodea\/#primaryimage"},"thumbnailUrl":"https:\/\/poesiaerestu.com\/revista\/wp-content\/uploads\/2014\/04\/J2-scaled.jpg","articleSection":["Entrevistas"],"inLanguage":"en-US","copyrightYear":"2014","copyrightHolder":{"@id":"https:\/\/poesiaerestu.com\/revista\/#organization"}},{"@type":"WebPage","@id":"https:\/\/poesiaerestu.com\/revista\/jose-angel-rodriguez-mi-poesia-sin-duda-viene-de-mi-interior-pero-siempre-impregnada-por-todo-lo-que-pasa-y-lo-que-rodea\/","url":"https:\/\/poesiaerestu.com\/revista\/jose-angel-rodriguez-mi-poesia-sin-duda-viene-de-mi-interior-pero-siempre-impregnada-por-todo-lo-que-pasa-y-lo-que-rodea\/","name":"Jos\u00e9 \u00c1ngel Rodr\u00edguez: \"Mi poes\u00eda sin duda viene de mi interior, pero siempre impregnada por todo lo que me pasa y lo que me rodea\"","isPartOf":{"@id":"https:\/\/poesiaerestu.com\/revista\/#website"},"primaryImageOfPage":{"@id":"https:\/\/poesiaerestu.com\/revista\/jose-angel-rodriguez-mi-poesia-sin-duda-viene-de-mi-interior-pero-siempre-impregnada-por-todo-lo-que-pasa-y-lo-que-rodea\/#primaryimage"},"image":{"@id":"https:\/\/poesiaerestu.com\/revista\/jose-angel-rodriguez-mi-poesia-sin-duda-viene-de-mi-interior-pero-siempre-impregnada-por-todo-lo-que-pasa-y-lo-que-rodea\/#primaryimage"},"thumbnailUrl":"https:\/\/poesiaerestu.com\/revista\/wp-content\/uploads\/2014\/04\/J2-scaled.jpg","datePublished":"2014-04-09T17:09:18+00:00","author":{"@id":"https:\/\/poesiaerestu.com\/revista\/#\/schema\/person\/fcb1a2122be3810bfdd0c071b4b3e9c4"},"description":"&nbsp;","breadcrumb":{"@id":"https:\/\/poesiaerestu.com\/revista\/jose-angel-rodriguez-mi-poesia-sin-duda-viene-de-mi-interior-pero-siempre-impregnada-por-todo-lo-que-pasa-y-lo-que-rodea\/#breadcrumb"},"inLanguage":"en-US","potentialAction":[{"@type":"ReadAction","target":["https:\/\/poesiaerestu.com\/revista\/jose-angel-rodriguez-mi-poesia-sin-duda-viene-de-mi-interior-pero-siempre-impregnada-por-todo-lo-que-pasa-y-lo-que-rodea\/"]}]},{"@type":"ImageObject","inLanguage":"en-US","@id":"https:\/\/poesiaerestu.com\/revista\/jose-angel-rodriguez-mi-poesia-sin-duda-viene-de-mi-interior-pero-siempre-impregnada-por-todo-lo-que-pasa-y-lo-que-rodea\/#primaryimage","url":"https:\/\/poesiaerestu.com\/revista\/wp-content\/uploads\/2014\/04\/J2-scaled.jpg","contentUrl":"https:\/\/poesiaerestu.com\/revista\/wp-content\/uploads\/2014\/04\/J2-scaled.jpg","width":1201,"height":1024},{"@type":"BreadcrumbList","@id":"https:\/\/poesiaerestu.com\/revista\/jose-angel-rodriguez-mi-poesia-sin-duda-viene-de-mi-interior-pero-siempre-impregnada-por-todo-lo-que-pasa-y-lo-que-rodea\/#breadcrumb","itemListElement":[{"@type":"ListItem","position":1,"name":"Home","item":"https:\/\/poesiaerestu.com\/revista\/"},{"@type":"ListItem","position":2,"name":"Jos\u00e9 \u00c1ngel Rodr\u00edguez: &#8220;Mi poes\u00eda sin duda viene de mi interior, pero siempre impregnada por todo lo que me pasa y lo que me rodea&#8221;"}]},{"@type":"WebSite","@id":"https:\/\/poesiaerestu.com\/revista\/#website","url":"https:\/\/poesiaerestu.com\/revista\/","name":"Poes\u00ed\u00ada eres t\u00fa (revista)","description":"Revista de poes\u00eda y literatura","potentialAction":[{"@type":"SearchAction","target":{"@type":"EntryPoint","urlTemplate":"https:\/\/poesiaerestu.com\/revista\/?s={search_term_string}"},"query-input":{"@type":"PropertyValueSpecification","valueRequired":true,"valueName":"search_term_string"}}],"inLanguage":"en-US"},{"@type":"Person","@id":"https:\/\/poesiaerestu.com\/revista\/#\/schema\/person\/fcb1a2122be3810bfdd0c071b4b3e9c4","name":"admin","image":{"@type":"ImageObject","inLanguage":"en-US","@id":"https:\/\/secure.gravatar.com\/avatar\/1cb55a5bd8d6824519e46b552e84b03575857cc9c4d6333824d2f95d82129f50?s=96&d=mm&r=g","url":"https:\/\/secure.gravatar.com\/avatar\/1cb55a5bd8d6824519e46b552e84b03575857cc9c4d6333824d2f95d82129f50?s=96&d=mm&r=g","contentUrl":"https:\/\/secure.gravatar.com\/avatar\/1cb55a5bd8d6824519e46b552e84b03575857cc9c4d6333824d2f95d82129f50?s=96&d=mm&r=g","caption":"admin"},"url":"https:\/\/poesiaerestu.com\/revista\/author\/admin\/"}]}},"_links":{"self":[{"href":"https:\/\/poesiaerestu.com\/revista\/wp-json\/wp\/v2\/posts\/1245","targetHints":{"allow":["GET"]}}],"collection":[{"href":"https:\/\/poesiaerestu.com\/revista\/wp-json\/wp\/v2\/posts"}],"about":[{"href":"https:\/\/poesiaerestu.com\/revista\/wp-json\/wp\/v2\/types\/post"}],"author":[{"embeddable":true,"href":"https:\/\/poesiaerestu.com\/revista\/wp-json\/wp\/v2\/users\/1"}],"replies":[{"embeddable":true,"href":"https:\/\/poesiaerestu.com\/revista\/wp-json\/wp\/v2\/comments?post=1245"}],"version-history":[{"count":0,"href":"https:\/\/poesiaerestu.com\/revista\/wp-json\/wp\/v2\/posts\/1245\/revisions"}],"wp:featuredmedia":[{"embeddable":true,"href":"https:\/\/poesiaerestu.com\/revista\/wp-json\/wp\/v2\/media\/1246"}],"wp:attachment":[{"href":"https:\/\/poesiaerestu.com\/revista\/wp-json\/wp\/v2\/media?parent=1245"}],"wp:term":[{"taxonomy":"category","embeddable":true,"href":"https:\/\/poesiaerestu.com\/revista\/wp-json\/wp\/v2\/categories?post=1245"},{"taxonomy":"post_tag","embeddable":true,"href":"https:\/\/poesiaerestu.com\/revista\/wp-json\/wp\/v2\/tags?post=1245"}],"curies":[{"name":"wp","href":"https:\/\/api.w.org\/{rel}","templated":true}]}}