{"id":1196,"date":"2013-11-02T17:56:31","date_gmt":"2013-11-02T16:56:31","guid":{"rendered":"http:\/\/www.poesiaerestu.com\/revista\/?p=1196"},"modified":"2013-11-02T17:56:31","modified_gmt":"2013-11-02T16:56:31","slug":"maria-del-olmo-la-poesia-es-como-el-grito-que-se-le-escapa-al-corazon-cuando-pierde-la-discrecion","status":"publish","type":"post","link":"https:\/\/poesiaerestu.com\/revista\/maria-del-olmo-la-poesia-es-como-el-grito-que-se-le-escapa-al-corazon-cuando-pierde-la-discrecion\/","title":{"rendered":"Mar\u00eda del Olmo: \u201cLa poes\u00eda es como el grito que se le escapa al coraz\u00f3n cuando pierde la discreci\u00f3n\u201d."},"content":{"rendered":"<p><b><a ref=\"magnificPopup\" href=\"https:\/\/poesiaerestu.com\/revista\/wp-content\/uploads\/2013\/11\/Mariadelolmo.png\"><img loading=\"lazy\" decoding=\"async\" class=\"alignleft size-medium wp-image-1197\" alt=\"Mariadelolmo\" src=\"https:\/\/spcdn.shortpixel.ai\/spio\/ret_img,q_cdnize,to_auto,s_webp:avif\/poesiaerestu.com\/revista\/wp-content\/uploads\/2013\/11\/Mariadelolmo-200x300.png\" width=\"200\" height=\"300\" srcset=\"https:\/\/spcdn.shortpixel.ai\/spio\/ret_img,q_cdnize,to_auto,s_webp:avif\/poesiaerestu.com\/revista\/wp-content\/uploads\/2013\/11\/Mariadelolmo-200x300.png 200w, https:\/\/spcdn.shortpixel.ai\/spio\/ret_img,q_cdnize,to_auto,s_webp:avif\/poesiaerestu.com\/revista\/wp-content\/uploads\/2013\/11\/Mariadelolmo-40x60.png 40w, https:\/\/spcdn.shortpixel.ai\/spio\/ret_img,q_cdnize,to_auto,s_webp:avif\/poesiaerestu.com\/revista\/wp-content\/uploads\/2013\/11\/Mariadelolmo.png 512w\" sizes=\"auto, (max-width: 200px) 100vw, 200px\" \/><\/a>1\u00ba)<\/b> El Amor y las Palabras es tu primer libro de poes\u00eda editado. \u00bfC\u00f3mo entras en el mundo de la literatura y en particular al g\u00e9nero po\u00e9tico?<\/p>\n<p>&nbsp;<\/p>\n<p>Por sorpresa. Las sorpresas han marcado momentos importantes de mi vida.<\/p>\n<p>&nbsp;<\/p>\n<p>En primavera repas\u00e9 la tem\u00e1tica de los poemas que hab\u00eda escrito durante los \u00faltimos a\u00f1os y observ\u00e9 que exist\u00eda un hilo conductor entre ellos que los un\u00eda con armon\u00eda y les aportaba una sonoridad y colorido adecuados para ser publicados. Esta circunstancia, unida al hecho de que continuara emocion\u00e1ndome al leerlos, me ayud\u00f3\u00a0 a tomar la decisi\u00f3n de intentar su edici\u00f3n. Que El Amor y las Palabras llegara al lector se convirti\u00f3 de repente en una ilusi\u00f3n.<\/p>\n<p>&nbsp;<\/p>\n<p>Buce\u00e9 en Internet y me encontr\u00e9 con la Editorial Poes\u00eda Eres T\u00fa. Recuerdo que envi\u00e9 los versos un lunes y al cabo de una semana la Editorial me informaba que publicar\u00eda la obra.<\/p>\n<p>&nbsp;<\/p>\n<p>A veces las sorpresas llegan por el camino m\u00e1s corto, al menos esa fue mi impresi\u00f3n. En esos casos uno debe dejarse llevar y disfrutar de la experiencia. Desde entonces cada cap\u00edtulo de esta bonita historia representa un plus de felicidad inesperada.<\/p>\n<p>&nbsp;<\/p>\n<p><b>2\u00ba)<\/b> \u00bfEstableces alg\u00fan proceso a la hora de escribir un poema?<\/p>\n<p>&nbsp;<\/p>\n<p>El Amor y las Palabras lo ha escrito mi coraz\u00f3n. Yo s\u00f3lo le he prestado el teclado de un ordenador. Los versos han fluido desde dentro \u00e1gil e inconscientemente y s\u00f3lo en el momento justo.<\/p>\n<p>&nbsp;<\/p>\n<p>Creo que no ser\u00eda capaz de adaptar a un proceso la redacci\u00f3n de una poes\u00eda.<\/p>\n<p>&nbsp;<\/p>\n<p>Por ese motivo la poes\u00eda es tan especial. Incre\u00edblemente caprichosa. Es como el grito que se le escapa al coraz\u00f3n cuando pierde la discreci\u00f3n.<\/p>\n<p>&nbsp;<\/p>\n<p>La poes\u00eda no lleva tiempo. No conoce del orden. No tiene un formato. Es una manifestaci\u00f3n de libertad.<\/p>\n<p>&nbsp;<\/p>\n<p><b>3\u00ba)<\/b> Poeta o poetisa. \u00bfC\u00f3mo prefieres que te llamen y por qu\u00e9?<\/p>\n<p>&nbsp;<\/p>\n<p>Creo que nada avanzar\u00eda con la elecci\u00f3n. La feminidad, el feminismo o lo femenino, va por otro camino por el que, seg\u00fan como se ande, se puede avanzar un poco m\u00e1s en aras de lograr m\u00e1s igualdad, justicia o libertad.<\/p>\n<p>&nbsp;<\/p>\n<p>En cualquier caso, me gusta m\u00e1s la palabra escritora. \u00a1En este caso, est\u00e1 claro que escritora, y no escritor! Caprichos del lenguaje\u2026<\/p>\n<p>&nbsp;<\/p>\n<p><b>\u00a0<\/b><\/p>\n<p><b>4\u00ba)<\/b> \u00bfC\u00f3mo describir\u00edas tu propia poes\u00eda?<\/p>\n<p>&nbsp;<\/p>\n<p>La describir\u00eda de una manera muy similar a como la describen los lectores de \u201cEl Amor y las Palabras\u201d. Sincera, sensible, sencilla, variada, comprometida y valiente.<\/p>\n<p>&nbsp;<\/p>\n<p>&nbsp;<\/p>\n<p><b>5\u00ba)<\/b> \u00bfRima o verso libre? \u00bfD\u00f3nde te sientes m\u00e1s c\u00f3moda y por qu\u00e9?<\/p>\n<p>&nbsp;<\/p>\n<p>Como dec\u00eda anteriormente, la poes\u00eda es caprichosa, desordenada. No puedo predecir como construir\u00e9 el verso.<\/p>\n<p>&nbsp;<\/p>\n<p><b>6\u00ba)<\/b> \u00bfEs el amor el eje fundamental en tu poes\u00eda?<\/p>\n<p>&nbsp;<\/p>\n<p>En este poemario, s\u00ed. Completamente. El amor en todas sus manifestaciones. Porque en todas resulta imprescindible para crecer y alcanzar la felicidad.<\/p>\n<p>&nbsp;<\/p>\n<p><b>7\u00ba)<\/b> \u00bfQu\u00e9 autores o lecturas te han marcado y de qu\u00e9 forma?<\/p>\n<p>&nbsp;<\/p>\n<p>Much\u00edsimos. Soy muy lectora. Y me gusta leer con l\u00e1piz para subrayar las frases que me agitan por dentro con solo leerlas. Me ha fascinado, por ejemplo, el verso sincero y breve de B\u00e9cquer o la profundidad de Rosal\u00eda. En poes\u00eda son muy fan de los cl\u00e1sicos porque me identifico much\u00edsimo con ellos.<\/p>\n<p>&nbsp;<\/p>\n<p>\u00daltimamente he le\u00eddo narrativa que tambi\u00e9n me ha cautivado y ha inspirado algunos de mis \u00faltimos versos. Susanna Tamaro, por ejemplo, en \u201cEscucha mi voz\u201d tiene la virtud de contar una historia dif\u00edcil desde fuera hacia dentro, y eso es muy complicado.<\/p>\n<p>&nbsp;<\/p>\n<p>La belleza literaria que llega a alcanzar la palabra en manos de Carlos Ruiz Zaf\u00f3n en \u201cLa sombra del viento\u201d me ha enamorado. Resulta exquisita y de una elegancia que nunca se relaja. No puedo dejar de acordarme de algunas expresiones que en s\u00ed mismas son un aut\u00e9ntico verso: \u201c(\u2026) se le desliz\u00f3 una sonrisa (\u2026)\u201d; \u201c(\u2026) se le cayeron los ojos\u201d; \u201c(\u2026) se le deshizo la mirada de tanta gratitud\u201d.<\/p>\n<p>&nbsp;<\/p>\n<p><b>8\u00ba)<\/b> Una vez dado el primer paso en la literatura. \u00bfPiensas continuar escribiendo?<\/p>\n<p>&nbsp;<\/p>\n<p>Sigo escribiendo. Sin elecci\u00f3n. Y leyendo. Hay que leer mucho y escribir mucho para uno, para continuar escribiendo para todos los lectores que deciden acercarse a tu obra.<\/p>\n","protected":false},"excerpt":{"rendered":"<p>1\u00ba) El Amor y las Palabras es tu primer libro de poes\u00eda editado. \u00bfC\u00f3mo entras en el mundo de la literatura y en particular al g\u00e9nero po\u00e9tico? &nbsp; Por sorpresa. Las sorpresas han marcado momentos importantes de mi vida. &nbsp; En primavera repas\u00e9 la tem\u00e1tica de los poemas que hab\u00eda escrito durante los \u00faltimos a\u00f1os&#8230;<\/p>\n","protected":false},"author":1,"featured_media":1197,"comment_status":"open","ping_status":"open","sticky":false,"template":"","format":"standard","meta":{"footnotes":"","_links_to":"","_links_to_target":""},"categories":[4],"tags":[],"class_list":["post-1196","post","type-post","status-publish","format-standard","has-post-thumbnail","hentry","category-entrevistas"],"yoast_head":"<!-- This site is optimized with the Yoast SEO Premium plugin v24.7 (Yoast SEO v27.5) - https:\/\/yoast.com\/product\/yoast-seo-premium-wordpress\/ -->\n<title>Mar\u00eda del Olmo: \u201cLa poes\u00eda es como el grito que se le escapa al coraz\u00f3n cuando pierde la discreci\u00f3n\u201d.<\/title>\n<meta name=\"description\" content=\"1\u00ba) El Amor y las Palabras es tu primer libro de poes\u00eda editado. \u00bfC\u00f3mo entras en el mundo de la literatura y en particular al g\u00e9nero po\u00e9tico?\" \/>\n<meta name=\"robots\" content=\"index, follow, max-snippet:-1, max-image-preview:large, max-video-preview:-1\" \/>\n<link rel=\"canonical\" href=\"https:\/\/poesiaerestu.com\/revista\/maria-del-olmo-la-poesia-es-como-el-grito-que-se-le-escapa-al-corazon-cuando-pierde-la-discrecion\/\" \/>\n<meta name=\"twitter:label1\" content=\"Written by\" \/>\n\t<meta name=\"twitter:data1\" content=\"admin\" \/>\n\t<meta name=\"twitter:label2\" content=\"Est. reading time\" \/>\n\t<meta name=\"twitter:data2\" content=\"4 minutes\" \/>\n<script type=\"application\/ld+json\" class=\"yoast-schema-graph\">{\"@context\":\"https:\\\/\\\/schema.org\",\"@graph\":[{\"@type\":\"Article\",\"@id\":\"https:\\\/\\\/poesiaerestu.com\\\/revista\\\/maria-del-olmo-la-poesia-es-como-el-grito-que-se-le-escapa-al-corazon-cuando-pierde-la-discrecion\\\/#article\",\"isPartOf\":{\"@id\":\"https:\\\/\\\/poesiaerestu.com\\\/revista\\\/maria-del-olmo-la-poesia-es-como-el-grito-que-se-le-escapa-al-corazon-cuando-pierde-la-discrecion\\\/\"},\"author\":{\"name\":\"admin\",\"@id\":\"https:\\\/\\\/poesiaerestu.com\\\/revista\\\/#\\\/schema\\\/person\\\/fcb1a2122be3810bfdd0c071b4b3e9c4\"},\"headline\":\"Mar\u00eda del Olmo: \u201cLa poes\u00eda es como el grito que se le escapa al coraz\u00f3n cuando pierde la discreci\u00f3n\u201d.\",\"datePublished\":\"2013-11-02T16:56:31+00:00\",\"mainEntityOfPage\":{\"@id\":\"https:\\\/\\\/poesiaerestu.com\\\/revista\\\/maria-del-olmo-la-poesia-es-como-el-grito-que-se-le-escapa-al-corazon-cuando-pierde-la-discrecion\\\/\"},\"wordCount\":776,\"commentCount\":0,\"image\":{\"@id\":\"https:\\\/\\\/poesiaerestu.com\\\/revista\\\/maria-del-olmo-la-poesia-es-como-el-grito-que-se-le-escapa-al-corazon-cuando-pierde-la-discrecion\\\/#primaryimage\"},\"thumbnailUrl\":\"https:\\\/\\\/poesiaerestu.com\\\/revista\\\/wp-content\\\/uploads\\\/2013\\\/11\\\/Mariadelolmo.png\",\"articleSection\":[\"Entrevistas\"],\"inLanguage\":\"en-US\",\"copyrightYear\":\"2013\",\"copyrightHolder\":{\"@id\":\"https:\\\/\\\/poesiaerestu.com\\\/revista\\\/#organization\"}},{\"@type\":\"WebPage\",\"@id\":\"https:\\\/\\\/poesiaerestu.com\\\/revista\\\/maria-del-olmo-la-poesia-es-como-el-grito-que-se-le-escapa-al-corazon-cuando-pierde-la-discrecion\\\/\",\"url\":\"https:\\\/\\\/poesiaerestu.com\\\/revista\\\/maria-del-olmo-la-poesia-es-como-el-grito-que-se-le-escapa-al-corazon-cuando-pierde-la-discrecion\\\/\",\"name\":\"Mar\u00eda del Olmo: \u201cLa poes\u00eda es como el grito que se le escapa al coraz\u00f3n cuando pierde la discreci\u00f3n\u201d.\",\"isPartOf\":{\"@id\":\"https:\\\/\\\/poesiaerestu.com\\\/revista\\\/#website\"},\"primaryImageOfPage\":{\"@id\":\"https:\\\/\\\/poesiaerestu.com\\\/revista\\\/maria-del-olmo-la-poesia-es-como-el-grito-que-se-le-escapa-al-corazon-cuando-pierde-la-discrecion\\\/#primaryimage\"},\"image\":{\"@id\":\"https:\\\/\\\/poesiaerestu.com\\\/revista\\\/maria-del-olmo-la-poesia-es-como-el-grito-que-se-le-escapa-al-corazon-cuando-pierde-la-discrecion\\\/#primaryimage\"},\"thumbnailUrl\":\"https:\\\/\\\/poesiaerestu.com\\\/revista\\\/wp-content\\\/uploads\\\/2013\\\/11\\\/Mariadelolmo.png\",\"datePublished\":\"2013-11-02T16:56:31+00:00\",\"author\":{\"@id\":\"https:\\\/\\\/poesiaerestu.com\\\/revista\\\/#\\\/schema\\\/person\\\/fcb1a2122be3810bfdd0c071b4b3e9c4\"},\"description\":\"1\u00ba) El Amor y las Palabras es tu primer libro de poes\u00eda editado. \u00bfC\u00f3mo entras en el mundo de la literatura y en particular al g\u00e9nero po\u00e9tico?\",\"breadcrumb\":{\"@id\":\"https:\\\/\\\/poesiaerestu.com\\\/revista\\\/maria-del-olmo-la-poesia-es-como-el-grito-que-se-le-escapa-al-corazon-cuando-pierde-la-discrecion\\\/#breadcrumb\"},\"inLanguage\":\"en-US\",\"potentialAction\":[{\"@type\":\"ReadAction\",\"target\":[\"https:\\\/\\\/poesiaerestu.com\\\/revista\\\/maria-del-olmo-la-poesia-es-como-el-grito-que-se-le-escapa-al-corazon-cuando-pierde-la-discrecion\\\/\"]}]},{\"@type\":\"ImageObject\",\"inLanguage\":\"en-US\",\"@id\":\"https:\\\/\\\/poesiaerestu.com\\\/revista\\\/maria-del-olmo-la-poesia-es-como-el-grito-que-se-le-escapa-al-corazon-cuando-pierde-la-discrecion\\\/#primaryimage\",\"url\":\"https:\\\/\\\/poesiaerestu.com\\\/revista\\\/wp-content\\\/uploads\\\/2013\\\/11\\\/Mariadelolmo.png\",\"contentUrl\":\"https:\\\/\\\/poesiaerestu.com\\\/revista\\\/wp-content\\\/uploads\\\/2013\\\/11\\\/Mariadelolmo.png\",\"width\":512,\"height\":768},{\"@type\":\"BreadcrumbList\",\"@id\":\"https:\\\/\\\/poesiaerestu.com\\\/revista\\\/maria-del-olmo-la-poesia-es-como-el-grito-que-se-le-escapa-al-corazon-cuando-pierde-la-discrecion\\\/#breadcrumb\",\"itemListElement\":[{\"@type\":\"ListItem\",\"position\":1,\"name\":\"Home\",\"item\":\"https:\\\/\\\/poesiaerestu.com\\\/revista\\\/\"},{\"@type\":\"ListItem\",\"position\":2,\"name\":\"Mar\u00eda del Olmo: \u201cLa poes\u00eda es como el grito que se le escapa al coraz\u00f3n cuando pierde la discreci\u00f3n\u201d.\"}]},{\"@type\":\"WebSite\",\"@id\":\"https:\\\/\\\/poesiaerestu.com\\\/revista\\\/#website\",\"url\":\"https:\\\/\\\/poesiaerestu.com\\\/revista\\\/\",\"name\":\"Poes\u00ed\u00ada eres t\u00fa (revista)\",\"description\":\"Revista de poes\u00eda y literatura\",\"potentialAction\":[{\"@type\":\"SearchAction\",\"target\":{\"@type\":\"EntryPoint\",\"urlTemplate\":\"https:\\\/\\\/poesiaerestu.com\\\/revista\\\/?s={search_term_string}\"},\"query-input\":{\"@type\":\"PropertyValueSpecification\",\"valueRequired\":true,\"valueName\":\"search_term_string\"}}],\"inLanguage\":\"en-US\"},{\"@type\":\"Person\",\"@id\":\"https:\\\/\\\/poesiaerestu.com\\\/revista\\\/#\\\/schema\\\/person\\\/fcb1a2122be3810bfdd0c071b4b3e9c4\",\"name\":\"admin\",\"image\":{\"@type\":\"ImageObject\",\"inLanguage\":\"en-US\",\"@id\":\"https:\\\/\\\/secure.gravatar.com\\\/avatar\\\/1cb55a5bd8d6824519e46b552e84b03575857cc9c4d6333824d2f95d82129f50?s=96&d=mm&r=g\",\"url\":\"https:\\\/\\\/secure.gravatar.com\\\/avatar\\\/1cb55a5bd8d6824519e46b552e84b03575857cc9c4d6333824d2f95d82129f50?s=96&d=mm&r=g\",\"contentUrl\":\"https:\\\/\\\/secure.gravatar.com\\\/avatar\\\/1cb55a5bd8d6824519e46b552e84b03575857cc9c4d6333824d2f95d82129f50?s=96&d=mm&r=g\",\"caption\":\"admin\"},\"url\":\"https:\\\/\\\/poesiaerestu.com\\\/revista\\\/author\\\/admin\\\/\"}]}<\/script>\n<!-- \/ Yoast SEO Premium plugin. -->","yoast_head_json":{"title":"Mar\u00eda del Olmo: \u201cLa poes\u00eda es como el grito que se le escapa al coraz\u00f3n cuando pierde la discreci\u00f3n\u201d.","description":"1\u00ba) El Amor y las Palabras es tu primer libro de poes\u00eda editado. \u00bfC\u00f3mo entras en el mundo de la literatura y en particular al g\u00e9nero po\u00e9tico?","robots":{"index":"index","follow":"follow","max-snippet":"max-snippet:-1","max-image-preview":"max-image-preview:large","max-video-preview":"max-video-preview:-1"},"canonical":"https:\/\/poesiaerestu.com\/revista\/maria-del-olmo-la-poesia-es-como-el-grito-que-se-le-escapa-al-corazon-cuando-pierde-la-discrecion\/","twitter_misc":{"Written by":"admin","Est. reading time":"4 minutes"},"schema":{"@context":"https:\/\/schema.org","@graph":[{"@type":"Article","@id":"https:\/\/poesiaerestu.com\/revista\/maria-del-olmo-la-poesia-es-como-el-grito-que-se-le-escapa-al-corazon-cuando-pierde-la-discrecion\/#article","isPartOf":{"@id":"https:\/\/poesiaerestu.com\/revista\/maria-del-olmo-la-poesia-es-como-el-grito-que-se-le-escapa-al-corazon-cuando-pierde-la-discrecion\/"},"author":{"name":"admin","@id":"https:\/\/poesiaerestu.com\/revista\/#\/schema\/person\/fcb1a2122be3810bfdd0c071b4b3e9c4"},"headline":"Mar\u00eda del Olmo: \u201cLa poes\u00eda es como el grito que se le escapa al coraz\u00f3n cuando pierde la discreci\u00f3n\u201d.","datePublished":"2013-11-02T16:56:31+00:00","mainEntityOfPage":{"@id":"https:\/\/poesiaerestu.com\/revista\/maria-del-olmo-la-poesia-es-como-el-grito-que-se-le-escapa-al-corazon-cuando-pierde-la-discrecion\/"},"wordCount":776,"commentCount":0,"image":{"@id":"https:\/\/poesiaerestu.com\/revista\/maria-del-olmo-la-poesia-es-como-el-grito-que-se-le-escapa-al-corazon-cuando-pierde-la-discrecion\/#primaryimage"},"thumbnailUrl":"https:\/\/poesiaerestu.com\/revista\/wp-content\/uploads\/2013\/11\/Mariadelolmo.png","articleSection":["Entrevistas"],"inLanguage":"en-US","copyrightYear":"2013","copyrightHolder":{"@id":"https:\/\/poesiaerestu.com\/revista\/#organization"}},{"@type":"WebPage","@id":"https:\/\/poesiaerestu.com\/revista\/maria-del-olmo-la-poesia-es-como-el-grito-que-se-le-escapa-al-corazon-cuando-pierde-la-discrecion\/","url":"https:\/\/poesiaerestu.com\/revista\/maria-del-olmo-la-poesia-es-como-el-grito-que-se-le-escapa-al-corazon-cuando-pierde-la-discrecion\/","name":"Mar\u00eda del Olmo: \u201cLa poes\u00eda es como el grito que se le escapa al coraz\u00f3n cuando pierde la discreci\u00f3n\u201d.","isPartOf":{"@id":"https:\/\/poesiaerestu.com\/revista\/#website"},"primaryImageOfPage":{"@id":"https:\/\/poesiaerestu.com\/revista\/maria-del-olmo-la-poesia-es-como-el-grito-que-se-le-escapa-al-corazon-cuando-pierde-la-discrecion\/#primaryimage"},"image":{"@id":"https:\/\/poesiaerestu.com\/revista\/maria-del-olmo-la-poesia-es-como-el-grito-que-se-le-escapa-al-corazon-cuando-pierde-la-discrecion\/#primaryimage"},"thumbnailUrl":"https:\/\/poesiaerestu.com\/revista\/wp-content\/uploads\/2013\/11\/Mariadelolmo.png","datePublished":"2013-11-02T16:56:31+00:00","author":{"@id":"https:\/\/poesiaerestu.com\/revista\/#\/schema\/person\/fcb1a2122be3810bfdd0c071b4b3e9c4"},"description":"1\u00ba) El Amor y las Palabras es tu primer libro de poes\u00eda editado. \u00bfC\u00f3mo entras en el mundo de la literatura y en particular al g\u00e9nero po\u00e9tico?","breadcrumb":{"@id":"https:\/\/poesiaerestu.com\/revista\/maria-del-olmo-la-poesia-es-como-el-grito-que-se-le-escapa-al-corazon-cuando-pierde-la-discrecion\/#breadcrumb"},"inLanguage":"en-US","potentialAction":[{"@type":"ReadAction","target":["https:\/\/poesiaerestu.com\/revista\/maria-del-olmo-la-poesia-es-como-el-grito-que-se-le-escapa-al-corazon-cuando-pierde-la-discrecion\/"]}]},{"@type":"ImageObject","inLanguage":"en-US","@id":"https:\/\/poesiaerestu.com\/revista\/maria-del-olmo-la-poesia-es-como-el-grito-que-se-le-escapa-al-corazon-cuando-pierde-la-discrecion\/#primaryimage","url":"https:\/\/poesiaerestu.com\/revista\/wp-content\/uploads\/2013\/11\/Mariadelolmo.png","contentUrl":"https:\/\/poesiaerestu.com\/revista\/wp-content\/uploads\/2013\/11\/Mariadelolmo.png","width":512,"height":768},{"@type":"BreadcrumbList","@id":"https:\/\/poesiaerestu.com\/revista\/maria-del-olmo-la-poesia-es-como-el-grito-que-se-le-escapa-al-corazon-cuando-pierde-la-discrecion\/#breadcrumb","itemListElement":[{"@type":"ListItem","position":1,"name":"Home","item":"https:\/\/poesiaerestu.com\/revista\/"},{"@type":"ListItem","position":2,"name":"Mar\u00eda del Olmo: \u201cLa poes\u00eda es como el grito que se le escapa al coraz\u00f3n cuando pierde la discreci\u00f3n\u201d."}]},{"@type":"WebSite","@id":"https:\/\/poesiaerestu.com\/revista\/#website","url":"https:\/\/poesiaerestu.com\/revista\/","name":"Poes\u00ed\u00ada eres t\u00fa (revista)","description":"Revista de poes\u00eda y literatura","potentialAction":[{"@type":"SearchAction","target":{"@type":"EntryPoint","urlTemplate":"https:\/\/poesiaerestu.com\/revista\/?s={search_term_string}"},"query-input":{"@type":"PropertyValueSpecification","valueRequired":true,"valueName":"search_term_string"}}],"inLanguage":"en-US"},{"@type":"Person","@id":"https:\/\/poesiaerestu.com\/revista\/#\/schema\/person\/fcb1a2122be3810bfdd0c071b4b3e9c4","name":"admin","image":{"@type":"ImageObject","inLanguage":"en-US","@id":"https:\/\/secure.gravatar.com\/avatar\/1cb55a5bd8d6824519e46b552e84b03575857cc9c4d6333824d2f95d82129f50?s=96&d=mm&r=g","url":"https:\/\/secure.gravatar.com\/avatar\/1cb55a5bd8d6824519e46b552e84b03575857cc9c4d6333824d2f95d82129f50?s=96&d=mm&r=g","contentUrl":"https:\/\/secure.gravatar.com\/avatar\/1cb55a5bd8d6824519e46b552e84b03575857cc9c4d6333824d2f95d82129f50?s=96&d=mm&r=g","caption":"admin"},"url":"https:\/\/poesiaerestu.com\/revista\/author\/admin\/"}]}},"_links":{"self":[{"href":"https:\/\/poesiaerestu.com\/revista\/wp-json\/wp\/v2\/posts\/1196","targetHints":{"allow":["GET"]}}],"collection":[{"href":"https:\/\/poesiaerestu.com\/revista\/wp-json\/wp\/v2\/posts"}],"about":[{"href":"https:\/\/poesiaerestu.com\/revista\/wp-json\/wp\/v2\/types\/post"}],"author":[{"embeddable":true,"href":"https:\/\/poesiaerestu.com\/revista\/wp-json\/wp\/v2\/users\/1"}],"replies":[{"embeddable":true,"href":"https:\/\/poesiaerestu.com\/revista\/wp-json\/wp\/v2\/comments?post=1196"}],"version-history":[{"count":0,"href":"https:\/\/poesiaerestu.com\/revista\/wp-json\/wp\/v2\/posts\/1196\/revisions"}],"wp:featuredmedia":[{"embeddable":true,"href":"https:\/\/poesiaerestu.com\/revista\/wp-json\/wp\/v2\/media\/1197"}],"wp:attachment":[{"href":"https:\/\/poesiaerestu.com\/revista\/wp-json\/wp\/v2\/media?parent=1196"}],"wp:term":[{"taxonomy":"category","embeddable":true,"href":"https:\/\/poesiaerestu.com\/revista\/wp-json\/wp\/v2\/categories?post=1196"},{"taxonomy":"post_tag","embeddable":true,"href":"https:\/\/poesiaerestu.com\/revista\/wp-json\/wp\/v2\/tags?post=1196"}],"curies":[{"name":"wp","href":"https:\/\/api.w.org\/{rel}","templated":true}]}}