{"id":1153,"date":"2013-06-20T18:26:26","date_gmt":"2013-06-20T16:26:26","guid":{"rendered":"http:\/\/www.poesiaerestu.com\/revista\/?p=1153"},"modified":"2013-06-20T18:26:26","modified_gmt":"2013-06-20T16:26:26","slug":"enrique-gomez-caffarena-transformar-la-economia-en-poesia-ese-deberia-ser-el-lema-autenticamente-revolucionario","status":"publish","type":"post","link":"https:\/\/poesiaerestu.com\/revista\/enrique-gomez-caffarena-transformar-la-economia-en-poesia-ese-deberia-ser-el-lema-autenticamente-revolucionario\/","title":{"rendered":"Enrique G\u00f3mez Caffarena: \u201cTransformar la Econom\u00eda en Poes\u00eda. Ese deber\u00eda ser el lema aut\u00e9nticamente revolucionario\u201d"},"content":{"rendered":"<p><!--[if gte mso 9]><xml>\n <o:OfficeDocumentSettings>\n  <o:TargetScreenSize>800x600<\/o:TargetScreenSize>\n <\/o:OfficeDocumentSettings>\n<\/xml><![endif]--><\/p>\n<p><!--[if gte mso 9]><xml>\n <w:WordDocument>\n  <w:View>Normal<\/w:View>\n  <w:Zoom>0<\/w:Zoom>\n  <w:TrackMoves\/>\n  <w:TrackFormatting\/>\n  <w:HyphenationZone>21<\/w:HyphenationZone>\n  <w:PunctuationKerning\/>\n  <w:ValidateAgainstSchemas\/>\n  <w:SaveIfXMLInvalid>false<\/w:SaveIfXMLInvalid>\n  <w:IgnoreMixedContent>false<\/w:IgnoreMixedContent>\n  <w:AlwaysShowPlaceholderText>false<\/w:AlwaysShowPlaceholderText>\n  <w:DoNotPromoteQF\/>\n  <w:LidThemeOther>ES<\/w:LidThemeOther>\n  <w:LidThemeAsian>X-NONE<\/w:LidThemeAsian>\n  <w:LidThemeComplexScript>X-NONE<\/w:LidThemeComplexScript>\n  <w:Compatibility>\n   <w:BreakWrappedTables\/>\n   <w:SnapToGridInCell\/>\n   <w:WrapTextWithPunct\/>\n   <w:UseAsianBreakRules\/>\n   <w:DontGrowAutofit\/>\n   <w:SplitPgBreakAndParaMark\/>\n   <w:EnableOpenTypeKerning\/>\n   <w:DontFlipMirrorIndents\/>\n   <w:OverrideTableStyleHps\/>\n   <w:UseFELayout\/>\n  <\/w:Compatibility>\n  <w:BrowserLevel>MicrosoftInternetExplorer4<\/w:BrowserLevel>\n  <m:mathPr>\n   <m:mathFont m:val=\"Cambria Math\"\/>\n   <m:brkBin m:val=\"before\"\/>\n   <m:brkBinSub m:val=\"&#45;-\"\/>\n   <m:smallFrac m:val=\"off\"\/>\n   <m:dispDef\/>\n   <m:lMargin m:val=\"0\"\/>\n   <m:rMargin m:val=\"0\"\/>\n   <m:defJc m:val=\"centerGroup\"\/>\n   <m:wrapIndent m:val=\"1440\"\/>\n   <m:intLim m:val=\"subSup\"\/>\n   <m:naryLim m:val=\"undOvr\"\/>\n  <\/m:mathPr><\/w:WordDocument>\n<\/xml><![endif]--><!--[if gte mso 9]><xml>\n <w:LatentStyles DefLockedState=\"false\" DefUnhideWhenUsed=\"true\"\n  DefSemiHidden=\"true\" DefQFormat=\"false\" DefPriority=\"99\"\n  LatentStyleCount=\"267\">\n  <w:LsdException Locked=\"false\" Priority=\"0\" SemiHidden=\"false\"\n   UnhideWhenUsed=\"false\" QFormat=\"true\" Name=\"Normal\"\/>\n  <w:LsdException Locked=\"false\" Priority=\"9\" SemiHidden=\"false\"\n   UnhideWhenUsed=\"false\" QFormat=\"true\" Name=\"heading 1\"\/>\n  <w:LsdException Locked=\"false\" Priority=\"9\" QFormat=\"true\" Name=\"heading 2\"\/>\n  <w:LsdException Locked=\"false\" Priority=\"9\" QFormat=\"true\" Name=\"heading 3\"\/>\n  <w:LsdException Locked=\"false\" Priority=\"9\" QFormat=\"true\" Name=\"heading 4\"\/>\n  <w:LsdException Locked=\"false\" Priority=\"9\" QFormat=\"true\" Name=\"heading 5\"\/>\n  <w:LsdException Locked=\"false\" Priority=\"9\" QFormat=\"true\" Name=\"heading 6\"\/>\n  <w:LsdException Locked=\"false\" Priority=\"9\" QFormat=\"true\" Name=\"heading 7\"\/>\n  <w:LsdException Locked=\"false\" Priority=\"9\" QFormat=\"true\" Name=\"heading 8\"\/>\n  <w:LsdException Locked=\"false\" Priority=\"9\" QFormat=\"true\" Name=\"heading 9\"\/>\n  <w:LsdException Locked=\"false\" Priority=\"39\" Name=\"toc 1\"\/>\n  <w:LsdException Locked=\"false\" Priority=\"39\" Name=\"toc 2\"\/>\n  <w:LsdException Locked=\"false\" Priority=\"39\" Name=\"toc 3\"\/>\n  <w:LsdException Locked=\"false\" Priority=\"39\" Name=\"toc 4\"\/>\n  <w:LsdException Locked=\"false\" Priority=\"39\" Name=\"toc 5\"\/>\n  <w:LsdException Locked=\"false\" Priority=\"39\" Name=\"toc 6\"\/>\n  <w:LsdException Locked=\"false\" Priority=\"39\" Name=\"toc 7\"\/>\n  <w:LsdException Locked=\"false\" Priority=\"39\" Name=\"toc 8\"\/>\n  <w:LsdException Locked=\"false\" Priority=\"39\" Name=\"toc 9\"\/>\n  <w:LsdException Locked=\"false\" Priority=\"35\" QFormat=\"true\" Name=\"caption\"\/>\n  <w:LsdException Locked=\"false\" Priority=\"10\" SemiHidden=\"false\"\n   UnhideWhenUsed=\"false\" QFormat=\"true\" Name=\"Title\"\/>\n  <w:LsdException Locked=\"false\" Priority=\"0\" Name=\"Default Paragraph Font\"\/>\n  <w:LsdException Locked=\"false\" Priority=\"11\" SemiHidden=\"false\"\n   UnhideWhenUsed=\"false\" QFormat=\"true\" Name=\"Subtitle\"\/>\n  <w:LsdException Locked=\"false\" Priority=\"22\" SemiHidden=\"false\"\n   UnhideWhenUsed=\"false\" QFormat=\"true\" Name=\"Strong\"\/>\n  <w:LsdException Locked=\"false\" Priority=\"20\" SemiHidden=\"false\"\n   UnhideWhenUsed=\"false\" QFormat=\"true\" Name=\"Emphasis\"\/>\n  <w:LsdException Locked=\"false\" Priority=\"59\" SemiHidden=\"false\"\n   UnhideWhenUsed=\"false\" Name=\"Table Grid\"\/>\n  <w:LsdException Locked=\"false\" UnhideWhenUsed=\"false\" Name=\"Placeholder Text\"\/>\n  <w:LsdException Locked=\"false\" Priority=\"1\" SemiHidden=\"false\"\n   UnhideWhenUsed=\"false\" QFormat=\"true\" Name=\"No Spacing\"\/>\n  <w:LsdException Locked=\"false\" Priority=\"60\" SemiHidden=\"false\"\n   UnhideWhenUsed=\"false\" Name=\"Light Shading\"\/>\n  <w:LsdException Locked=\"false\" Priority=\"61\" SemiHidden=\"false\"\n   UnhideWhenUsed=\"false\" Name=\"Light List\"\/>\n  <w:LsdException Locked=\"false\" Priority=\"62\" SemiHidden=\"false\"\n   UnhideWhenUsed=\"false\" Name=\"Light Grid\"\/>\n  <w:LsdException Locked=\"false\" Priority=\"63\" SemiHidden=\"false\"\n   UnhideWhenUsed=\"false\" Name=\"Medium Shading 1\"\/>\n  <w:LsdException Locked=\"false\" Priority=\"64\" SemiHidden=\"false\"\n   UnhideWhenUsed=\"false\" Name=\"Medium Shading 2\"\/>\n  <w:LsdException Locked=\"false\" Priority=\"65\" SemiHidden=\"false\"\n   UnhideWhenUsed=\"false\" Name=\"Medium List 1\"\/>\n  <w:LsdException Locked=\"false\" Priority=\"66\" SemiHidden=\"false\"\n   UnhideWhenUsed=\"false\" Name=\"Medium List 2\"\/>\n  <w:LsdException Locked=\"false\" Priority=\"67\" SemiHidden=\"false\"\n   UnhideWhenUsed=\"false\" Name=\"Medium Grid 1\"\/>\n  <w:LsdException Locked=\"false\" Priority=\"68\" SemiHidden=\"false\"\n   UnhideWhenUsed=\"false\" Name=\"Medium Grid 2\"\/>\n  <w:LsdException Locked=\"false\" Priority=\"69\" SemiHidden=\"false\"\n   UnhideWhenUsed=\"false\" Name=\"Medium Grid 3\"\/>\n  <w:LsdException Locked=\"false\" Priority=\"70\" SemiHidden=\"false\"\n   UnhideWhenUsed=\"false\" Name=\"Dark List\"\/>\n  <w:LsdException Locked=\"false\" Priority=\"71\" SemiHidden=\"false\"\n   UnhideWhenUsed=\"false\" Name=\"Colorful Shading\"\/>\n  <w:LsdException Locked=\"false\" Priority=\"72\" SemiHidden=\"false\"\n   UnhideWhenUsed=\"false\" Name=\"Colorful List\"\/>\n  <w:LsdException Locked=\"false\" Priority=\"73\" SemiHidden=\"false\"\n   UnhideWhenUsed=\"false\" Name=\"Colorful Grid\"\/>\n  <w:LsdException Locked=\"false\" Priority=\"60\" SemiHidden=\"false\"\n   UnhideWhenUsed=\"false\" Name=\"Light Shading Accent 1\"\/>\n  <w:LsdException Locked=\"false\" Priority=\"61\" SemiHidden=\"false\"\n   UnhideWhenUsed=\"false\" Name=\"Light List Accent 1\"\/>\n  <w:LsdException Locked=\"false\" Priority=\"62\" SemiHidden=\"false\"\n   UnhideWhenUsed=\"false\" Name=\"Light Grid Accent 1\"\/>\n  <w:LsdException Locked=\"false\" Priority=\"63\" SemiHidden=\"false\"\n   UnhideWhenUsed=\"false\" Name=\"Medium Shading 1 Accent 1\"\/>\n  <w:LsdException Locked=\"false\" Priority=\"64\" SemiHidden=\"false\"\n   UnhideWhenUsed=\"false\" Name=\"Medium Shading 2 Accent 1\"\/>\n  <w:LsdException Locked=\"false\" Priority=\"65\" SemiHidden=\"false\"\n   UnhideWhenUsed=\"false\" Name=\"Medium List 1 Accent 1\"\/>\n  <w:LsdException Locked=\"false\" UnhideWhenUsed=\"false\" Name=\"Revision\"\/>\n  <w:LsdException Locked=\"false\" Priority=\"34\" SemiHidden=\"false\"\n   UnhideWhenUsed=\"false\" QFormat=\"true\" Name=\"List Paragraph\"\/>\n  <w:LsdException Locked=\"false\" Priority=\"29\" SemiHidden=\"false\"\n   UnhideWhenUsed=\"false\" QFormat=\"true\" Name=\"Quote\"\/>\n  <w:LsdException Locked=\"false\" Priority=\"30\" SemiHidden=\"false\"\n   UnhideWhenUsed=\"false\" QFormat=\"true\" Name=\"Intense Quote\"\/>\n  <w:LsdException Locked=\"false\" Priority=\"66\" SemiHidden=\"false\"\n   UnhideWhenUsed=\"false\" Name=\"Medium List 2 Accent 1\"\/>\n  <w:LsdException Locked=\"false\" Priority=\"67\" SemiHidden=\"false\"\n   UnhideWhenUsed=\"false\" Name=\"Medium Grid 1 Accent 1\"\/>\n  <w:LsdException Locked=\"false\" Priority=\"68\" SemiHidden=\"false\"\n   UnhideWhenUsed=\"false\" Name=\"Medium Grid 2 Accent 1\"\/>\n  <w:LsdException Locked=\"false\" Priority=\"69\" SemiHidden=\"false\"\n   UnhideWhenUsed=\"false\" Name=\"Medium Grid 3 Accent 1\"\/>\n  <w:LsdException Locked=\"false\" Priority=\"70\" SemiHidden=\"false\"\n   UnhideWhenUsed=\"false\" Name=\"Dark List Accent 1\"\/>\n  <w:LsdException Locked=\"false\" Priority=\"71\" SemiHidden=\"false\"\n   UnhideWhenUsed=\"false\" Name=\"Colorful Shading Accent 1\"\/>\n  <w:LsdException Locked=\"false\" Priority=\"72\" SemiHidden=\"false\"\n   UnhideWhenUsed=\"false\" Name=\"Colorful List Accent 1\"\/>\n  <w:LsdException Locked=\"false\" Priority=\"73\" SemiHidden=\"false\"\n   UnhideWhenUsed=\"false\" Name=\"Colorful Grid Accent 1\"\/>\n  <w:LsdException Locked=\"false\" Priority=\"60\" SemiHidden=\"false\"\n   UnhideWhenUsed=\"false\" Name=\"Light Shading Accent 2\"\/>\n  <w:LsdException Locked=\"false\" Priority=\"61\" SemiHidden=\"false\"\n   UnhideWhenUsed=\"false\" Name=\"Light List Accent 2\"\/>\n  <w:LsdException Locked=\"false\" Priority=\"62\" SemiHidden=\"false\"\n   UnhideWhenUsed=\"false\" Name=\"Light Grid Accent 2\"\/>\n  <w:LsdException Locked=\"false\" Priority=\"63\" SemiHidden=\"false\"\n   UnhideWhenUsed=\"false\" Name=\"Medium Shading 1 Accent 2\"\/>\n  <w:LsdException Locked=\"false\" Priority=\"64\" SemiHidden=\"false\"\n   UnhideWhenUsed=\"false\" Name=\"Medium Shading 2 Accent 2\"\/>\n  <w:LsdException Locked=\"false\" Priority=\"65\" SemiHidden=\"false\"\n   UnhideWhenUsed=\"false\" Name=\"Medium List 1 Accent 2\"\/>\n  <w:LsdException Locked=\"false\" Priority=\"66\" SemiHidden=\"false\"\n   UnhideWhenUsed=\"false\" Name=\"Medium List 2 Accent 2\"\/>\n  <w:LsdException Locked=\"false\" Priority=\"67\" SemiHidden=\"false\"\n   UnhideWhenUsed=\"false\" Name=\"Medium Grid 1 Accent 2\"\/>\n  <w:LsdException Locked=\"false\" Priority=\"68\" SemiHidden=\"false\"\n   UnhideWhenUsed=\"false\" Name=\"Medium Grid 2 Accent 2\"\/>\n  <w:LsdException Locked=\"false\" Priority=\"69\" SemiHidden=\"false\"\n   UnhideWhenUsed=\"false\" Name=\"Medium Grid 3 Accent 2\"\/>\n  <w:LsdException Locked=\"false\" Priority=\"70\" SemiHidden=\"false\"\n   UnhideWhenUsed=\"false\" Name=\"Dark List Accent 2\"\/>\n  <w:LsdException Locked=\"false\" Priority=\"71\" SemiHidden=\"false\"\n   UnhideWhenUsed=\"false\" Name=\"Colorful Shading Accent 2\"\/>\n  <w:LsdException Locked=\"false\" Priority=\"72\" SemiHidden=\"false\"\n   UnhideWhenUsed=\"false\" Name=\"Colorful List Accent 2\"\/>\n  <w:LsdException Locked=\"false\" Priority=\"73\" SemiHidden=\"false\"\n   UnhideWhenUsed=\"false\" Name=\"Colorful Grid Accent 2\"\/>\n  <w:LsdException Locked=\"false\" Priority=\"60\" SemiHidden=\"false\"\n   UnhideWhenUsed=\"false\" Name=\"Light Shading Accent 3\"\/>\n  <w:LsdException Locked=\"false\" Priority=\"61\" SemiHidden=\"false\"\n   UnhideWhenUsed=\"false\" Name=\"Light List Accent 3\"\/>\n  <w:LsdException Locked=\"false\" Priority=\"62\" SemiHidden=\"false\"\n   UnhideWhenUsed=\"false\" Name=\"Light Grid Accent 3\"\/>\n  <w:LsdException Locked=\"false\" Priority=\"63\" SemiHidden=\"false\"\n   UnhideWhenUsed=\"false\" Name=\"Medium Shading 1 Accent 3\"\/>\n  <w:LsdException Locked=\"false\" Priority=\"64\" SemiHidden=\"false\"\n   UnhideWhenUsed=\"false\" Name=\"Medium Shading 2 Accent 3\"\/>\n  <w:LsdException Locked=\"false\" Priority=\"65\" SemiHidden=\"false\"\n   UnhideWhenUsed=\"false\" Name=\"Medium List 1 Accent 3\"\/>\n  <w:LsdException Locked=\"false\" Priority=\"66\" SemiHidden=\"false\"\n   UnhideWhenUsed=\"false\" Name=\"Medium List 2 Accent 3\"\/>\n  <w:LsdException Locked=\"false\" Priority=\"67\" SemiHidden=\"false\"\n   UnhideWhenUsed=\"false\" Name=\"Medium Grid 1 Accent 3\"\/>\n  <w:LsdException Locked=\"false\" Priority=\"68\" SemiHidden=\"false\"\n   UnhideWhenUsed=\"false\" Name=\"Medium Grid 2 Accent 3\"\/>\n  <w:LsdException Locked=\"false\" Priority=\"69\" SemiHidden=\"false\"\n   UnhideWhenUsed=\"false\" Name=\"Medium Grid 3 Accent 3\"\/>\n  <w:LsdException Locked=\"false\" Priority=\"70\" SemiHidden=\"false\"\n   UnhideWhenUsed=\"false\" Name=\"Dark List Accent 3\"\/>\n  <w:LsdException Locked=\"false\" Priority=\"71\" SemiHidden=\"false\"\n   UnhideWhenUsed=\"false\" Name=\"Colorful Shading Accent 3\"\/>\n  <w:LsdException Locked=\"false\" Priority=\"72\" SemiHidden=\"false\"\n   UnhideWhenUsed=\"false\" Name=\"Colorful List Accent 3\"\/>\n  <w:LsdException Locked=\"false\" Priority=\"73\" SemiHidden=\"false\"\n   UnhideWhenUsed=\"false\" Name=\"Colorful Grid Accent 3\"\/>\n  <w:LsdException Locked=\"false\" Priority=\"60\" SemiHidden=\"false\"\n   UnhideWhenUsed=\"false\" Name=\"Light Shading Accent 4\"\/>\n  <w:LsdException Locked=\"false\" Priority=\"61\" SemiHidden=\"false\"\n   UnhideWhenUsed=\"false\" Name=\"Light List Accent 4\"\/>\n  <w:LsdException Locked=\"false\" Priority=\"62\" SemiHidden=\"false\"\n   UnhideWhenUsed=\"false\" Name=\"Light Grid Accent 4\"\/>\n  <w:LsdException Locked=\"false\" Priority=\"63\" SemiHidden=\"false\"\n   UnhideWhenUsed=\"false\" Name=\"Medium Shading 1 Accent 4\"\/>\n  <w:LsdException Locked=\"false\" Priority=\"64\" SemiHidden=\"false\"\n   UnhideWhenUsed=\"false\" Name=\"Medium Shading 2 Accent 4\"\/>\n  <w:LsdException Locked=\"false\" Priority=\"65\" SemiHidden=\"false\"\n   UnhideWhenUsed=\"false\" Name=\"Medium List 1 Accent 4\"\/>\n  <w:LsdException Locked=\"false\" Priority=\"66\" SemiHidden=\"false\"\n   UnhideWhenUsed=\"false\" Name=\"Medium List 2 Accent 4\"\/>\n  <w:LsdException Locked=\"false\" Priority=\"67\" SemiHidden=\"false\"\n   UnhideWhenUsed=\"false\" Name=\"Medium Grid 1 Accent 4\"\/>\n  <w:LsdException Locked=\"false\" Priority=\"68\" SemiHidden=\"false\"\n   UnhideWhenUsed=\"false\" Name=\"Medium Grid 2 Accent 4\"\/>\n  <w:LsdException Locked=\"false\" Priority=\"69\" SemiHidden=\"false\"\n   UnhideWhenUsed=\"false\" Name=\"Medium Grid 3 Accent 4\"\/>\n  <w:LsdException Locked=\"false\" Priority=\"70\" SemiHidden=\"false\"\n   UnhideWhenUsed=\"false\" Name=\"Dark List Accent 4\"\/>\n  <w:LsdException Locked=\"false\" Priority=\"71\" SemiHidden=\"false\"\n   UnhideWhenUsed=\"false\" Name=\"Colorful Shading Accent 4\"\/>\n  <w:LsdException Locked=\"false\" Priority=\"72\" SemiHidden=\"false\"\n   UnhideWhenUsed=\"false\" Name=\"Colorful List Accent 4\"\/>\n  <w:LsdException Locked=\"false\" Priority=\"73\" SemiHidden=\"false\"\n   UnhideWhenUsed=\"false\" Name=\"Colorful Grid Accent 4\"\/>\n  <w:LsdException Locked=\"false\" Priority=\"60\" SemiHidden=\"false\"\n   UnhideWhenUsed=\"false\" Name=\"Light Shading Accent 5\"\/>\n  <w:LsdException Locked=\"false\" Priority=\"61\" SemiHidden=\"false\"\n   UnhideWhenUsed=\"false\" Name=\"Light List Accent 5\"\/>\n  <w:LsdException Locked=\"false\" Priority=\"62\" SemiHidden=\"false\"\n   UnhideWhenUsed=\"false\" Name=\"Light Grid Accent 5\"\/>\n  <w:LsdException Locked=\"false\" Priority=\"63\" SemiHidden=\"false\"\n   UnhideWhenUsed=\"false\" Name=\"Medium Shading 1 Accent 5\"\/>\n  <w:LsdException Locked=\"false\" Priority=\"64\" SemiHidden=\"false\"\n   UnhideWhenUsed=\"false\" Name=\"Medium Shading 2 Accent 5\"\/>\n  <w:LsdException Locked=\"false\" Priority=\"65\" SemiHidden=\"false\"\n   UnhideWhenUsed=\"false\" Name=\"Medium List 1 Accent 5\"\/>\n  <w:LsdException Locked=\"false\" Priority=\"66\" SemiHidden=\"false\"\n   UnhideWhenUsed=\"false\" Name=\"Medium List 2 Accent 5\"\/>\n  <w:LsdException Locked=\"false\" Priority=\"67\" SemiHidden=\"false\"\n   UnhideWhenUsed=\"false\" Name=\"Medium Grid 1 Accent 5\"\/>\n  <w:LsdException Locked=\"false\" Priority=\"68\" SemiHidden=\"false\"\n   UnhideWhenUsed=\"false\" Name=\"Medium Grid 2 Accent 5\"\/>\n  <w:LsdException Locked=\"false\" Priority=\"69\" SemiHidden=\"false\"\n   UnhideWhenUsed=\"false\" Name=\"Medium Grid 3 Accent 5\"\/>\n  <w:LsdException Locked=\"false\" Priority=\"70\" SemiHidden=\"false\"\n   UnhideWhenUsed=\"false\" Name=\"Dark List Accent 5\"\/>\n  <w:LsdException Locked=\"false\" Priority=\"71\" SemiHidden=\"false\"\n   UnhideWhenUsed=\"false\" Name=\"Colorful Shading Accent 5\"\/>\n  <w:LsdException Locked=\"false\" Priority=\"72\" SemiHidden=\"false\"\n   UnhideWhenUsed=\"false\" Name=\"Colorful List Accent 5\"\/>\n  <w:LsdException Locked=\"false\" Priority=\"73\" SemiHidden=\"false\"\n   UnhideWhenUsed=\"false\" Name=\"Colorful Grid Accent 5\"\/>\n  <w:LsdException Locked=\"false\" Priority=\"60\" SemiHidden=\"false\"\n   UnhideWhenUsed=\"false\" Name=\"Light Shading Accent 6\"\/>\n  <w:LsdException Locked=\"false\" Priority=\"61\" SemiHidden=\"false\"\n   UnhideWhenUsed=\"false\" Name=\"Light List Accent 6\"\/>\n  <w:LsdException Locked=\"false\" Priority=\"62\" SemiHidden=\"false\"\n   UnhideWhenUsed=\"false\" Name=\"Light Grid Accent 6\"\/>\n  <w:LsdException Locked=\"false\" Priority=\"63\" SemiHidden=\"false\"\n   UnhideWhenUsed=\"false\" Name=\"Medium Shading 1 Accent 6\"\/>\n  <w:LsdException Locked=\"false\" Priority=\"64\" SemiHidden=\"false\"\n   UnhideWhenUsed=\"false\" Name=\"Medium Shading 2 Accent 6\"\/>\n  <w:LsdException Locked=\"false\" Priority=\"65\" SemiHidden=\"false\"\n   UnhideWhenUsed=\"false\" Name=\"Medium List 1 Accent 6\"\/>\n  <w:LsdException Locked=\"false\" Priority=\"66\" SemiHidden=\"false\"\n   UnhideWhenUsed=\"false\" Name=\"Medium List 2 Accent 6\"\/>\n  <w:LsdException Locked=\"false\" Priority=\"67\" SemiHidden=\"false\"\n   UnhideWhenUsed=\"false\" Name=\"Medium Grid 1 Accent 6\"\/>\n  <w:LsdException Locked=\"false\" Priority=\"68\" SemiHidden=\"false\"\n   UnhideWhenUsed=\"false\" Name=\"Medium Grid 2 Accent 6\"\/>\n  <w:LsdException Locked=\"false\" Priority=\"69\" SemiHidden=\"false\"\n   UnhideWhenUsed=\"false\" Name=\"Medium Grid 3 Accent 6\"\/>\n  <w:LsdException Locked=\"false\" Priority=\"70\" SemiHidden=\"false\"\n   UnhideWhenUsed=\"false\" Name=\"Dark List Accent 6\"\/>\n  <w:LsdException Locked=\"false\" Priority=\"71\" SemiHidden=\"false\"\n   UnhideWhenUsed=\"false\" Name=\"Colorful Shading Accent 6\"\/>\n  <w:LsdException Locked=\"false\" Priority=\"72\" SemiHidden=\"false\"\n   UnhideWhenUsed=\"false\" Name=\"Colorful List Accent 6\"\/>\n  <w:LsdException Locked=\"false\" Priority=\"73\" SemiHidden=\"false\"\n   UnhideWhenUsed=\"false\" Name=\"Colorful Grid Accent 6\"\/>\n  <w:LsdException Locked=\"false\" Priority=\"19\" SemiHidden=\"false\"\n   UnhideWhenUsed=\"false\" QFormat=\"true\" Name=\"Subtle Emphasis\"\/>\n  <w:LsdException Locked=\"false\" Priority=\"21\" SemiHidden=\"false\"\n   UnhideWhenUsed=\"false\" QFormat=\"true\" Name=\"Intense Emphasis\"\/>\n  <w:LsdException Locked=\"false\" Priority=\"31\" SemiHidden=\"false\"\n   UnhideWhenUsed=\"false\" QFormat=\"true\" Name=\"Subtle Reference\"\/>\n  <w:LsdException Locked=\"false\" Priority=\"32\" SemiHidden=\"false\"\n   UnhideWhenUsed=\"false\" QFormat=\"true\" Name=\"Intense Reference\"\/>\n  <w:LsdException Locked=\"false\" Priority=\"33\" SemiHidden=\"false\"\n   UnhideWhenUsed=\"false\" QFormat=\"true\" Name=\"Book Title\"\/>\n  <w:LsdException Locked=\"false\" Priority=\"37\" Name=\"Bibliography\"\/>\n  <w:LsdException Locked=\"false\" Priority=\"39\" QFormat=\"true\" Name=\"TOC Heading\"\/>\n <\/w:LatentStyles>\n<\/xml><![endif]--><!--[if gte mso 10]>\n\n\n<style>\n \/* Style Definitions *\/\n table.MsoNormalTable\n\t{mso-style-name:\"Tabla normal\";\n\tmso-tstyle-rowband-size:0;\n\tmso-tstyle-colband-size:0;\n\tmso-style-noshow:yes;\n\tmso-style-priority:99;\n\tmso-style-parent:\"\";\n\tmso-padding-alt:0cm 5.4pt 0cm 5.4pt;\n\tmso-para-margin:0cm;\n\tmso-para-margin-bottom:.0001pt;\n\tmso-pagination:widow-orphan;\n\tfont-size:10.0pt;\n\tfont-family:\"Times New Roman\",\"serif\";}\n<\/style>\n\n\n<![endif]--><\/p>\n<p class=\"MsoNormal\" style=\"margin-bottom: 10.0pt; line-height: 115%;\"><b style=\"mso-bidi-font-weight: normal;\"><span style=\"mso-fareast-font-family: Calibri; mso-fareast-language: EN-US;\"><a ref=\"magnificPopup\" href=\"https:\/\/poesiaerestu.com\/revista\/wp-content\/uploads\/2013\/06\/EnriqueGomez-Large.jpg\"><img loading=\"lazy\" decoding=\"async\" class=\"alignleft size-medium wp-image-1154\" alt=\"EnriqueGomez (Large)\" src=\"https:\/\/spcdn.shortpixel.ai\/spio\/ret_img,q_cdnize,to_auto,s_webp:avif\/poesiaerestu.com\/revista\/wp-content\/uploads\/2013\/06\/EnriqueGomez-Large-216x300.jpg\" width=\"216\" height=\"300\" \/><\/a>1\u00ba)<\/span><\/b><span style=\"mso-fareast-font-family: Calibri; mso-fareast-language: EN-US;\"> <i style=\"mso-bidi-font-style: normal;\">El amor que mueve la historia,<\/i> es el t\u00edtulo de su cuarto poemario. Despu\u00e9s de tantos a\u00f1os dedicado m\u00e1s a la narrativa, vuelve a retomar el g\u00e9nero po\u00e9tico en este libro \u00bfPor qu\u00e9? \u00bfHa sido algo meditado?<\/span><\/p>\n<p class=\"MsoNormal\"><span style=\"font-size: 14.0pt; mso-bidi-font-size: 12.0pt;\">\u00a0<\/span><\/p>\n<p class=\"MsoNormal\">En realidad, no es que haya \u201cretomado\u201d el g\u00e9nero po\u00e9tico con este libro.<\/p>\n<p class=\"MsoNormal\">Lo que he reiniciado, con \u00e9l, es la publicaci\u00f3n de mis poemas que antes destinaba a c\u00edrculos de amigos, familiares etc. Pero la situaci\u00f3n moral, provocada por la crisis mundial de valores \u00e9ticos, me ha hecho reaccionar y encontrar en el Amor Universal y en la creatividad de la Poes\u00eda lo que Celaya llam\u00f3 <b style=\"mso-bidi-font-weight: normal;\"><i style=\"mso-bidi-font-style: normal;\">\u201cun arma cargada de futuro\u201d<\/i><\/b> con la que quisiera \u201carmar\u201d contra el pesimismo y la indiferencia<b style=\"mso-bidi-font-weight: normal;\"><i style=\"mso-bidi-font-style: normal;\"> <\/i><\/b>y contra el esp\u00edritu de lucro y de competitividad a quien me quiera leer o escuchar.<\/p>\n<p class=\"MsoNormal\" style=\"text-align: justify; text-justify: inter-ideograph; line-height: 150%;\"><span style=\"font-size: 14.0pt; mso-bidi-font-size: 12.0pt; line-height: 150%;\">\u00a0<\/span><\/p>\n<p class=\"MsoNormal\" style=\"margin-bottom: 10.0pt; line-height: 115%;\"><b style=\"mso-bidi-font-weight: normal;\"><span style=\"mso-fareast-font-family: Calibri; mso-fareast-language: EN-US;\">2\u00ba)<\/span><\/b><span style=\"mso-fareast-font-family: Calibri; mso-fareast-language: EN-US;\"> \u00bfQu\u00e9 adjetivos utilizar\u00eda para describir su obra y por qu\u00e9?<\/span><\/p>\n<p class=\"MsoNormal\" style=\"text-align: justify; text-justify: inter-ideograph; line-height: 150%;\"><span style=\"font-size: 14.0pt; mso-bidi-font-size: 12.0pt; line-height: 150%;\">\u00a0<\/span><\/p>\n<p class=\"MsoNormal\">Creo que lo m\u00e1s importante de mi trabajo est\u00e1 en su contenido. Es una obra para \u201cpensar con el coraz\u00f3n\u201d m\u00e1s que con la raz\u00f3n anal\u00edtica. Una obra para enriquecer los sentimientos espirituales. Por algo he llamado a la \u00faltima parte \u201cBienaventuranzas de la Evoluci\u00f3n\u201d. Pero sin ning\u00fan sentido religioso y, por supuesto, sin olvidar la est\u00e9tica.<\/p>\n<p class=\"MsoNormal\" style=\"text-align: justify; text-justify: inter-ideograph; line-height: 150%;\"><span style=\"font-size: 14.0pt; mso-bidi-font-size: 12.0pt; line-height: 150%;\">\u00a0<\/span><\/p>\n<p class=\"MsoNormal\" style=\"margin-bottom: 10.0pt; line-height: 115%;\"><b style=\"mso-bidi-font-weight: normal;\"><span style=\"mso-fareast-font-family: Calibri; mso-fareast-language: EN-US;\">3\u00ba)<\/span><\/b><span style=\"mso-fareast-font-family: Calibri; mso-fareast-language: EN-US;\"> \u00bfQu\u00e9 desea que el lector capte cuando se adentre en la lectura de sus poemas?<\/span><\/p>\n<p class=\"MsoNormal\" style=\"text-align: justify; text-justify: inter-ideograph; line-height: 150%;\"><span style=\"font-size: 14.0pt; mso-bidi-font-size: 12.0pt; line-height: 150%;\">\u00a0<\/span><\/p>\n<p class=\"MsoNormal\">Evidentemente Amor. Sentir el d\u00e9ficit de Amor que en estos momentos impera en el mundo y c\u00f3mo esa falta de Amor nos puede llevar a la cat\u00e1strofe. Pero con una fuerte esperanza de que la fase capitalista se derrumbe pronto derrotada por lo mejor que a\u00fan guarda la humanidad dentro de cada uno: la Bondad y el imperativo de Justicia.<\/p>\n<p class=\"MsoNormal\" style=\"text-align: justify; text-justify: inter-ideograph; line-height: 150%;\"><span style=\"font-size: 14.0pt; mso-bidi-font-size: 12.0pt; line-height: 150%;\">\u00a0<\/span><\/p>\n<p class=\"MsoNormal\" style=\"margin-bottom: 10.0pt; line-height: 115%;\"><b style=\"mso-bidi-font-weight: normal;\"><span style=\"mso-fareast-font-family: Calibri; mso-fareast-language: EN-US;\">4\u00ba)<\/span><\/b><span style=\"mso-fareast-font-family: Calibri; mso-fareast-language: EN-US;\"> \u00bfEs la suya una poes\u00eda revolucionaria dados los tiempos que corren?<\/span><\/p>\n<p class=\"MsoNormal\" style=\"text-align: justify; text-justify: inter-ideograph; line-height: 150%;\"><span style=\"font-size: 14.0pt; mso-bidi-font-size: 12.0pt; line-height: 150%;\">\u00a0<\/span><\/p>\n<p class=\"MsoNormal\">Desde luego. Ahora bien yo prefiero la palabra subversi\u00f3n. O el sentido subversivo que debe tener toda revoluci\u00f3n para ser aut\u00e9ntica. El principal valor que hay que subvertir es el \u00e1nimo de lucro y de poder por el \u00e1nimo de ayuda mutua, de cuidado de nuestros otros, y de ternura. O, como explica Eric Fromm, subvertir el deseo de tener y convertirlo en deseo de ser.<\/p>\n<p class=\"MsoNormal\" style=\"text-align: justify; text-justify: inter-ideograph; line-height: 150%;\"><span style=\"font-size: 14.0pt; mso-bidi-font-size: 12.0pt; line-height: 150%;\">\u00a0<\/span><\/p>\n<p class=\"MsoNormal\" style=\"text-align: justify; text-justify: inter-ideograph; line-height: 150%;\"><span style=\"font-size: 14.0pt; mso-bidi-font-size: 12.0pt; line-height: 150%;\">\u00a0<\/span><\/p>\n<p class=\"MsoNormal\" style=\"text-align: justify; text-justify: inter-ideograph; line-height: 150%;\"><span style=\"font-size: 14.0pt; mso-bidi-font-size: 12.0pt; line-height: 150%;\">\u00a0<\/span><\/p>\n<p class=\"MsoNormal\" style=\"margin-bottom: 10.0pt; line-height: 115%;\"><b style=\"mso-bidi-font-weight: normal;\"><span style=\"mso-fareast-font-family: Calibri; mso-fareast-language: EN-US;\">5\u00ba)<\/span><\/b><span style=\"mso-fareast-font-family: Calibri; mso-fareast-language: EN-US;\"> \u00bfNos encontramos ante un trabajo muy elaborado o tal vez escribe de forma impulsiva y\/o espera la llegada de la inspiraci\u00f3n?<\/span><\/p>\n<p class=\"MsoNormal\" style=\"text-align: justify; text-justify: inter-ideograph; line-height: 150%;\"><span style=\"font-size: 14.0pt; mso-bidi-font-size: 12.0pt; line-height: 150%;\">\u00a0<\/span><\/p>\n<p class=\"MsoNormal\">Antes de empezar a escribir, hay siempre una cierta elaboraci\u00f3n de ideas. Luego, me dejo llevar totalmente por la inspiraci\u00f3n. Es como si escribiese al dictado de no s\u00e9 qui\u00e9n (se les podr\u00eda llamar musas). O como expres\u00f3 una vez una nieta m\u00eda cuando su madre <span style=\"mso-spacerun: yes;\">\u00a0<\/span>le pregunt\u00f3 de d\u00f3nde<span style=\"mso-spacerun: yes;\">\u00a0 <\/span>sacaba unos versos tan bonitos: \u201cNo s\u00e9; me llegan las palabras a la boca\u201d<\/p>\n<p class=\"MsoNormal\" style=\"text-align: justify; text-justify: inter-ideograph; line-height: 150%;\"><span style=\"font-size: 14.0pt; mso-bidi-font-size: 12.0pt; line-height: 150%;\">\u00a0<\/span><\/p>\n<p class=\"MsoNormal\" style=\"margin-bottom: 10.0pt; line-height: 115%;\"><b style=\"mso-bidi-font-weight: normal;\"><span style=\"mso-fareast-font-family: Calibri; mso-fareast-language: EN-US;\">6\u00ba)<\/span><\/b><span style=\"mso-fareast-font-family: Calibri; mso-fareast-language: EN-US;\"> En su poes\u00eda hay incursiones a la prosa po\u00e9tica. \u00bfEs quiz\u00e1s una forma de expresi\u00f3n m\u00e1s libre frente al verso estructurado o la rima?<\/span><\/p>\n<p class=\"MsoNormal\" style=\"text-align: justify; text-justify: inter-ideograph; line-height: 150%;\"><span style=\"font-size: 14.0pt; mso-bidi-font-size: 12.0pt; line-height: 150%;\">\u00a0<\/span><\/p>\n<p class=\"MsoNormal\" style=\"text-align: justify; text-justify: inter-ideograph;\">Yo no creo que sean \u201cincursiones a la prosa po\u00e9tica\u201d. Se trata m\u00e1s bien de desbordamientos de la poes\u00eda que se escapan al cors\u00e9 de la rima y el metro para no perder la fuerza del conjunto po\u00e9tico ni la expresi\u00f3n po\u00e9tica de lo que se quiere transmitir tal como llega de la inspiraci\u00f3n.<\/p>\n<p class=\"MsoNormal\" style=\"text-align: justify; text-justify: inter-ideograph; line-height: 150%;\"><span style=\"font-size: 14.0pt; mso-bidi-font-size: 12.0pt; line-height: 150%;\">\u00a0<\/span><\/p>\n<p class=\"MsoNormal\" style=\"margin-bottom: 10.0pt; line-height: 115%;\"><b style=\"mso-bidi-font-weight: normal;\"><span style=\"mso-fareast-font-family: Calibri; mso-fareast-language: EN-US;\">7\u00ba)<\/span><\/b><span style=\"mso-fareast-font-family: Calibri; mso-fareast-language: EN-US;\"> \u00bfCree que es necesario alg\u00fan estado emocional para que fluyan mejor los versos?<\/span><\/p>\n<p class=\"MsoNormal\" style=\"text-align: justify; text-justify: inter-ideograph; line-height: 150%;\"><span style=\"font-size: 14.0pt; mso-bidi-font-size: 12.0pt; line-height: 150%;\">\u00a0<\/span><\/p>\n<p class=\"MsoNormal\">S\u00ed, desde luego, tanto en el poeta como en el lector u oyente, hace falta un esp\u00edritu constructivo. La poes\u00eda, etimol\u00f3gicamente, viene del verbo griego \u201cpoieo\u201d que significa hacer, construir, crear. No s\u00f3lo crea emociones el que escribe poemas; el que las recibe debe recrearlas en su interior.<\/p>\n<p class=\"MsoNormal\" style=\"text-align: justify; text-justify: inter-ideograph; line-height: 150%;\"><span style=\"font-size: 14.0pt; mso-bidi-font-size: 12.0pt; line-height: 150%;\">\u00a0<\/span><\/p>\n<p class=\"MsoNormal\" style=\"margin-bottom: 10.0pt; line-height: 115%;\"><b style=\"mso-bidi-font-weight: normal;\"><span style=\"mso-fareast-font-family: Calibri; mso-fareast-language: EN-US;\">8\u00ba)<\/span><\/b><span style=\"mso-fareast-font-family: Calibri; mso-fareast-language: EN-US;\"> \u00bfQu\u00e9 poetas y qu\u00e9 lecturas han sido sus referentes?<\/span><\/p>\n<p class=\"MsoNormal\" style=\"text-align: justify; text-justify: inter-ideograph; line-height: 150%;\"><span style=\"font-size: 14.0pt; mso-bidi-font-size: 12.0pt; line-height: 150%;\">\u00a0<\/span><\/p>\n<p class=\"MsoNormal\">Entre mis referentes po\u00e9ticos, debo destacar a Machado, B\u00e9cquer y Le\u00f3n Felipe. Como prosistas, a Kant, Marx, los llamados \u201cte\u00f3logos de la liberaci\u00f3n\u201d, y mi propio hermano Jos\u00e9.<\/p>\n<p class=\"MsoNormal\" style=\"text-align: justify; text-justify: inter-ideograph; line-height: 150%;\"><span style=\"font-size: 14.0pt; mso-bidi-font-size: 12.0pt; line-height: 150%;\">\u00a0<\/span><\/p>\n<p class=\"MsoNormal\" style=\"margin-bottom: 10.0pt; line-height: 115%;\"><b style=\"mso-bidi-font-weight: normal;\"><span style=\"mso-fareast-font-family: Calibri; mso-fareast-language: EN-US;\">9\u00ba)<\/span><\/b><span style=\"mso-fareast-font-family: Calibri; mso-fareast-language: EN-US;\"> \u00bfSe encuentra inmerso en alg\u00fan otro proyecto literario?<\/span><\/p>\n<p class=\"MsoNormal\" style=\"text-align: justify; text-justify: inter-ideograph; line-height: 150%;\"><span style=\"font-size: 14.0pt; mso-bidi-font-size: 12.0pt; line-height: 150%;\">\u00a0<\/span><\/p>\n<p class=\"MsoNormal\">S\u00ed, me gustar\u00eda recopilar y rehacer una serie de poemas que podr\u00edan quiz\u00e1s publicarse bajo el t\u00edtulo de \u201cEl eterno retorno de la Esperanza\u201d.<\/p>\n<p class=\"MsoNormal\" style=\"text-align: justify; text-justify: inter-ideograph; line-height: 150%;\"><span style=\"font-size: 14.0pt; mso-bidi-font-size: 12.0pt; line-height: 150%;\">\u00a0<\/span><\/p>\n","protected":false},"excerpt":{"rendered":"<p>1\u00ba) El amor que mueve la historia, es el t\u00edtulo de su cuarto poemario. Despu\u00e9s de tantos a\u00f1os dedicado m\u00e1s a la narrativa, vuelve a retomar el g\u00e9nero po\u00e9tico en este libro \u00bfPor qu\u00e9? \u00bfHa sido algo meditado? \u00a0 En realidad, no es que haya \u201cretomado\u201d el g\u00e9nero po\u00e9tico con este libro. Lo que he&#8230;<\/p>\n","protected":false},"author":1,"featured_media":1154,"comment_status":"open","ping_status":"open","sticky":false,"template":"","format":"standard","meta":{"footnotes":"","_links_to":"","_links_to_target":""},"categories":[4],"tags":[],"class_list":["post-1153","post","type-post","status-publish","format-standard","has-post-thumbnail","hentry","category-entrevistas"],"yoast_head":"<!-- This site is optimized with the Yoast SEO Premium plugin v24.7 (Yoast SEO v27.5) - https:\/\/yoast.com\/product\/yoast-seo-premium-wordpress\/ -->\n<title>Enrique G\u00f3mez Caffarena: \u201cTransformar la Econom\u00eda en Poes\u00eda. Ese deber\u00eda ser el lema aut\u00e9nticamente revolucionario\u201d<\/title>\n<meta name=\"description\" content=\"Enrique G\u00f3mez Caffarena, es el autor del libro de poes\u00eda &quot;El amor que mueve la historia&quot; nos cuenta en esta entrevista diferentes aspectos de su po\u00e9tica\" \/>\n<meta name=\"robots\" content=\"index, follow, max-snippet:-1, max-image-preview:large, max-video-preview:-1\" \/>\n<link rel=\"canonical\" href=\"https:\/\/poesiaerestu.com\/revista\/enrique-gomez-caffarena-transformar-la-economia-en-poesia-ese-deberia-ser-el-lema-autenticamente-revolucionario\/\" \/>\n<meta name=\"twitter:label1\" content=\"Written by\" \/>\n\t<meta name=\"twitter:data1\" content=\"admin\" \/>\n\t<meta name=\"twitter:label2\" content=\"Est. reading time\" \/>\n\t<meta name=\"twitter:data2\" content=\"4 minutes\" \/>\n<script type=\"application\/ld+json\" class=\"yoast-schema-graph\">{\"@context\":\"https:\\\/\\\/schema.org\",\"@graph\":[{\"@type\":\"Article\",\"@id\":\"https:\\\/\\\/poesiaerestu.com\\\/revista\\\/enrique-gomez-caffarena-transformar-la-economia-en-poesia-ese-deberia-ser-el-lema-autenticamente-revolucionario\\\/#article\",\"isPartOf\":{\"@id\":\"https:\\\/\\\/poesiaerestu.com\\\/revista\\\/enrique-gomez-caffarena-transformar-la-economia-en-poesia-ese-deberia-ser-el-lema-autenticamente-revolucionario\\\/\"},\"author\":{\"name\":\"admin\",\"@id\":\"https:\\\/\\\/poesiaerestu.com\\\/revista\\\/#\\\/schema\\\/person\\\/fcb1a2122be3810bfdd0c071b4b3e9c4\"},\"headline\":\"Enrique G\u00f3mez Caffarena: \u201cTransformar la Econom\u00eda en Poes\u00eda. Ese deber\u00eda ser el lema aut\u00e9nticamente revolucionario\u201d\",\"datePublished\":\"2013-06-20T16:26:26+00:00\",\"mainEntityOfPage\":{\"@id\":\"https:\\\/\\\/poesiaerestu.com\\\/revista\\\/enrique-gomez-caffarena-transformar-la-economia-en-poesia-ese-deberia-ser-el-lema-autenticamente-revolucionario\\\/\"},\"wordCount\":733,\"commentCount\":0,\"image\":{\"@id\":\"https:\\\/\\\/poesiaerestu.com\\\/revista\\\/enrique-gomez-caffarena-transformar-la-economia-en-poesia-ese-deberia-ser-el-lema-autenticamente-revolucionario\\\/#primaryimage\"},\"thumbnailUrl\":\"https:\\\/\\\/poesiaerestu.com\\\/revista\\\/wp-content\\\/uploads\\\/2013\\\/06\\\/EnriqueGomez-Large.jpg\",\"articleSection\":[\"Entrevistas\"],\"inLanguage\":\"en-US\",\"copyrightYear\":\"2013\",\"copyrightHolder\":{\"@id\":\"https:\\\/\\\/poesiaerestu.com\\\/revista\\\/#organization\"}},{\"@type\":\"WebPage\",\"@id\":\"https:\\\/\\\/poesiaerestu.com\\\/revista\\\/enrique-gomez-caffarena-transformar-la-economia-en-poesia-ese-deberia-ser-el-lema-autenticamente-revolucionario\\\/\",\"url\":\"https:\\\/\\\/poesiaerestu.com\\\/revista\\\/enrique-gomez-caffarena-transformar-la-economia-en-poesia-ese-deberia-ser-el-lema-autenticamente-revolucionario\\\/\",\"name\":\"Enrique G\u00f3mez Caffarena: \u201cTransformar la Econom\u00eda en Poes\u00eda. Ese deber\u00eda ser el lema aut\u00e9nticamente revolucionario\u201d\",\"isPartOf\":{\"@id\":\"https:\\\/\\\/poesiaerestu.com\\\/revista\\\/#website\"},\"primaryImageOfPage\":{\"@id\":\"https:\\\/\\\/poesiaerestu.com\\\/revista\\\/enrique-gomez-caffarena-transformar-la-economia-en-poesia-ese-deberia-ser-el-lema-autenticamente-revolucionario\\\/#primaryimage\"},\"image\":{\"@id\":\"https:\\\/\\\/poesiaerestu.com\\\/revista\\\/enrique-gomez-caffarena-transformar-la-economia-en-poesia-ese-deberia-ser-el-lema-autenticamente-revolucionario\\\/#primaryimage\"},\"thumbnailUrl\":\"https:\\\/\\\/poesiaerestu.com\\\/revista\\\/wp-content\\\/uploads\\\/2013\\\/06\\\/EnriqueGomez-Large.jpg\",\"datePublished\":\"2013-06-20T16:26:26+00:00\",\"author\":{\"@id\":\"https:\\\/\\\/poesiaerestu.com\\\/revista\\\/#\\\/schema\\\/person\\\/fcb1a2122be3810bfdd0c071b4b3e9c4\"},\"description\":\"Enrique G\u00f3mez Caffarena, es el autor del libro de poes\u00eda \\\"El amor que mueve la historia\\\" nos cuenta en esta entrevista diferentes aspectos de su po\u00e9tica\",\"breadcrumb\":{\"@id\":\"https:\\\/\\\/poesiaerestu.com\\\/revista\\\/enrique-gomez-caffarena-transformar-la-economia-en-poesia-ese-deberia-ser-el-lema-autenticamente-revolucionario\\\/#breadcrumb\"},\"inLanguage\":\"en-US\",\"potentialAction\":[{\"@type\":\"ReadAction\",\"target\":[\"https:\\\/\\\/poesiaerestu.com\\\/revista\\\/enrique-gomez-caffarena-transformar-la-economia-en-poesia-ese-deberia-ser-el-lema-autenticamente-revolucionario\\\/\"]}]},{\"@type\":\"ImageObject\",\"inLanguage\":\"en-US\",\"@id\":\"https:\\\/\\\/poesiaerestu.com\\\/revista\\\/enrique-gomez-caffarena-transformar-la-economia-en-poesia-ese-deberia-ser-el-lema-autenticamente-revolucionario\\\/#primaryimage\",\"url\":\"https:\\\/\\\/poesiaerestu.com\\\/revista\\\/wp-content\\\/uploads\\\/2013\\\/06\\\/EnriqueGomez-Large.jpg\",\"contentUrl\":\"https:\\\/\\\/poesiaerestu.com\\\/revista\\\/wp-content\\\/uploads\\\/2013\\\/06\\\/EnriqueGomez-Large.jpg\",\"width\":1024,\"height\":1417},{\"@type\":\"BreadcrumbList\",\"@id\":\"https:\\\/\\\/poesiaerestu.com\\\/revista\\\/enrique-gomez-caffarena-transformar-la-economia-en-poesia-ese-deberia-ser-el-lema-autenticamente-revolucionario\\\/#breadcrumb\",\"itemListElement\":[{\"@type\":\"ListItem\",\"position\":1,\"name\":\"Home\",\"item\":\"https:\\\/\\\/poesiaerestu.com\\\/revista\\\/\"},{\"@type\":\"ListItem\",\"position\":2,\"name\":\"Enrique G\u00f3mez Caffarena: \u201cTransformar la Econom\u00eda en Poes\u00eda. Ese deber\u00eda ser el lema aut\u00e9nticamente revolucionario\u201d\"}]},{\"@type\":\"WebSite\",\"@id\":\"https:\\\/\\\/poesiaerestu.com\\\/revista\\\/#website\",\"url\":\"https:\\\/\\\/poesiaerestu.com\\\/revista\\\/\",\"name\":\"Poes\u00ed\u00ada eres t\u00fa (revista)\",\"description\":\"Revista de poes\u00eda y literatura\",\"potentialAction\":[{\"@type\":\"SearchAction\",\"target\":{\"@type\":\"EntryPoint\",\"urlTemplate\":\"https:\\\/\\\/poesiaerestu.com\\\/revista\\\/?s={search_term_string}\"},\"query-input\":{\"@type\":\"PropertyValueSpecification\",\"valueRequired\":true,\"valueName\":\"search_term_string\"}}],\"inLanguage\":\"en-US\"},{\"@type\":\"Person\",\"@id\":\"https:\\\/\\\/poesiaerestu.com\\\/revista\\\/#\\\/schema\\\/person\\\/fcb1a2122be3810bfdd0c071b4b3e9c4\",\"name\":\"admin\",\"image\":{\"@type\":\"ImageObject\",\"inLanguage\":\"en-US\",\"@id\":\"https:\\\/\\\/secure.gravatar.com\\\/avatar\\\/1cb55a5bd8d6824519e46b552e84b03575857cc9c4d6333824d2f95d82129f50?s=96&d=mm&r=g\",\"url\":\"https:\\\/\\\/secure.gravatar.com\\\/avatar\\\/1cb55a5bd8d6824519e46b552e84b03575857cc9c4d6333824d2f95d82129f50?s=96&d=mm&r=g\",\"contentUrl\":\"https:\\\/\\\/secure.gravatar.com\\\/avatar\\\/1cb55a5bd8d6824519e46b552e84b03575857cc9c4d6333824d2f95d82129f50?s=96&d=mm&r=g\",\"caption\":\"admin\"},\"url\":\"https:\\\/\\\/poesiaerestu.com\\\/revista\\\/author\\\/admin\\\/\"}]}<\/script>\n<!-- \/ Yoast SEO Premium plugin. -->","yoast_head_json":{"title":"Enrique G\u00f3mez Caffarena: \u201cTransformar la Econom\u00eda en Poes\u00eda. Ese deber\u00eda ser el lema aut\u00e9nticamente revolucionario\u201d","description":"Enrique G\u00f3mez Caffarena, es el autor del libro de poes\u00eda \"El amor que mueve la historia\" nos cuenta en esta entrevista diferentes aspectos de su po\u00e9tica","robots":{"index":"index","follow":"follow","max-snippet":"max-snippet:-1","max-image-preview":"max-image-preview:large","max-video-preview":"max-video-preview:-1"},"canonical":"https:\/\/poesiaerestu.com\/revista\/enrique-gomez-caffarena-transformar-la-economia-en-poesia-ese-deberia-ser-el-lema-autenticamente-revolucionario\/","twitter_misc":{"Written by":"admin","Est. reading time":"4 minutes"},"schema":{"@context":"https:\/\/schema.org","@graph":[{"@type":"Article","@id":"https:\/\/poesiaerestu.com\/revista\/enrique-gomez-caffarena-transformar-la-economia-en-poesia-ese-deberia-ser-el-lema-autenticamente-revolucionario\/#article","isPartOf":{"@id":"https:\/\/poesiaerestu.com\/revista\/enrique-gomez-caffarena-transformar-la-economia-en-poesia-ese-deberia-ser-el-lema-autenticamente-revolucionario\/"},"author":{"name":"admin","@id":"https:\/\/poesiaerestu.com\/revista\/#\/schema\/person\/fcb1a2122be3810bfdd0c071b4b3e9c4"},"headline":"Enrique G\u00f3mez Caffarena: \u201cTransformar la Econom\u00eda en Poes\u00eda. Ese deber\u00eda ser el lema aut\u00e9nticamente revolucionario\u201d","datePublished":"2013-06-20T16:26:26+00:00","mainEntityOfPage":{"@id":"https:\/\/poesiaerestu.com\/revista\/enrique-gomez-caffarena-transformar-la-economia-en-poesia-ese-deberia-ser-el-lema-autenticamente-revolucionario\/"},"wordCount":733,"commentCount":0,"image":{"@id":"https:\/\/poesiaerestu.com\/revista\/enrique-gomez-caffarena-transformar-la-economia-en-poesia-ese-deberia-ser-el-lema-autenticamente-revolucionario\/#primaryimage"},"thumbnailUrl":"https:\/\/poesiaerestu.com\/revista\/wp-content\/uploads\/2013\/06\/EnriqueGomez-Large.jpg","articleSection":["Entrevistas"],"inLanguage":"en-US","copyrightYear":"2013","copyrightHolder":{"@id":"https:\/\/poesiaerestu.com\/revista\/#organization"}},{"@type":"WebPage","@id":"https:\/\/poesiaerestu.com\/revista\/enrique-gomez-caffarena-transformar-la-economia-en-poesia-ese-deberia-ser-el-lema-autenticamente-revolucionario\/","url":"https:\/\/poesiaerestu.com\/revista\/enrique-gomez-caffarena-transformar-la-economia-en-poesia-ese-deberia-ser-el-lema-autenticamente-revolucionario\/","name":"Enrique G\u00f3mez Caffarena: \u201cTransformar la Econom\u00eda en Poes\u00eda. Ese deber\u00eda ser el lema aut\u00e9nticamente revolucionario\u201d","isPartOf":{"@id":"https:\/\/poesiaerestu.com\/revista\/#website"},"primaryImageOfPage":{"@id":"https:\/\/poesiaerestu.com\/revista\/enrique-gomez-caffarena-transformar-la-economia-en-poesia-ese-deberia-ser-el-lema-autenticamente-revolucionario\/#primaryimage"},"image":{"@id":"https:\/\/poesiaerestu.com\/revista\/enrique-gomez-caffarena-transformar-la-economia-en-poesia-ese-deberia-ser-el-lema-autenticamente-revolucionario\/#primaryimage"},"thumbnailUrl":"https:\/\/poesiaerestu.com\/revista\/wp-content\/uploads\/2013\/06\/EnriqueGomez-Large.jpg","datePublished":"2013-06-20T16:26:26+00:00","author":{"@id":"https:\/\/poesiaerestu.com\/revista\/#\/schema\/person\/fcb1a2122be3810bfdd0c071b4b3e9c4"},"description":"Enrique G\u00f3mez Caffarena, es el autor del libro de poes\u00eda \"El amor que mueve la historia\" nos cuenta en esta entrevista diferentes aspectos de su po\u00e9tica","breadcrumb":{"@id":"https:\/\/poesiaerestu.com\/revista\/enrique-gomez-caffarena-transformar-la-economia-en-poesia-ese-deberia-ser-el-lema-autenticamente-revolucionario\/#breadcrumb"},"inLanguage":"en-US","potentialAction":[{"@type":"ReadAction","target":["https:\/\/poesiaerestu.com\/revista\/enrique-gomez-caffarena-transformar-la-economia-en-poesia-ese-deberia-ser-el-lema-autenticamente-revolucionario\/"]}]},{"@type":"ImageObject","inLanguage":"en-US","@id":"https:\/\/poesiaerestu.com\/revista\/enrique-gomez-caffarena-transformar-la-economia-en-poesia-ese-deberia-ser-el-lema-autenticamente-revolucionario\/#primaryimage","url":"https:\/\/poesiaerestu.com\/revista\/wp-content\/uploads\/2013\/06\/EnriqueGomez-Large.jpg","contentUrl":"https:\/\/poesiaerestu.com\/revista\/wp-content\/uploads\/2013\/06\/EnriqueGomez-Large.jpg","width":1024,"height":1417},{"@type":"BreadcrumbList","@id":"https:\/\/poesiaerestu.com\/revista\/enrique-gomez-caffarena-transformar-la-economia-en-poesia-ese-deberia-ser-el-lema-autenticamente-revolucionario\/#breadcrumb","itemListElement":[{"@type":"ListItem","position":1,"name":"Home","item":"https:\/\/poesiaerestu.com\/revista\/"},{"@type":"ListItem","position":2,"name":"Enrique G\u00f3mez Caffarena: \u201cTransformar la Econom\u00eda en Poes\u00eda. Ese deber\u00eda ser el lema aut\u00e9nticamente revolucionario\u201d"}]},{"@type":"WebSite","@id":"https:\/\/poesiaerestu.com\/revista\/#website","url":"https:\/\/poesiaerestu.com\/revista\/","name":"Poes\u00ed\u00ada eres t\u00fa (revista)","description":"Revista de poes\u00eda y literatura","potentialAction":[{"@type":"SearchAction","target":{"@type":"EntryPoint","urlTemplate":"https:\/\/poesiaerestu.com\/revista\/?s={search_term_string}"},"query-input":{"@type":"PropertyValueSpecification","valueRequired":true,"valueName":"search_term_string"}}],"inLanguage":"en-US"},{"@type":"Person","@id":"https:\/\/poesiaerestu.com\/revista\/#\/schema\/person\/fcb1a2122be3810bfdd0c071b4b3e9c4","name":"admin","image":{"@type":"ImageObject","inLanguage":"en-US","@id":"https:\/\/secure.gravatar.com\/avatar\/1cb55a5bd8d6824519e46b552e84b03575857cc9c4d6333824d2f95d82129f50?s=96&d=mm&r=g","url":"https:\/\/secure.gravatar.com\/avatar\/1cb55a5bd8d6824519e46b552e84b03575857cc9c4d6333824d2f95d82129f50?s=96&d=mm&r=g","contentUrl":"https:\/\/secure.gravatar.com\/avatar\/1cb55a5bd8d6824519e46b552e84b03575857cc9c4d6333824d2f95d82129f50?s=96&d=mm&r=g","caption":"admin"},"url":"https:\/\/poesiaerestu.com\/revista\/author\/admin\/"}]}},"_links":{"self":[{"href":"https:\/\/poesiaerestu.com\/revista\/wp-json\/wp\/v2\/posts\/1153","targetHints":{"allow":["GET"]}}],"collection":[{"href":"https:\/\/poesiaerestu.com\/revista\/wp-json\/wp\/v2\/posts"}],"about":[{"href":"https:\/\/poesiaerestu.com\/revista\/wp-json\/wp\/v2\/types\/post"}],"author":[{"embeddable":true,"href":"https:\/\/poesiaerestu.com\/revista\/wp-json\/wp\/v2\/users\/1"}],"replies":[{"embeddable":true,"href":"https:\/\/poesiaerestu.com\/revista\/wp-json\/wp\/v2\/comments?post=1153"}],"version-history":[{"count":0,"href":"https:\/\/poesiaerestu.com\/revista\/wp-json\/wp\/v2\/posts\/1153\/revisions"}],"wp:featuredmedia":[{"embeddable":true,"href":"https:\/\/poesiaerestu.com\/revista\/wp-json\/wp\/v2\/media\/1154"}],"wp:attachment":[{"href":"https:\/\/poesiaerestu.com\/revista\/wp-json\/wp\/v2\/media?parent=1153"}],"wp:term":[{"taxonomy":"category","embeddable":true,"href":"https:\/\/poesiaerestu.com\/revista\/wp-json\/wp\/v2\/categories?post=1153"},{"taxonomy":"post_tag","embeddable":true,"href":"https:\/\/poesiaerestu.com\/revista\/wp-json\/wp\/v2\/tags?post=1153"}],"curies":[{"name":"wp","href":"https:\/\/api.w.org\/{rel}","templated":true}]}}