{"id":1077,"date":"2012-10-24T11:40:15","date_gmt":"2012-10-24T09:40:15","guid":{"rendered":"http:\/\/www.poesiaerestu.com\/revista\/?p=1077"},"modified":"2012-10-24T11:38:03","modified_gmt":"2012-10-24T09:38:03","slug":"presentacion-de-argonautika-de-eduardo-rodriguez-sabado-6-de-octubre-a-las-2030-horas","status":"publish","type":"post","link":"https:\/\/poesiaerestu.com\/revista\/presentacion-de-argonautika-de-eduardo-rodriguez-sabado-6-de-octubre-a-las-2030-horas\/","title":{"rendered":"Presentaci\u00f3n de ARGONAUTIKA, de Eduardo Rodriguez. S\u00e1bado 27 de octubre, a las 20:30 horas"},"content":{"rendered":"<p><strong><em>INFO PRESENTACI\u00d3N ARGONAUTIKA DE EDUARDO RODRIGUEZ<\/em><\/strong><\/p>\n<p>-Datos del evento:<br \/>\n<strong><em>.\u00bfQu\u00e9? <\/em><\/strong><br \/>\nPresentaci\u00f3n del poemario ARGONAUTIKA, de Eduardo Rodriguez<br \/>\n<strong><em>.\u00bfCuando? <\/em><\/strong><br \/>\nS\u00e1bado 27 de octubre, a las 20:30 horas<br \/>\n<strong><em>.\u00bfDonde? <\/em><\/strong><br \/>\nLos diablos Azules, c\/ Apodaca 6 (entre paradas de Tribunal y Bilbao)<br \/>\n<strong><em>.\u00bfPor que? <\/em><\/strong><br \/>\nEl libro de ARGONAUTIKA nos da la visi\u00f3n sobre el accidente de coche que el autor sufri\u00f3 en el a\u00f1o 2007, y narra toda la estancia en el antiguo hospital de La F\u00e9, desde su ingreso hasta su alta definitiva.<br \/>\nCon &#8220;Argonautika la presentaci\u00f3n&#8221;, Eduardo Rodr\u00edguez organiza una peque\u00f1a <em>performance <\/em>en la cual representa el papel de un doctor que sigue el ingreso del paciente. Nos pone en situaci\u00f3n a trav\u00e9s de sus informes m\u00e9dicos, reflexionando sobre la vida y la muerte, c\u00f3mo se nos escapa el tiempo de entre las manos, c\u00f3mo somos de felices o infelices jugando las cartas que nos han tocado en esta partida&#8230;<br \/>\nDicha actuaci\u00f3n est\u00e1 totalmente sonorizada: se van intercalando sonidos ambiente y pasajes del libro mezclados con m\u00fasica, llev\u00e1ndonos de esta forma a la antigua sala de espera del hospital, con una pregunta en la boca de cada uno de los presentes: &#8220;\u00bfSe salvar\u00e1?&#8221;&#8230;<\/p>\n<p>&nbsp;<\/p>\n<p><a ref=\"magnificPopup\" href=\"https:\/\/poesiaerestu.com\/revista\/wp-content\/uploads\/2012\/10\/CARTEL-LOS-DIABLOS-AZULES-WEB.jpg\"><img loading=\"lazy\" decoding=\"async\" class=\"alignnone  wp-image-1078\" title=\"LOS DIABLOS AZULES \" src=\"https:\/\/spcdn.shortpixel.ai\/spio\/ret_img,q_cdnize,to_auto,s_webp:avif\/poesiaerestu.com\/revista\/wp-content\/uploads\/2012\/10\/CARTEL-LOS-DIABLOS-AZULES-WEB-1024x724.jpg\" alt=\"\" width=\"617\" height=\"435\" \/><\/a><\/p>\n","protected":false},"excerpt":{"rendered":"<p>INFO PRESENTACI\u00d3N ARGONAUTIKA DE EDUARDO RODRIGUEZ -Datos del evento: .\u00bfQu\u00e9? Presentaci\u00f3n del poemario ARGONAUTIKA, de Eduardo Rodriguez .\u00bfCuando? S\u00e1bado 27 de octubre, a las 20:30 horas .\u00bfDonde? Los diablos Azules, c\/ Apodaca 6 (entre paradas de Tribunal y Bilbao) .\u00bfPor que? El libro de ARGONAUTIKA nos da la visi\u00f3n sobre el accidente de coche que&#8230;<\/p>\n","protected":false},"author":1,"featured_media":1078,"comment_status":"open","ping_status":"open","sticky":false,"template":"","format":"standard","meta":{"footnotes":"","_links_to":"","_links_to_target":""},"categories":[8,1],"tags":[],"class_list":["post-1077","post","type-post","status-publish","format-standard","has-post-thumbnail","hentry","category-eventos","category-uncategorized"],"yoast_head":"<!-- This site is optimized with the Yoast SEO Premium plugin v24.7 (Yoast SEO v27.5) - https:\/\/yoast.com\/product\/yoast-seo-premium-wordpress\/ -->\n<title>Presentaci\u00f3n de ARGONAUTIKA, de Eduardo Rodriguez. S\u00e1bado 27 de octubre, a las 20:30 horas<\/title>\n<meta name=\"description\" content=\"INFO PRESENTACI\u00d3N ARGONAUTIKA DE EDUARDO RODRIGUEZ\" \/>\n<meta name=\"robots\" content=\"index, follow, max-snippet:-1, max-image-preview:large, max-video-preview:-1\" \/>\n<link rel=\"canonical\" href=\"https:\/\/poesiaerestu.com\/revista\/presentacion-de-argonautika-de-eduardo-rodriguez-sabado-6-de-octubre-a-las-2030-horas\/\" \/>\n<meta name=\"twitter:label1\" content=\"Written by\" \/>\n\t<meta name=\"twitter:data1\" content=\"admin\" \/>\n\t<meta name=\"twitter:label2\" content=\"Est. reading time\" \/>\n\t<meta name=\"twitter:data2\" content=\"1 minute\" \/>\n<script type=\"application\/ld+json\" class=\"yoast-schema-graph\">{\"@context\":\"https:\\\/\\\/schema.org\",\"@graph\":[{\"@type\":\"Article\",\"@id\":\"https:\\\/\\\/poesiaerestu.com\\\/revista\\\/presentacion-de-argonautika-de-eduardo-rodriguez-sabado-6-de-octubre-a-las-2030-horas\\\/#article\",\"isPartOf\":{\"@id\":\"https:\\\/\\\/poesiaerestu.com\\\/revista\\\/presentacion-de-argonautika-de-eduardo-rodriguez-sabado-6-de-octubre-a-las-2030-horas\\\/\"},\"author\":{\"name\":\"admin\",\"@id\":\"https:\\\/\\\/poesiaerestu.com\\\/revista\\\/#\\\/schema\\\/person\\\/fcb1a2122be3810bfdd0c071b4b3e9c4\"},\"headline\":\"Presentaci\u00f3n de ARGONAUTIKA, de Eduardo Rodriguez. S\u00e1bado 27 de octubre, a las 20:30 horas\",\"datePublished\":\"2012-10-24T09:40:15+00:00\",\"mainEntityOfPage\":{\"@id\":\"https:\\\/\\\/poesiaerestu.com\\\/revista\\\/presentacion-de-argonautika-de-eduardo-rodriguez-sabado-6-de-octubre-a-las-2030-horas\\\/\"},\"wordCount\":219,\"commentCount\":0,\"image\":{\"@id\":\"https:\\\/\\\/poesiaerestu.com\\\/revista\\\/presentacion-de-argonautika-de-eduardo-rodriguez-sabado-6-de-octubre-a-las-2030-horas\\\/#primaryimage\"},\"thumbnailUrl\":\"https:\\\/\\\/poesiaerestu.com\\\/revista\\\/wp-content\\\/uploads\\\/2012\\\/10\\\/CARTEL-LOS-DIABLOS-AZULES-WEB.jpg\",\"articleSection\":[\"Eventos\",\"Otros\"],\"inLanguage\":\"en-US\",\"copyrightYear\":\"2012\",\"copyrightHolder\":{\"@id\":\"https:\\\/\\\/poesiaerestu.com\\\/revista\\\/#organization\"}},{\"@type\":\"WebPage\",\"@id\":\"https:\\\/\\\/poesiaerestu.com\\\/revista\\\/presentacion-de-argonautika-de-eduardo-rodriguez-sabado-6-de-octubre-a-las-2030-horas\\\/\",\"url\":\"https:\\\/\\\/poesiaerestu.com\\\/revista\\\/presentacion-de-argonautika-de-eduardo-rodriguez-sabado-6-de-octubre-a-las-2030-horas\\\/\",\"name\":\"Presentaci\u00f3n de ARGONAUTIKA, de Eduardo Rodriguez. S\u00e1bado 27 de octubre, a las 20:30 horas\",\"isPartOf\":{\"@id\":\"https:\\\/\\\/poesiaerestu.com\\\/revista\\\/#website\"},\"primaryImageOfPage\":{\"@id\":\"https:\\\/\\\/poesiaerestu.com\\\/revista\\\/presentacion-de-argonautika-de-eduardo-rodriguez-sabado-6-de-octubre-a-las-2030-horas\\\/#primaryimage\"},\"image\":{\"@id\":\"https:\\\/\\\/poesiaerestu.com\\\/revista\\\/presentacion-de-argonautika-de-eduardo-rodriguez-sabado-6-de-octubre-a-las-2030-horas\\\/#primaryimage\"},\"thumbnailUrl\":\"https:\\\/\\\/poesiaerestu.com\\\/revista\\\/wp-content\\\/uploads\\\/2012\\\/10\\\/CARTEL-LOS-DIABLOS-AZULES-WEB.jpg\",\"datePublished\":\"2012-10-24T09:40:15+00:00\",\"author\":{\"@id\":\"https:\\\/\\\/poesiaerestu.com\\\/revista\\\/#\\\/schema\\\/person\\\/fcb1a2122be3810bfdd0c071b4b3e9c4\"},\"description\":\"INFO PRESENTACI\u00d3N ARGONAUTIKA DE EDUARDO RODRIGUEZ\",\"breadcrumb\":{\"@id\":\"https:\\\/\\\/poesiaerestu.com\\\/revista\\\/presentacion-de-argonautika-de-eduardo-rodriguez-sabado-6-de-octubre-a-las-2030-horas\\\/#breadcrumb\"},\"inLanguage\":\"en-US\",\"potentialAction\":[{\"@type\":\"ReadAction\",\"target\":[\"https:\\\/\\\/poesiaerestu.com\\\/revista\\\/presentacion-de-argonautika-de-eduardo-rodriguez-sabado-6-de-octubre-a-las-2030-horas\\\/\"]}]},{\"@type\":\"ImageObject\",\"inLanguage\":\"en-US\",\"@id\":\"https:\\\/\\\/poesiaerestu.com\\\/revista\\\/presentacion-de-argonautika-de-eduardo-rodriguez-sabado-6-de-octubre-a-las-2030-horas\\\/#primaryimage\",\"url\":\"https:\\\/\\\/poesiaerestu.com\\\/revista\\\/wp-content\\\/uploads\\\/2012\\\/10\\\/CARTEL-LOS-DIABLOS-AZULES-WEB.jpg\",\"contentUrl\":\"https:\\\/\\\/poesiaerestu.com\\\/revista\\\/wp-content\\\/uploads\\\/2012\\\/10\\\/CARTEL-LOS-DIABLOS-AZULES-WEB.jpg\",\"width\":1446,\"height\":1024},{\"@type\":\"BreadcrumbList\",\"@id\":\"https:\\\/\\\/poesiaerestu.com\\\/revista\\\/presentacion-de-argonautika-de-eduardo-rodriguez-sabado-6-de-octubre-a-las-2030-horas\\\/#breadcrumb\",\"itemListElement\":[{\"@type\":\"ListItem\",\"position\":1,\"name\":\"Home\",\"item\":\"https:\\\/\\\/poesiaerestu.com\\\/revista\\\/\"},{\"@type\":\"ListItem\",\"position\":2,\"name\":\"Presentaci\u00f3n de ARGONAUTIKA, de Eduardo Rodriguez. S\u00e1bado 27 de octubre, a las 20:30 horas\"}]},{\"@type\":\"WebSite\",\"@id\":\"https:\\\/\\\/poesiaerestu.com\\\/revista\\\/#website\",\"url\":\"https:\\\/\\\/poesiaerestu.com\\\/revista\\\/\",\"name\":\"Poes\u00ed\u00ada eres t\u00fa (revista)\",\"description\":\"Revista de poes\u00eda y literatura\",\"potentialAction\":[{\"@type\":\"SearchAction\",\"target\":{\"@type\":\"EntryPoint\",\"urlTemplate\":\"https:\\\/\\\/poesiaerestu.com\\\/revista\\\/?s={search_term_string}\"},\"query-input\":{\"@type\":\"PropertyValueSpecification\",\"valueRequired\":true,\"valueName\":\"search_term_string\"}}],\"inLanguage\":\"en-US\"},{\"@type\":\"Person\",\"@id\":\"https:\\\/\\\/poesiaerestu.com\\\/revista\\\/#\\\/schema\\\/person\\\/fcb1a2122be3810bfdd0c071b4b3e9c4\",\"name\":\"admin\",\"image\":{\"@type\":\"ImageObject\",\"inLanguage\":\"en-US\",\"@id\":\"https:\\\/\\\/secure.gravatar.com\\\/avatar\\\/1cb55a5bd8d6824519e46b552e84b03575857cc9c4d6333824d2f95d82129f50?s=96&d=mm&r=g\",\"url\":\"https:\\\/\\\/secure.gravatar.com\\\/avatar\\\/1cb55a5bd8d6824519e46b552e84b03575857cc9c4d6333824d2f95d82129f50?s=96&d=mm&r=g\",\"contentUrl\":\"https:\\\/\\\/secure.gravatar.com\\\/avatar\\\/1cb55a5bd8d6824519e46b552e84b03575857cc9c4d6333824d2f95d82129f50?s=96&d=mm&r=g\",\"caption\":\"admin\"},\"url\":\"https:\\\/\\\/poesiaerestu.com\\\/revista\\\/author\\\/admin\\\/\"}]}<\/script>\n<!-- \/ Yoast SEO Premium plugin. -->","yoast_head_json":{"title":"Presentaci\u00f3n de ARGONAUTIKA, de Eduardo Rodriguez. S\u00e1bado 27 de octubre, a las 20:30 horas","description":"INFO PRESENTACI\u00d3N ARGONAUTIKA DE EDUARDO RODRIGUEZ","robots":{"index":"index","follow":"follow","max-snippet":"max-snippet:-1","max-image-preview":"max-image-preview:large","max-video-preview":"max-video-preview:-1"},"canonical":"https:\/\/poesiaerestu.com\/revista\/presentacion-de-argonautika-de-eduardo-rodriguez-sabado-6-de-octubre-a-las-2030-horas\/","twitter_misc":{"Written by":"admin","Est. reading time":"1 minute"},"schema":{"@context":"https:\/\/schema.org","@graph":[{"@type":"Article","@id":"https:\/\/poesiaerestu.com\/revista\/presentacion-de-argonautika-de-eduardo-rodriguez-sabado-6-de-octubre-a-las-2030-horas\/#article","isPartOf":{"@id":"https:\/\/poesiaerestu.com\/revista\/presentacion-de-argonautika-de-eduardo-rodriguez-sabado-6-de-octubre-a-las-2030-horas\/"},"author":{"name":"admin","@id":"https:\/\/poesiaerestu.com\/revista\/#\/schema\/person\/fcb1a2122be3810bfdd0c071b4b3e9c4"},"headline":"Presentaci\u00f3n de ARGONAUTIKA, de Eduardo Rodriguez. S\u00e1bado 27 de octubre, a las 20:30 horas","datePublished":"2012-10-24T09:40:15+00:00","mainEntityOfPage":{"@id":"https:\/\/poesiaerestu.com\/revista\/presentacion-de-argonautika-de-eduardo-rodriguez-sabado-6-de-octubre-a-las-2030-horas\/"},"wordCount":219,"commentCount":0,"image":{"@id":"https:\/\/poesiaerestu.com\/revista\/presentacion-de-argonautika-de-eduardo-rodriguez-sabado-6-de-octubre-a-las-2030-horas\/#primaryimage"},"thumbnailUrl":"https:\/\/poesiaerestu.com\/revista\/wp-content\/uploads\/2012\/10\/CARTEL-LOS-DIABLOS-AZULES-WEB.jpg","articleSection":["Eventos","Otros"],"inLanguage":"en-US","copyrightYear":"2012","copyrightHolder":{"@id":"https:\/\/poesiaerestu.com\/revista\/#organization"}},{"@type":"WebPage","@id":"https:\/\/poesiaerestu.com\/revista\/presentacion-de-argonautika-de-eduardo-rodriguez-sabado-6-de-octubre-a-las-2030-horas\/","url":"https:\/\/poesiaerestu.com\/revista\/presentacion-de-argonautika-de-eduardo-rodriguez-sabado-6-de-octubre-a-las-2030-horas\/","name":"Presentaci\u00f3n de ARGONAUTIKA, de Eduardo Rodriguez. S\u00e1bado 27 de octubre, a las 20:30 horas","isPartOf":{"@id":"https:\/\/poesiaerestu.com\/revista\/#website"},"primaryImageOfPage":{"@id":"https:\/\/poesiaerestu.com\/revista\/presentacion-de-argonautika-de-eduardo-rodriguez-sabado-6-de-octubre-a-las-2030-horas\/#primaryimage"},"image":{"@id":"https:\/\/poesiaerestu.com\/revista\/presentacion-de-argonautika-de-eduardo-rodriguez-sabado-6-de-octubre-a-las-2030-horas\/#primaryimage"},"thumbnailUrl":"https:\/\/poesiaerestu.com\/revista\/wp-content\/uploads\/2012\/10\/CARTEL-LOS-DIABLOS-AZULES-WEB.jpg","datePublished":"2012-10-24T09:40:15+00:00","author":{"@id":"https:\/\/poesiaerestu.com\/revista\/#\/schema\/person\/fcb1a2122be3810bfdd0c071b4b3e9c4"},"description":"INFO PRESENTACI\u00d3N ARGONAUTIKA DE EDUARDO RODRIGUEZ","breadcrumb":{"@id":"https:\/\/poesiaerestu.com\/revista\/presentacion-de-argonautika-de-eduardo-rodriguez-sabado-6-de-octubre-a-las-2030-horas\/#breadcrumb"},"inLanguage":"en-US","potentialAction":[{"@type":"ReadAction","target":["https:\/\/poesiaerestu.com\/revista\/presentacion-de-argonautika-de-eduardo-rodriguez-sabado-6-de-octubre-a-las-2030-horas\/"]}]},{"@type":"ImageObject","inLanguage":"en-US","@id":"https:\/\/poesiaerestu.com\/revista\/presentacion-de-argonautika-de-eduardo-rodriguez-sabado-6-de-octubre-a-las-2030-horas\/#primaryimage","url":"https:\/\/poesiaerestu.com\/revista\/wp-content\/uploads\/2012\/10\/CARTEL-LOS-DIABLOS-AZULES-WEB.jpg","contentUrl":"https:\/\/poesiaerestu.com\/revista\/wp-content\/uploads\/2012\/10\/CARTEL-LOS-DIABLOS-AZULES-WEB.jpg","width":1446,"height":1024},{"@type":"BreadcrumbList","@id":"https:\/\/poesiaerestu.com\/revista\/presentacion-de-argonautika-de-eduardo-rodriguez-sabado-6-de-octubre-a-las-2030-horas\/#breadcrumb","itemListElement":[{"@type":"ListItem","position":1,"name":"Home","item":"https:\/\/poesiaerestu.com\/revista\/"},{"@type":"ListItem","position":2,"name":"Presentaci\u00f3n de ARGONAUTIKA, de Eduardo Rodriguez. S\u00e1bado 27 de octubre, a las 20:30 horas"}]},{"@type":"WebSite","@id":"https:\/\/poesiaerestu.com\/revista\/#website","url":"https:\/\/poesiaerestu.com\/revista\/","name":"Poes\u00ed\u00ada eres t\u00fa (revista)","description":"Revista de poes\u00eda y literatura","potentialAction":[{"@type":"SearchAction","target":{"@type":"EntryPoint","urlTemplate":"https:\/\/poesiaerestu.com\/revista\/?s={search_term_string}"},"query-input":{"@type":"PropertyValueSpecification","valueRequired":true,"valueName":"search_term_string"}}],"inLanguage":"en-US"},{"@type":"Person","@id":"https:\/\/poesiaerestu.com\/revista\/#\/schema\/person\/fcb1a2122be3810bfdd0c071b4b3e9c4","name":"admin","image":{"@type":"ImageObject","inLanguage":"en-US","@id":"https:\/\/secure.gravatar.com\/avatar\/1cb55a5bd8d6824519e46b552e84b03575857cc9c4d6333824d2f95d82129f50?s=96&d=mm&r=g","url":"https:\/\/secure.gravatar.com\/avatar\/1cb55a5bd8d6824519e46b552e84b03575857cc9c4d6333824d2f95d82129f50?s=96&d=mm&r=g","contentUrl":"https:\/\/secure.gravatar.com\/avatar\/1cb55a5bd8d6824519e46b552e84b03575857cc9c4d6333824d2f95d82129f50?s=96&d=mm&r=g","caption":"admin"},"url":"https:\/\/poesiaerestu.com\/revista\/author\/admin\/"}]}},"_links":{"self":[{"href":"https:\/\/poesiaerestu.com\/revista\/wp-json\/wp\/v2\/posts\/1077","targetHints":{"allow":["GET"]}}],"collection":[{"href":"https:\/\/poesiaerestu.com\/revista\/wp-json\/wp\/v2\/posts"}],"about":[{"href":"https:\/\/poesiaerestu.com\/revista\/wp-json\/wp\/v2\/types\/post"}],"author":[{"embeddable":true,"href":"https:\/\/poesiaerestu.com\/revista\/wp-json\/wp\/v2\/users\/1"}],"replies":[{"embeddable":true,"href":"https:\/\/poesiaerestu.com\/revista\/wp-json\/wp\/v2\/comments?post=1077"}],"version-history":[{"count":0,"href":"https:\/\/poesiaerestu.com\/revista\/wp-json\/wp\/v2\/posts\/1077\/revisions"}],"wp:featuredmedia":[{"embeddable":true,"href":"https:\/\/poesiaerestu.com\/revista\/wp-json\/wp\/v2\/media\/1078"}],"wp:attachment":[{"href":"https:\/\/poesiaerestu.com\/revista\/wp-json\/wp\/v2\/media?parent=1077"}],"wp:term":[{"taxonomy":"category","embeddable":true,"href":"https:\/\/poesiaerestu.com\/revista\/wp-json\/wp\/v2\/categories?post=1077"},{"taxonomy":"post_tag","embeddable":true,"href":"https:\/\/poesiaerestu.com\/revista\/wp-json\/wp\/v2\/tags?post=1077"}],"curies":[{"name":"wp","href":"https:\/\/api.w.org\/{rel}","templated":true}]}}