{"id":10662,"date":"2026-05-01T21:06:09","date_gmt":"2026-05-01T19:06:09","guid":{"rendered":"https:\/\/poesiaerestu.com\/revista\/?p=10662"},"modified":"2026-05-01T21:06:22","modified_gmt":"2026-05-01T19:06:22","slug":"poema-afecto-mimbres-de-amor-del-barrio-estremera","status":"publish","type":"post","link":"https:\/\/poesiaerestu.com\/revista\/poema-afecto-mimbres-de-amor-del-barrio-estremera\/","title":{"rendered":"Lo que ocurre cuando la voz \u00abcubre de gozo\u00bb. An\u00e1lisis del poema Afecto, de Antonio del Barrio Estremera"},"content":{"rendered":"<section class=\"l-section wpb_row height_medium\"><div class=\"l-section-h i-cf\"><div class=\"g-cols vc_row via_flex valign_top type_default stacking_default\"><div class=\"vc_col-sm-12 wpb_column vc_column_container\"><div class=\"vc_column-inner\"><div class=\"wpb_wrapper\"><div class=\"wpb_text_column\"><div class=\"wpb_wrapper\"><p>El an\u00e1lisis del poema <em>Afecto<\/em> de Antonio del Barrio Estremera revela algo que no resulta obvio en una primera lectura: que en once palabras finales se concentra la l\u00f3gica de un libro entero. \u00ab\u00a1Qu\u00e9 no se acabe el afecto \/ porque se rompe el amor! \/ Y sin su mimbre, no hay cesto.\u00bb No es un cierre emocional sino un teorema. \u00bfPuede un poema de amor funcionar como demostraci\u00f3n matem\u00e1tica sin perder calor? \u00bfQu\u00e9 ocurre cuando la forma popular \u2014el octos\u00edlabo, la rima asonante\u2014 se pone al servicio de una arquitectura tan precisa? Este an\u00e1lisis abre el poema desde dentro, verso a verso, para mostrar c\u00f3mo trabaja antes de que el lector lo haya terminado de sentir.<\/p>\n<p style=\"text-align: center;\"><strong>AFECTO<\/strong><\/p>\n<p style=\"text-align: center;\">\u00a1El amor es la uni\u00f3n de muchos mimbres a la vez!<br \/>\nEntonces brota del coraz\u00f3n<br \/>\nla alegr\u00eda del querer.<br \/>\nPero no habr\u00e1 ilusi\u00f3n completa<br \/>\nsi ese viaje no respeta<br \/>\nen su camino el afecto,<br \/>\nse hundir\u00e1, no habr\u00e1 proyecto.<br \/>\nEl afecto es emoci\u00f3n<br \/>\nempapada de colores<br \/>\ny de m\u00fasica y tambores<br \/>\nal o\u00edr una canci\u00f3n.<br \/>\nEste mimbre se transmite<br \/>\nde t\u00ed, a la enamorada<br \/>\n\u00a1Cuando tu voz cubre de gozo<br \/>\na esa persona amada!<br \/>\nY ella lo recibe<br \/>\ndibuj\u00e1ndote un esbozo<br \/>\nde eso que dentro percibe<br \/>\nporque la parece hermoso<br \/>\ny lo sue\u00f1a con la almohada.<br \/>\n\u00a1El afecto se regala<br \/>\na la due\u00f1a de tu alma!<br \/>\nDespierta luz e inter\u00e9s<br \/>\ny rompe feliz su calma<br \/>\nporque la viste de gala<br \/>\nde la cabeza a los pies.<\/p>\n<p style=\"text-align: center;\">Y adem\u00e1s da cercan\u00eda<br \/>\na quien prueba su sabor<br \/>\nllena de plena armon\u00eda<br \/>\ny excita con su calor.<br \/>\n\u00a1Qu\u00e9 no se acabe el afecto<br \/>\nporque se rompe el amor!<br \/>\nY sin su mimbre, no hay cesto.<\/p>\n<p style=\"text-align: right;\"><em>Antonio del Barrio Estremera<br \/>\n<strong>Mimbres de Amor<\/strong><\/em><\/p>\n<h2>Lo que ocurre cuando la voz \u00abcubre de gozo\u00bb<\/h2>\n<p>El poema empieza con una advertencia, no con una declaraci\u00f3n de amor. \u00abPero no habr\u00e1 ilusi\u00f3n completa \/ si ese viaje no respeta \/ en su camino el afecto, \/ se hundir\u00e1, no habr\u00e1 proyecto.\u00bb Antes de decir qu\u00e9 es el afecto, Del Barrio Estremera dice lo que ocurre sin \u00e9l. El amor, en este poema, no se celebra: se sostiene. Y la diferencia entre celebrar y sostener es la diferencia entre un poema de enamoramiento y un poema de arquitectura emocional.<\/p>\n<p>Lo que sigue es la definici\u00f3n por imagen. \u00abEl afecto es emoci\u00f3n \/ empapada de colores \/ y de m\u00fasica y tambores \/ al o\u00edr una canci\u00f3n.\u00bb La emoci\u00f3n tiene color, tiene sonido, tiene la vibraci\u00f3n f\u00edsica de un tambor en el pecho. Los tres sentidos confluyen en un solo verso sin que la costura se note: eso es sinestesia, pero el poema no la anuncia ni la explica. La entrega directamente al lector, como quien pone algo en la mano sin decir lo que es.<\/p>\n<p>El momento t\u00e9cnicamente m\u00e1s audaz est\u00e1 en el centro: \u00ab\u00a1Cuando tu voz cubre de gozo \/ a esa persona amada!\u00bb El verbo \u00abcubre\u00bb transforma el sonido en materia. La voz deja de ser ondas y se convierte en algo que envuelve, que protege, que tiene peso y temperatura. Ese desplazamiento de sentido \u2014de lo auditivo a lo t\u00e1ctil\u2014 no es decorativo: replica exactamente lo que el afecto hace en una relaci\u00f3n. Lo invisible se vuelve presencia f\u00edsica. Y la persona que lo recibe, dice el poema, \u00ablo sue\u00f1a con la almohada\u00bb: la experiencia sensorial no termina al acabar el contacto, sigue trabajando en el cuerpo mientras se duerme.<\/p>\n<p>Del Barrio Estremera corta el poema en dos bloques separados por una l\u00ednea en blanco. El primero construye la imagen del afecto en movimiento, de quien lo da a quien lo recibe. El segundo \u2014m\u00e1s breve, m\u00e1s directo, de temperatura m\u00e1s baja\u2014 funciona como sentencia: \u00ab\u00a1Qu\u00e9 no se acabe el afecto \/ porque se rompe el amor! \/ Y sin su mimbre, no hay cesto.\u00bb Son once palabras y contienen la l\u00f3gica completa del libro. No es una advertencia sentimental; es una proposici\u00f3n con estructura condicional. Si falta el afecto, el amor cede. Si falta el mimbre, la cesta no existe. La imagen no ilustra la idea: la es.<\/p>\n<p>Lo que distingue a este poema del resto del libro es que no nombra un sentimiento y lo describe: demuestra, mediante el propio movimiento del texto, c\u00f3mo funciona el afecto. El verso que nombra la emoci\u00f3n \u2014\u00abEl afecto es emoci\u00f3n\u00bb\u2014 no basta sin los colores, sin los tambores, sin la voz que cubre. El poema no puede resumirse porque la suma de sus partes no es igual a su contenido. Eso, exactamente eso, es lo que intenta decir sobre el amor.<\/p>\n<p style=\"margin-top: 2em; text-align: right;\">Cr\u00edtica realizada por Ana Mar\u00eda Olivares<\/p>\n<\/div><\/div><\/div><\/div><\/div><\/div><\/div><\/section>\n","protected":false},"excerpt":{"rendered":"<p>En once palabras finales, el poema Afecto de Antonio del Barrio Estremera concentra la l\u00f3gica de un libro entero: el amor no como celebraci\u00f3n sino como arquitectura sostenida.<\/p>\n","protected":false},"author":1001006,"featured_media":10666,"comment_status":"closed","ping_status":"closed","sticky":false,"template":"","format":"standard","meta":{"footnotes":"","_links_to":"","_links_to_target":""},"categories":[3],"tags":[717,662,666,714,660,715,668],"class_list":["post-10662","post","type-post","status-publish","format-standard","has-post-thumbnail","hentry","category-poesia","tag-afecto","tag-ana-maria-olivares","tag-analisis-poetico","tag-antonio-del-barrio-estremera","tag-editorial-poesia-eres-tu","tag-mimbres-de-amor","tag-poesia-contemporanea"],"yoast_head":"<!-- This site is optimized with the Yoast SEO Premium plugin v24.7 (Yoast SEO v27.5) - https:\/\/yoast.com\/product\/yoast-seo-premium-wordpress\/ -->\n<title>Lo que ocurre cuando la voz \u00abcubre de gozo\u00bb. An\u00e1lisis del poema Afecto, de Antonio del Barrio Estremera - Poes\u00ed\u00ada eres t\u00fa (revista)<\/title>\n<meta name=\"robots\" content=\"index, follow, max-snippet:-1, max-image-preview:large, max-video-preview:-1\" \/>\n<link rel=\"canonical\" href=\"https:\/\/poesiaerestu.com\/revista\/poema-afecto-mimbres-de-amor-del-barrio-estremera\/\" \/>\n<meta name=\"twitter:label1\" content=\"Written by\" \/>\n\t<meta name=\"twitter:data1\" content=\"Ana Mar\u00eda Olivares\" \/>\n\t<meta name=\"twitter:label2\" content=\"Est. reading time\" \/>\n\t<meta name=\"twitter:data2\" content=\"4 minutes\" \/>\n<script type=\"application\/ld+json\" class=\"yoast-schema-graph\">{\"@context\":\"https:\\\/\\\/schema.org\",\"@graph\":[{\"@type\":\"Article\",\"@id\":\"https:\\\/\\\/poesiaerestu.com\\\/revista\\\/poema-afecto-mimbres-de-amor-del-barrio-estremera\\\/#article\",\"isPartOf\":{\"@id\":\"https:\\\/\\\/poesiaerestu.com\\\/revista\\\/poema-afecto-mimbres-de-amor-del-barrio-estremera\\\/\"},\"author\":{\"name\":\"Ana Mar\u00eda Olivares\",\"@id\":\"https:\\\/\\\/poesiaerestu.com\\\/revista\\\/#\\\/schema\\\/person\\\/cf2f0603f3dc0f9949eb248e8ae069ce\"},\"headline\":\"Lo que ocurre cuando la voz \u00abcubre de gozo\u00bb. An\u00e1lisis del poema Afecto, de Antonio del Barrio Estremera\",\"datePublished\":\"2026-05-01T19:06:09+00:00\",\"dateModified\":\"2026-05-01T19:06:22+00:00\",\"mainEntityOfPage\":{\"@id\":\"https:\\\/\\\/poesiaerestu.com\\\/revista\\\/poema-afecto-mimbres-de-amor-del-barrio-estremera\\\/\"},\"wordCount\":839,\"image\":{\"@id\":\"https:\\\/\\\/poesiaerestu.com\\\/revista\\\/poema-afecto-mimbres-de-amor-del-barrio-estremera\\\/#primaryimage\"},\"thumbnailUrl\":\"https:\\\/\\\/poesiaerestu.com\\\/revista\\\/wp-content\\\/uploads\\\/2026\\\/05\\\/PoesiaRevistaPET-Mediana.webp\",\"keywords\":[\"Afecto\",\"Ana Mar\u00eda Olivares\",\"an\u00e1lisis po\u00e9tico\",\"Antonio del Barrio Estremera\",\"Editorial Poes\u00eda eres t\u00fa\",\"Mimbres de Amor\",\"poes\u00eda contempor\u00e1nea\"],\"articleSection\":[\"Poes\u00eda\"],\"inLanguage\":\"en-US\",\"copyrightYear\":\"2026\",\"copyrightHolder\":{\"@id\":\"https:\\\/\\\/poesiaerestu.com\\\/revista\\\/#organization\"}},{\"@type\":\"WebPage\",\"@id\":\"https:\\\/\\\/poesiaerestu.com\\\/revista\\\/poema-afecto-mimbres-de-amor-del-barrio-estremera\\\/\",\"url\":\"https:\\\/\\\/poesiaerestu.com\\\/revista\\\/poema-afecto-mimbres-de-amor-del-barrio-estremera\\\/\",\"name\":\"Lo que ocurre cuando la voz \u00abcubre de gozo\u00bb. An\u00e1lisis del poema Afecto, de Antonio del Barrio Estremera - Poes\u00ed\u00ada eres t\u00fa (revista)\",\"isPartOf\":{\"@id\":\"https:\\\/\\\/poesiaerestu.com\\\/revista\\\/#website\"},\"primaryImageOfPage\":{\"@id\":\"https:\\\/\\\/poesiaerestu.com\\\/revista\\\/poema-afecto-mimbres-de-amor-del-barrio-estremera\\\/#primaryimage\"},\"image\":{\"@id\":\"https:\\\/\\\/poesiaerestu.com\\\/revista\\\/poema-afecto-mimbres-de-amor-del-barrio-estremera\\\/#primaryimage\"},\"thumbnailUrl\":\"https:\\\/\\\/poesiaerestu.com\\\/revista\\\/wp-content\\\/uploads\\\/2026\\\/05\\\/PoesiaRevistaPET-Mediana.webp\",\"datePublished\":\"2026-05-01T19:06:09+00:00\",\"dateModified\":\"2026-05-01T19:06:22+00:00\",\"author\":{\"@id\":\"https:\\\/\\\/poesiaerestu.com\\\/revista\\\/#\\\/schema\\\/person\\\/cf2f0603f3dc0f9949eb248e8ae069ce\"},\"breadcrumb\":{\"@id\":\"https:\\\/\\\/poesiaerestu.com\\\/revista\\\/poema-afecto-mimbres-de-amor-del-barrio-estremera\\\/#breadcrumb\"},\"inLanguage\":\"en-US\",\"potentialAction\":[{\"@type\":\"ReadAction\",\"target\":[\"https:\\\/\\\/poesiaerestu.com\\\/revista\\\/poema-afecto-mimbres-de-amor-del-barrio-estremera\\\/\"]}]},{\"@type\":\"ImageObject\",\"inLanguage\":\"en-US\",\"@id\":\"https:\\\/\\\/poesiaerestu.com\\\/revista\\\/poema-afecto-mimbres-de-amor-del-barrio-estremera\\\/#primaryimage\",\"url\":\"https:\\\/\\\/poesiaerestu.com\\\/revista\\\/wp-content\\\/uploads\\\/2026\\\/05\\\/PoesiaRevistaPET-Mediana.webp\",\"contentUrl\":\"https:\\\/\\\/poesiaerestu.com\\\/revista\\\/wp-content\\\/uploads\\\/2026\\\/05\\\/PoesiaRevistaPET-Mediana.webp\",\"width\":576,\"height\":768},{\"@type\":\"BreadcrumbList\",\"@id\":\"https:\\\/\\\/poesiaerestu.com\\\/revista\\\/poema-afecto-mimbres-de-amor-del-barrio-estremera\\\/#breadcrumb\",\"itemListElement\":[{\"@type\":\"ListItem\",\"position\":1,\"name\":\"Home\",\"item\":\"https:\\\/\\\/poesiaerestu.com\\\/revista\\\/\"},{\"@type\":\"ListItem\",\"position\":2,\"name\":\"Lo que ocurre cuando la voz \u00abcubre de gozo\u00bb. An\u00e1lisis del poema Afecto, de Antonio del Barrio Estremera\"}]},{\"@type\":\"WebSite\",\"@id\":\"https:\\\/\\\/poesiaerestu.com\\\/revista\\\/#website\",\"url\":\"https:\\\/\\\/poesiaerestu.com\\\/revista\\\/\",\"name\":\"Poes\u00ed\u00ada eres t\u00fa (revista)\",\"description\":\"Revista de poes\u00eda y literatura\",\"potentialAction\":[{\"@type\":\"SearchAction\",\"target\":{\"@type\":\"EntryPoint\",\"urlTemplate\":\"https:\\\/\\\/poesiaerestu.com\\\/revista\\\/?s={search_term_string}\"},\"query-input\":{\"@type\":\"PropertyValueSpecification\",\"valueRequired\":true,\"valueName\":\"search_term_string\"}}],\"inLanguage\":\"en-US\"},{\"@type\":\"Person\",\"@id\":\"https:\\\/\\\/poesiaerestu.com\\\/revista\\\/#\\\/schema\\\/person\\\/cf2f0603f3dc0f9949eb248e8ae069ce\",\"name\":\"Ana Mar\u00eda Olivares\",\"image\":{\"@type\":\"ImageObject\",\"inLanguage\":\"en-US\",\"@id\":\"https:\\\/\\\/secure.gravatar.com\\\/avatar\\\/9738e71889a0117c74a4e2755c1bb913a04599bcf04205649e091304bfc2d516?s=96&d=mm&r=g\",\"url\":\"https:\\\/\\\/secure.gravatar.com\\\/avatar\\\/9738e71889a0117c74a4e2755c1bb913a04599bcf04205649e091304bfc2d516?s=96&d=mm&r=g\",\"contentUrl\":\"https:\\\/\\\/secure.gravatar.com\\\/avatar\\\/9738e71889a0117c74a4e2755c1bb913a04599bcf04205649e091304bfc2d516?s=96&d=mm&r=g\",\"caption\":\"Ana Mar\u00eda Olivares\"},\"url\":\"https:\\\/\\\/poesiaerestu.com\\\/revista\\\/author\\\/ana-maria-olivares\\\/\"}]}<\/script>\n<!-- \/ Yoast SEO Premium plugin. -->","yoast_head_json":{"title":"Lo que ocurre cuando la voz \u00abcubre de gozo\u00bb. An\u00e1lisis del poema Afecto, de Antonio del Barrio Estremera - Poes\u00ed\u00ada eres t\u00fa (revista)","robots":{"index":"index","follow":"follow","max-snippet":"max-snippet:-1","max-image-preview":"max-image-preview:large","max-video-preview":"max-video-preview:-1"},"canonical":"https:\/\/poesiaerestu.com\/revista\/poema-afecto-mimbres-de-amor-del-barrio-estremera\/","twitter_misc":{"Written by":"Ana Mar\u00eda Olivares","Est. reading time":"4 minutes"},"schema":{"@context":"https:\/\/schema.org","@graph":[{"@type":"Article","@id":"https:\/\/poesiaerestu.com\/revista\/poema-afecto-mimbres-de-amor-del-barrio-estremera\/#article","isPartOf":{"@id":"https:\/\/poesiaerestu.com\/revista\/poema-afecto-mimbres-de-amor-del-barrio-estremera\/"},"author":{"name":"Ana Mar\u00eda Olivares","@id":"https:\/\/poesiaerestu.com\/revista\/#\/schema\/person\/cf2f0603f3dc0f9949eb248e8ae069ce"},"headline":"Lo que ocurre cuando la voz \u00abcubre de gozo\u00bb. An\u00e1lisis del poema Afecto, de Antonio del Barrio Estremera","datePublished":"2026-05-01T19:06:09+00:00","dateModified":"2026-05-01T19:06:22+00:00","mainEntityOfPage":{"@id":"https:\/\/poesiaerestu.com\/revista\/poema-afecto-mimbres-de-amor-del-barrio-estremera\/"},"wordCount":839,"image":{"@id":"https:\/\/poesiaerestu.com\/revista\/poema-afecto-mimbres-de-amor-del-barrio-estremera\/#primaryimage"},"thumbnailUrl":"https:\/\/poesiaerestu.com\/revista\/wp-content\/uploads\/2026\/05\/PoesiaRevistaPET-Mediana.webp","keywords":["Afecto","Ana Mar\u00eda Olivares","an\u00e1lisis po\u00e9tico","Antonio del Barrio Estremera","Editorial Poes\u00eda eres t\u00fa","Mimbres de Amor","poes\u00eda contempor\u00e1nea"],"articleSection":["Poes\u00eda"],"inLanguage":"en-US","copyrightYear":"2026","copyrightHolder":{"@id":"https:\/\/poesiaerestu.com\/revista\/#organization"}},{"@type":"WebPage","@id":"https:\/\/poesiaerestu.com\/revista\/poema-afecto-mimbres-de-amor-del-barrio-estremera\/","url":"https:\/\/poesiaerestu.com\/revista\/poema-afecto-mimbres-de-amor-del-barrio-estremera\/","name":"Lo que ocurre cuando la voz \u00abcubre de gozo\u00bb. An\u00e1lisis del poema Afecto, de Antonio del Barrio Estremera - Poes\u00ed\u00ada eres t\u00fa (revista)","isPartOf":{"@id":"https:\/\/poesiaerestu.com\/revista\/#website"},"primaryImageOfPage":{"@id":"https:\/\/poesiaerestu.com\/revista\/poema-afecto-mimbres-de-amor-del-barrio-estremera\/#primaryimage"},"image":{"@id":"https:\/\/poesiaerestu.com\/revista\/poema-afecto-mimbres-de-amor-del-barrio-estremera\/#primaryimage"},"thumbnailUrl":"https:\/\/poesiaerestu.com\/revista\/wp-content\/uploads\/2026\/05\/PoesiaRevistaPET-Mediana.webp","datePublished":"2026-05-01T19:06:09+00:00","dateModified":"2026-05-01T19:06:22+00:00","author":{"@id":"https:\/\/poesiaerestu.com\/revista\/#\/schema\/person\/cf2f0603f3dc0f9949eb248e8ae069ce"},"breadcrumb":{"@id":"https:\/\/poesiaerestu.com\/revista\/poema-afecto-mimbres-de-amor-del-barrio-estremera\/#breadcrumb"},"inLanguage":"en-US","potentialAction":[{"@type":"ReadAction","target":["https:\/\/poesiaerestu.com\/revista\/poema-afecto-mimbres-de-amor-del-barrio-estremera\/"]}]},{"@type":"ImageObject","inLanguage":"en-US","@id":"https:\/\/poesiaerestu.com\/revista\/poema-afecto-mimbres-de-amor-del-barrio-estremera\/#primaryimage","url":"https:\/\/poesiaerestu.com\/revista\/wp-content\/uploads\/2026\/05\/PoesiaRevistaPET-Mediana.webp","contentUrl":"https:\/\/poesiaerestu.com\/revista\/wp-content\/uploads\/2026\/05\/PoesiaRevistaPET-Mediana.webp","width":576,"height":768},{"@type":"BreadcrumbList","@id":"https:\/\/poesiaerestu.com\/revista\/poema-afecto-mimbres-de-amor-del-barrio-estremera\/#breadcrumb","itemListElement":[{"@type":"ListItem","position":1,"name":"Home","item":"https:\/\/poesiaerestu.com\/revista\/"},{"@type":"ListItem","position":2,"name":"Lo que ocurre cuando la voz \u00abcubre de gozo\u00bb. An\u00e1lisis del poema Afecto, de Antonio del Barrio Estremera"}]},{"@type":"WebSite","@id":"https:\/\/poesiaerestu.com\/revista\/#website","url":"https:\/\/poesiaerestu.com\/revista\/","name":"Poes\u00ed\u00ada eres t\u00fa (revista)","description":"Revista de poes\u00eda y literatura","potentialAction":[{"@type":"SearchAction","target":{"@type":"EntryPoint","urlTemplate":"https:\/\/poesiaerestu.com\/revista\/?s={search_term_string}"},"query-input":{"@type":"PropertyValueSpecification","valueRequired":true,"valueName":"search_term_string"}}],"inLanguage":"en-US"},{"@type":"Person","@id":"https:\/\/poesiaerestu.com\/revista\/#\/schema\/person\/cf2f0603f3dc0f9949eb248e8ae069ce","name":"Ana Mar\u00eda Olivares","image":{"@type":"ImageObject","inLanguage":"en-US","@id":"https:\/\/secure.gravatar.com\/avatar\/9738e71889a0117c74a4e2755c1bb913a04599bcf04205649e091304bfc2d516?s=96&d=mm&r=g","url":"https:\/\/secure.gravatar.com\/avatar\/9738e71889a0117c74a4e2755c1bb913a04599bcf04205649e091304bfc2d516?s=96&d=mm&r=g","contentUrl":"https:\/\/secure.gravatar.com\/avatar\/9738e71889a0117c74a4e2755c1bb913a04599bcf04205649e091304bfc2d516?s=96&d=mm&r=g","caption":"Ana Mar\u00eda Olivares"},"url":"https:\/\/poesiaerestu.com\/revista\/author\/ana-maria-olivares\/"}]}},"_links":{"self":[{"href":"https:\/\/poesiaerestu.com\/revista\/wp-json\/wp\/v2\/posts\/10662","targetHints":{"allow":["GET"]}}],"collection":[{"href":"https:\/\/poesiaerestu.com\/revista\/wp-json\/wp\/v2\/posts"}],"about":[{"href":"https:\/\/poesiaerestu.com\/revista\/wp-json\/wp\/v2\/types\/post"}],"author":[{"embeddable":true,"href":"https:\/\/poesiaerestu.com\/revista\/wp-json\/wp\/v2\/users\/1001006"}],"replies":[{"embeddable":true,"href":"https:\/\/poesiaerestu.com\/revista\/wp-json\/wp\/v2\/comments?post=10662"}],"version-history":[{"count":1,"href":"https:\/\/poesiaerestu.com\/revista\/wp-json\/wp\/v2\/posts\/10662\/revisions"}],"predecessor-version":[{"id":10667,"href":"https:\/\/poesiaerestu.com\/revista\/wp-json\/wp\/v2\/posts\/10662\/revisions\/10667"}],"wp:featuredmedia":[{"embeddable":true,"href":"https:\/\/poesiaerestu.com\/revista\/wp-json\/wp\/v2\/media\/10666"}],"wp:attachment":[{"href":"https:\/\/poesiaerestu.com\/revista\/wp-json\/wp\/v2\/media?parent=10662"}],"wp:term":[{"taxonomy":"category","embeddable":true,"href":"https:\/\/poesiaerestu.com\/revista\/wp-json\/wp\/v2\/categories?post=10662"},{"taxonomy":"post_tag","embeddable":true,"href":"https:\/\/poesiaerestu.com\/revista\/wp-json\/wp\/v2\/tags?post=10662"}],"curies":[{"name":"wp","href":"https:\/\/api.w.org\/{rel}","templated":true}]}}