{"id":10473,"date":"2026-03-16T08:46:14","date_gmt":"2026-03-16T07:46:14","guid":{"rendered":"https:\/\/poesiaerestu.com\/revista\/?p=10473"},"modified":"2026-03-16T08:46:14","modified_gmt":"2026-03-16T07:46:14","slug":"ediciones-rilke-presenta-la-muerte-siempre-nos-deja-con-algo-por-hacer-de-fernando-barbero-carrasco","status":"publish","type":"post","link":"https:\/\/poesiaerestu.com\/revista\/ediciones-rilke-presenta-la-muerte-siempre-nos-deja-con-algo-por-hacer-de-fernando-barbero-carrasco\/","title":{"rendered":"Ediciones Rilke presenta La muerte siempre nos deja con algo por hacer, de Fernando Barbero Carrasco"},"content":{"rendered":"<p class=\"my-2 [&amp;+p]:mt-4 [&amp;_strong:has(+br)]:inline-block [&amp;_strong:has(+br)]:pb-2\"><img data-dominant-color=\"788584\" data-has-transparency=\"false\" style=\"--dominant-color: #788584;\" loading=\"lazy\" decoding=\"async\" src=\"https:\/\/poesiaerestu.com\/revista\/wp-content\/uploads\/2026\/03\/WhatsApp-Image-2026-03-15-at-21.31.34.webp\" height=\"1600\" width=\"1600\" class=\"aligncenter size-full wp-image-10474 not-transparent\" alt=\"Presentaci\u00f3n del poemario &quot;La Muerte Siempre Nos Deja Con Algo Por Hacer&quot; de Fernando Barbero Carras.\" srcset=\"https:\/\/poesiaerestu.com\/revista\/wp-content\/uploads\/2026\/03\/WhatsApp-Image-2026-03-15-at-21.31.34.webp 1024w, https:\/\/poesiaerestu.com\/revista\/wp-content\/uploads\/2026\/03\/WhatsApp-Image-2026-03-15-at-21.31.34-300x300.webp 300w, https:\/\/poesiaerestu.com\/revista\/wp-content\/uploads\/2026\/03\/WhatsApp-Image-2026-03-15-at-21.31.34-150x150.webp 150w, https:\/\/poesiaerestu.com\/revista\/wp-content\/uploads\/2026\/03\/WhatsApp-Image-2026-03-15-at-21.31.34-600x600.webp 600w, https:\/\/poesiaerestu.com\/revista\/wp-content\/uploads\/2026\/03\/WhatsApp-Image-2026-03-15-at-21.31.34-768x768.webp 768w, https:\/\/poesiaerestu.com\/revista\/wp-content\/uploads\/2026\/03\/WhatsApp-Image-2026-03-15-at-21.31.34-60x60.webp 60w\" sizes=\"auto, (max-width: 1600px) 100vw, 1600px\" \/> <\/p>\n<p class=\"my-2 [&amp;+p]:mt-4 [&amp;_strong:has(+br)]:inline-block [&amp;_strong:has(+br)]:pb-2\"><strong>Ediciones Rilke presenta el pr\u00f3ximo jueves 26 de marzo de 2026, a las 19:00 horas, el poemario\u00a0<em>La muerte siempre nos deja con algo por hacer<\/em>, de Fernando Barbero Carrasco. El acto tendr\u00e1 lugar en el Bar \u00c1msterdam, en la calle San Diego, 15 de Alcal\u00e1 de Henares, con entrada libre y la participaci\u00f3n del propio autor junto al escritor Mat\u00edas Escalera Cordero.<\/strong><span class=\"citation-nbsp\"><\/span><span class=\"inline-flex\" aria-label=\"WhatsApp-Image-2026-03-15-at-21.31.34.jpg\" data-state=\"closed\"><span class=\"citation inline\" data-pplx-citation=\"\" data-pplx-citation-url=\"https:\/\/ppl-ai-file-upload.s3.amazonaws.com\/web\/direct-files\/attachments\/images\/64344\/da9b63f7-9856-40e8-9878-12c7375e99e8\/WhatsApp-Image-2026-03-15-at-21.31.34.jpg\" rel=\"nofollow noopener\"><\/span>\u200b<\/span><\/p>\n<p class=\"my-2 [&amp;+p]:mt-4 [&amp;_strong:has(+br)]:inline-block [&amp;_strong:has(+br)]:pb-2\">Fernando Barbero Carrasco, poeta nacido en Vallecas en 1949 y afincado desde hace a\u00f1os en Alcal\u00e1 de Henares, entrega con este libro un balance vital que cruza lo \u00edntimo y lo pol\u00edtico sin renunciar a ninguno de los dos. El poemario se articula en torno a la memoria personal y colectiva, el viaje como espacio de descubrimiento, la monta\u00f1a como lugar de libertad y el compromiso social, todo ello escrito desde un lenguaje directo, eficaz y cargado de im\u00e1genes que no ceden al ornamento gratuito. Barbero escribe desde la experiencia de quien vivi\u00f3 el franquismo en la piel, que descubri\u00f3 a Miguel Hern\u00e1ndez de contrabando y que crey\u00f3, de verdad, que el mundo pod\u00eda cambiar. En sus versos conviven el amor, el viaje con la textura de la piedra bas\u00e1ltica de Madeira o el sonido del fado en Lisboa, y una rabia pol\u00edtica que no se disfraza de otra cosa.<span class=\"citation-nbsp\"><\/span><span class=\"group\/trigger inline-flex min-w-0\" data-state=\"closed\"><span class=\"citation inline\"><\/span><\/span><\/p>\n<p class=\"my-2 [&amp;+p]:mt-4 [&amp;_strong:has(+br)]:inline-block [&amp;_strong:has(+br)]:pb-2\">El acto contar\u00e1 con la voz de Mat\u00edas Escalera Cordero, escritor madrile\u00f1o nacido en 1956, narrador, poeta y ensayista de pensamiento cr\u00edtico cuya obra ha sido traducida a varios idiomas e incluida en numerosas antolog\u00edas. Su presencia garantiza un di\u00e1logo a la altura de un libro que no busca la comodidad del lector, sino su complicidad.<span class=\"citation-nbsp\"><\/span><span class=\"group\/trigger inline-flex min-w-0\" data-state=\"closed\"><span class=\"citation inline\"><\/span><\/span><span class=\"citation-nbsp\"><\/span><span class=\"inline-flex\" aria-label=\"WhatsApp-Image-2026-03-15-at-21.31.34.jpg\" data-state=\"closed\"><span class=\"citation inline\" data-pplx-citation=\"\" data-pplx-citation-url=\"https:\/\/ppl-ai-file-upload.s3.amazonaws.com\/web\/direct-files\/attachments\/images\/64344\/da9b63f7-9856-40e8-9878-12c7375e99e8\/WhatsApp-Image-2026-03-15-at-21.31.34.jpg\" rel=\"nofollow noopener\"><\/span>\u200b<\/span><\/p>\n<p class=\"my-2 [&amp;+p]:mt-4 [&amp;_strong:has(+br)]:inline-block [&amp;_strong:has(+br)]:pb-2\"><em>La muerte siempre nos deja con algo por hacer<\/em><span>\u00a0<\/span>est\u00e1 disponible a trav\u00e9s de Ediciones Rilke, un t\u00edtulo para quienes todav\u00eda creen que la poes\u00eda puede ser, al mismo tiempo, memoria, trinchera y abrazo.<span class=\"citation-nbsp\"><\/span><span class=\"inline-flex\" aria-label=\"Fernando Barbero o el arte de vivir con los ojos abiertos\" data-state=\"closed\"><span class=\"citation inline\" data-pplx-citation=\"\" data-pplx-citation-url=\"https:\/\/elrincondeloslibros.com\/la-muerte-siempre-nos-deja-con-algo-por-hacer-de-fernando-barbero-carrasco-la-poesia-como-tarea-inconclusa-fernando-barbero-o-el-arte-de-vivir-con-los-ojos-abiertos\/\" rel=\"nofollow noopener\"><\/span>\u200b<\/span><\/p>\n","protected":false},"excerpt":{"rendered":"<p>Ediciones Rilke presenta el poemario La muerte siempre nos deja con algo por hacer, de Fernando Barbero Carrasco, el jueves 26 de marzo de 2026, en el Bar \u00c1msterdam de Alcal\u00e1 de Henares, con la participaci\u00f3n del escritor Mat\u00edas Escalera Cordero.<\/p>\n","protected":false},"author":1001005,"featured_media":10474,"comment_status":"closed","ping_status":"closed","sticky":false,"template":"","format":"standard","meta":{"footnotes":"","_links_to":"","_links_to_target":""},"categories":[5],"tags":[],"class_list":["post-10473","post","type-post","status-publish","format-standard","has-post-thumbnail","hentry","category-noticias"],"yoast_head":"<!-- This site is optimized with the Yoast SEO Premium plugin v24.7 (Yoast SEO v27.5) - https:\/\/yoast.com\/product\/yoast-seo-premium-wordpress\/ -->\n<title>Ediciones Rilke presenta La muerte siempre nos deja con algo por hacer, de Fernando Barbero Carrasco - Poes\u00ed\u00ada eres t\u00fa (revista)<\/title>\n<meta name=\"description\" content=\"Ediciones Rilke presenta el poemario de Fernando Barbero Carrasco el 26 de marzo en Alcal\u00e1 de Henares, con Mat\u00edas Escalera Cordero. Poes\u00eda, memoria y compromiso.\" \/>\n<meta name=\"robots\" content=\"index, follow, max-snippet:-1, max-image-preview:large, max-video-preview:-1\" \/>\n<link rel=\"canonical\" href=\"https:\/\/poesiaerestu.com\/revista\/ediciones-rilke-presenta-la-muerte-siempre-nos-deja-con-algo-por-hacer-de-fernando-barbero-carrasco\/\" \/>\n<meta name=\"twitter:label1\" content=\"Written by\" \/>\n\t<meta name=\"twitter:data1\" content=\"Javier P\u00e9rez-Ayala\" \/>\n\t<meta name=\"twitter:label2\" content=\"Est. reading time\" \/>\n\t<meta name=\"twitter:data2\" content=\"2 minutes\" \/>\n<script type=\"application\/ld+json\" class=\"yoast-schema-graph\">{\"@context\":\"https:\\\/\\\/schema.org\",\"@graph\":[{\"@type\":\"Article\",\"@id\":\"https:\\\/\\\/poesiaerestu.com\\\/revista\\\/ediciones-rilke-presenta-la-muerte-siempre-nos-deja-con-algo-por-hacer-de-fernando-barbero-carrasco\\\/#article\",\"isPartOf\":{\"@id\":\"https:\\\/\\\/poesiaerestu.com\\\/revista\\\/ediciones-rilke-presenta-la-muerte-siempre-nos-deja-con-algo-por-hacer-de-fernando-barbero-carrasco\\\/\"},\"author\":{\"name\":\"Javier P\u00e9rez-Ayala\",\"@id\":\"https:\\\/\\\/poesiaerestu.com\\\/revista\\\/#\\\/schema\\\/person\\\/7a199c452e2a4ee3390efb556a840bcb\"},\"headline\":\"Ediciones Rilke presenta La muerte siempre nos deja con algo por hacer, de Fernando Barbero Carrasco\",\"datePublished\":\"2026-03-16T07:46:14+00:00\",\"mainEntityOfPage\":{\"@id\":\"https:\\\/\\\/poesiaerestu.com\\\/revista\\\/ediciones-rilke-presenta-la-muerte-siempre-nos-deja-con-algo-por-hacer-de-fernando-barbero-carrasco\\\/\"},\"wordCount\":333,\"image\":{\"@id\":\"https:\\\/\\\/poesiaerestu.com\\\/revista\\\/ediciones-rilke-presenta-la-muerte-siempre-nos-deja-con-algo-por-hacer-de-fernando-barbero-carrasco\\\/#primaryimage\"},\"thumbnailUrl\":\"https:\\\/\\\/poesiaerestu.com\\\/revista\\\/wp-content\\\/uploads\\\/2026\\\/03\\\/WhatsApp-Image-2026-03-15-at-21.31.34.webp\",\"articleSection\":[\"Noticias\"],\"inLanguage\":\"en-US\",\"copyrightYear\":\"2026\",\"copyrightHolder\":{\"@id\":\"https:\\\/\\\/poesiaerestu.com\\\/revista\\\/#organization\"}},{\"@type\":\"WebPage\",\"@id\":\"https:\\\/\\\/poesiaerestu.com\\\/revista\\\/ediciones-rilke-presenta-la-muerte-siempre-nos-deja-con-algo-por-hacer-de-fernando-barbero-carrasco\\\/\",\"url\":\"https:\\\/\\\/poesiaerestu.com\\\/revista\\\/ediciones-rilke-presenta-la-muerte-siempre-nos-deja-con-algo-por-hacer-de-fernando-barbero-carrasco\\\/\",\"name\":\"Ediciones Rilke presenta La muerte siempre nos deja con algo por hacer, de Fernando Barbero Carrasco - Poes\u00ed\u00ada eres t\u00fa (revista)\",\"isPartOf\":{\"@id\":\"https:\\\/\\\/poesiaerestu.com\\\/revista\\\/#website\"},\"primaryImageOfPage\":{\"@id\":\"https:\\\/\\\/poesiaerestu.com\\\/revista\\\/ediciones-rilke-presenta-la-muerte-siempre-nos-deja-con-algo-por-hacer-de-fernando-barbero-carrasco\\\/#primaryimage\"},\"image\":{\"@id\":\"https:\\\/\\\/poesiaerestu.com\\\/revista\\\/ediciones-rilke-presenta-la-muerte-siempre-nos-deja-con-algo-por-hacer-de-fernando-barbero-carrasco\\\/#primaryimage\"},\"thumbnailUrl\":\"https:\\\/\\\/poesiaerestu.com\\\/revista\\\/wp-content\\\/uploads\\\/2026\\\/03\\\/WhatsApp-Image-2026-03-15-at-21.31.34.webp\",\"datePublished\":\"2026-03-16T07:46:14+00:00\",\"author\":{\"@id\":\"https:\\\/\\\/poesiaerestu.com\\\/revista\\\/#\\\/schema\\\/person\\\/7a199c452e2a4ee3390efb556a840bcb\"},\"description\":\"Ediciones Rilke presenta el poemario de Fernando Barbero Carrasco el 26 de marzo en Alcal\u00e1 de Henares, con Mat\u00edas Escalera Cordero. Poes\u00eda, memoria y compromiso.\",\"breadcrumb\":{\"@id\":\"https:\\\/\\\/poesiaerestu.com\\\/revista\\\/ediciones-rilke-presenta-la-muerte-siempre-nos-deja-con-algo-por-hacer-de-fernando-barbero-carrasco\\\/#breadcrumb\"},\"inLanguage\":\"en-US\",\"potentialAction\":[{\"@type\":\"ReadAction\",\"target\":[\"https:\\\/\\\/poesiaerestu.com\\\/revista\\\/ediciones-rilke-presenta-la-muerte-siempre-nos-deja-con-algo-por-hacer-de-fernando-barbero-carrasco\\\/\"]}]},{\"@type\":\"ImageObject\",\"inLanguage\":\"en-US\",\"@id\":\"https:\\\/\\\/poesiaerestu.com\\\/revista\\\/ediciones-rilke-presenta-la-muerte-siempre-nos-deja-con-algo-por-hacer-de-fernando-barbero-carrasco\\\/#primaryimage\",\"url\":\"https:\\\/\\\/poesiaerestu.com\\\/revista\\\/wp-content\\\/uploads\\\/2026\\\/03\\\/WhatsApp-Image-2026-03-15-at-21.31.34.webp\",\"contentUrl\":\"https:\\\/\\\/poesiaerestu.com\\\/revista\\\/wp-content\\\/uploads\\\/2026\\\/03\\\/WhatsApp-Image-2026-03-15-at-21.31.34.webp\",\"width\":1024,\"height\":1024,\"caption\":\"La presentaci\u00f3n del poemario \\\"La Muerte Siempre Nos Deja Con Algo Por Hacer\\\" de Fernando Barbero Carrasco en Bar \u00c1msterdam, Alcal\u00e1 de Henares.\"},{\"@type\":\"BreadcrumbList\",\"@id\":\"https:\\\/\\\/poesiaerestu.com\\\/revista\\\/ediciones-rilke-presenta-la-muerte-siempre-nos-deja-con-algo-por-hacer-de-fernando-barbero-carrasco\\\/#breadcrumb\",\"itemListElement\":[{\"@type\":\"ListItem\",\"position\":1,\"name\":\"Home\",\"item\":\"https:\\\/\\\/poesiaerestu.com\\\/revista\\\/\"},{\"@type\":\"ListItem\",\"position\":2,\"name\":\"Ediciones Rilke presenta La muerte siempre nos deja con algo por hacer, de Fernando Barbero Carrasco\"}]},{\"@type\":\"WebSite\",\"@id\":\"https:\\\/\\\/poesiaerestu.com\\\/revista\\\/#website\",\"url\":\"https:\\\/\\\/poesiaerestu.com\\\/revista\\\/\",\"name\":\"Poes\u00ed\u00ada eres t\u00fa (revista)\",\"description\":\"Revista de poes\u00eda y literatura\",\"potentialAction\":[{\"@type\":\"SearchAction\",\"target\":{\"@type\":\"EntryPoint\",\"urlTemplate\":\"https:\\\/\\\/poesiaerestu.com\\\/revista\\\/?s={search_term_string}\"},\"query-input\":{\"@type\":\"PropertyValueSpecification\",\"valueRequired\":true,\"valueName\":\"search_term_string\"}}],\"inLanguage\":\"en-US\"},{\"@type\":\"Person\",\"@id\":\"https:\\\/\\\/poesiaerestu.com\\\/revista\\\/#\\\/schema\\\/person\\\/7a199c452e2a4ee3390efb556a840bcb\",\"name\":\"Javier P\u00e9rez-Ayala\",\"image\":{\"@type\":\"ImageObject\",\"inLanguage\":\"en-US\",\"@id\":\"https:\\\/\\\/secure.gravatar.com\\\/avatar\\\/5b0972dd713008312099119b74945bc44bc4d969861adada93282427336a2cfb?s=96&d=mm&r=g\",\"url\":\"https:\\\/\\\/secure.gravatar.com\\\/avatar\\\/5b0972dd713008312099119b74945bc44bc4d969861adada93282427336a2cfb?s=96&d=mm&r=g\",\"contentUrl\":\"https:\\\/\\\/secure.gravatar.com\\\/avatar\\\/5b0972dd713008312099119b74945bc44bc4d969861adada93282427336a2cfb?s=96&d=mm&r=g\",\"caption\":\"Javier P\u00e9rez-Ayala\"},\"url\":\"https:\\\/\\\/poesiaerestu.com\\\/revista\\\/author\\\/javier-perez-ayala\\\/\"}]}<\/script>\n<!-- \/ Yoast SEO Premium plugin. -->","yoast_head_json":{"title":"Ediciones Rilke presenta La muerte siempre nos deja con algo por hacer, de Fernando Barbero Carrasco - Poes\u00ed\u00ada eres t\u00fa (revista)","description":"Ediciones Rilke presenta el poemario de Fernando Barbero Carrasco el 26 de marzo en Alcal\u00e1 de Henares, con Mat\u00edas Escalera Cordero. Poes\u00eda, memoria y compromiso.","robots":{"index":"index","follow":"follow","max-snippet":"max-snippet:-1","max-image-preview":"max-image-preview:large","max-video-preview":"max-video-preview:-1"},"canonical":"https:\/\/poesiaerestu.com\/revista\/ediciones-rilke-presenta-la-muerte-siempre-nos-deja-con-algo-por-hacer-de-fernando-barbero-carrasco\/","twitter_misc":{"Written by":"Javier P\u00e9rez-Ayala","Est. reading time":"2 minutes"},"schema":{"@context":"https:\/\/schema.org","@graph":[{"@type":"Article","@id":"https:\/\/poesiaerestu.com\/revista\/ediciones-rilke-presenta-la-muerte-siempre-nos-deja-con-algo-por-hacer-de-fernando-barbero-carrasco\/#article","isPartOf":{"@id":"https:\/\/poesiaerestu.com\/revista\/ediciones-rilke-presenta-la-muerte-siempre-nos-deja-con-algo-por-hacer-de-fernando-barbero-carrasco\/"},"author":{"name":"Javier P\u00e9rez-Ayala","@id":"https:\/\/poesiaerestu.com\/revista\/#\/schema\/person\/7a199c452e2a4ee3390efb556a840bcb"},"headline":"Ediciones Rilke presenta La muerte siempre nos deja con algo por hacer, de Fernando Barbero Carrasco","datePublished":"2026-03-16T07:46:14+00:00","mainEntityOfPage":{"@id":"https:\/\/poesiaerestu.com\/revista\/ediciones-rilke-presenta-la-muerte-siempre-nos-deja-con-algo-por-hacer-de-fernando-barbero-carrasco\/"},"wordCount":333,"image":{"@id":"https:\/\/poesiaerestu.com\/revista\/ediciones-rilke-presenta-la-muerte-siempre-nos-deja-con-algo-por-hacer-de-fernando-barbero-carrasco\/#primaryimage"},"thumbnailUrl":"https:\/\/poesiaerestu.com\/revista\/wp-content\/uploads\/2026\/03\/WhatsApp-Image-2026-03-15-at-21.31.34.webp","articleSection":["Noticias"],"inLanguage":"en-US","copyrightYear":"2026","copyrightHolder":{"@id":"https:\/\/poesiaerestu.com\/revista\/#organization"}},{"@type":"WebPage","@id":"https:\/\/poesiaerestu.com\/revista\/ediciones-rilke-presenta-la-muerte-siempre-nos-deja-con-algo-por-hacer-de-fernando-barbero-carrasco\/","url":"https:\/\/poesiaerestu.com\/revista\/ediciones-rilke-presenta-la-muerte-siempre-nos-deja-con-algo-por-hacer-de-fernando-barbero-carrasco\/","name":"Ediciones Rilke presenta La muerte siempre nos deja con algo por hacer, de Fernando Barbero Carrasco - Poes\u00ed\u00ada eres t\u00fa (revista)","isPartOf":{"@id":"https:\/\/poesiaerestu.com\/revista\/#website"},"primaryImageOfPage":{"@id":"https:\/\/poesiaerestu.com\/revista\/ediciones-rilke-presenta-la-muerte-siempre-nos-deja-con-algo-por-hacer-de-fernando-barbero-carrasco\/#primaryimage"},"image":{"@id":"https:\/\/poesiaerestu.com\/revista\/ediciones-rilke-presenta-la-muerte-siempre-nos-deja-con-algo-por-hacer-de-fernando-barbero-carrasco\/#primaryimage"},"thumbnailUrl":"https:\/\/poesiaerestu.com\/revista\/wp-content\/uploads\/2026\/03\/WhatsApp-Image-2026-03-15-at-21.31.34.webp","datePublished":"2026-03-16T07:46:14+00:00","author":{"@id":"https:\/\/poesiaerestu.com\/revista\/#\/schema\/person\/7a199c452e2a4ee3390efb556a840bcb"},"description":"Ediciones Rilke presenta el poemario de Fernando Barbero Carrasco el 26 de marzo en Alcal\u00e1 de Henares, con Mat\u00edas Escalera Cordero. Poes\u00eda, memoria y compromiso.","breadcrumb":{"@id":"https:\/\/poesiaerestu.com\/revista\/ediciones-rilke-presenta-la-muerte-siempre-nos-deja-con-algo-por-hacer-de-fernando-barbero-carrasco\/#breadcrumb"},"inLanguage":"en-US","potentialAction":[{"@type":"ReadAction","target":["https:\/\/poesiaerestu.com\/revista\/ediciones-rilke-presenta-la-muerte-siempre-nos-deja-con-algo-por-hacer-de-fernando-barbero-carrasco\/"]}]},{"@type":"ImageObject","inLanguage":"en-US","@id":"https:\/\/poesiaerestu.com\/revista\/ediciones-rilke-presenta-la-muerte-siempre-nos-deja-con-algo-por-hacer-de-fernando-barbero-carrasco\/#primaryimage","url":"https:\/\/poesiaerestu.com\/revista\/wp-content\/uploads\/2026\/03\/WhatsApp-Image-2026-03-15-at-21.31.34.webp","contentUrl":"https:\/\/poesiaerestu.com\/revista\/wp-content\/uploads\/2026\/03\/WhatsApp-Image-2026-03-15-at-21.31.34.webp","width":1024,"height":1024,"caption":"La presentaci\u00f3n del poemario \"La Muerte Siempre Nos Deja Con Algo Por Hacer\" de Fernando Barbero Carrasco en Bar \u00c1msterdam, Alcal\u00e1 de Henares."},{"@type":"BreadcrumbList","@id":"https:\/\/poesiaerestu.com\/revista\/ediciones-rilke-presenta-la-muerte-siempre-nos-deja-con-algo-por-hacer-de-fernando-barbero-carrasco\/#breadcrumb","itemListElement":[{"@type":"ListItem","position":1,"name":"Home","item":"https:\/\/poesiaerestu.com\/revista\/"},{"@type":"ListItem","position":2,"name":"Ediciones Rilke presenta La muerte siempre nos deja con algo por hacer, de Fernando Barbero Carrasco"}]},{"@type":"WebSite","@id":"https:\/\/poesiaerestu.com\/revista\/#website","url":"https:\/\/poesiaerestu.com\/revista\/","name":"Poes\u00ed\u00ada eres t\u00fa (revista)","description":"Revista de poes\u00eda y literatura","potentialAction":[{"@type":"SearchAction","target":{"@type":"EntryPoint","urlTemplate":"https:\/\/poesiaerestu.com\/revista\/?s={search_term_string}"},"query-input":{"@type":"PropertyValueSpecification","valueRequired":true,"valueName":"search_term_string"}}],"inLanguage":"en-US"},{"@type":"Person","@id":"https:\/\/poesiaerestu.com\/revista\/#\/schema\/person\/7a199c452e2a4ee3390efb556a840bcb","name":"Javier P\u00e9rez-Ayala","image":{"@type":"ImageObject","inLanguage":"en-US","@id":"https:\/\/secure.gravatar.com\/avatar\/5b0972dd713008312099119b74945bc44bc4d969861adada93282427336a2cfb?s=96&d=mm&r=g","url":"https:\/\/secure.gravatar.com\/avatar\/5b0972dd713008312099119b74945bc44bc4d969861adada93282427336a2cfb?s=96&d=mm&r=g","contentUrl":"https:\/\/secure.gravatar.com\/avatar\/5b0972dd713008312099119b74945bc44bc4d969861adada93282427336a2cfb?s=96&d=mm&r=g","caption":"Javier P\u00e9rez-Ayala"},"url":"https:\/\/poesiaerestu.com\/revista\/author\/javier-perez-ayala\/"}]}},"_links":{"self":[{"href":"https:\/\/poesiaerestu.com\/revista\/wp-json\/wp\/v2\/posts\/10473","targetHints":{"allow":["GET"]}}],"collection":[{"href":"https:\/\/poesiaerestu.com\/revista\/wp-json\/wp\/v2\/posts"}],"about":[{"href":"https:\/\/poesiaerestu.com\/revista\/wp-json\/wp\/v2\/types\/post"}],"author":[{"embeddable":true,"href":"https:\/\/poesiaerestu.com\/revista\/wp-json\/wp\/v2\/users\/1001005"}],"replies":[{"embeddable":true,"href":"https:\/\/poesiaerestu.com\/revista\/wp-json\/wp\/v2\/comments?post=10473"}],"version-history":[{"count":1,"href":"https:\/\/poesiaerestu.com\/revista\/wp-json\/wp\/v2\/posts\/10473\/revisions"}],"predecessor-version":[{"id":10475,"href":"https:\/\/poesiaerestu.com\/revista\/wp-json\/wp\/v2\/posts\/10473\/revisions\/10475"}],"wp:featuredmedia":[{"embeddable":true,"href":"https:\/\/poesiaerestu.com\/revista\/wp-json\/wp\/v2\/media\/10474"}],"wp:attachment":[{"href":"https:\/\/poesiaerestu.com\/revista\/wp-json\/wp\/v2\/media?parent=10473"}],"wp:term":[{"taxonomy":"category","embeddable":true,"href":"https:\/\/poesiaerestu.com\/revista\/wp-json\/wp\/v2\/categories?post=10473"},{"taxonomy":"post_tag","embeddable":true,"href":"https:\/\/poesiaerestu.com\/revista\/wp-json\/wp\/v2\/tags?post=10473"}],"curies":[{"name":"wp","href":"https:\/\/api.w.org\/{rel}","templated":true}]}}