{"id":1042,"date":"2012-09-03T17:44:41","date_gmt":"2012-09-03T15:44:41","guid":{"rendered":"http:\/\/www.poesiaerestu.com\/revista\/?p=1042"},"modified":"2012-09-03T17:44:41","modified_gmt":"2012-09-03T15:44:41","slug":"antonio-gil-de-zuniga-la-palabra-es-el-cimiento-del-dialogo-y-sin-dialogo-no-hay-una-sociedad-justa-y-en-paz","status":"publish","type":"post","link":"https:\/\/poesiaerestu.com\/revista\/antonio-gil-de-zuniga-la-palabra-es-el-cimiento-del-dialogo-y-sin-dialogo-no-hay-una-sociedad-justa-y-en-paz\/","title":{"rendered":"Antonio Gil de Z\u00fa\u00f1iga: \u201cLa palabra es el cimiento del di\u00e1logo y sin di\u00e1logo no hay una sociedad justa y en paz.\u201d"},"content":{"rendered":"<p><a ref=\"magnificPopup\" href=\"https:\/\/poesiaerestu.com\/revista\/wp-content\/uploads\/2012\/09\/Imagen.jpg\"><img loading=\"lazy\" decoding=\"async\" class=\"alignleft size-medium wp-image-1043\" title=\"Antonio Gil de Zu\u00f1iga\" src=\"https:\/\/spcdn.shortpixel.ai\/spio\/ret_img,q_cdnize,to_auto,s_webp:avif\/poesiaerestu.com\/revista\/wp-content\/uploads\/2012\/09\/Imagen-214x300.jpg\" alt=\"\" width=\"214\" height=\"300\" srcset=\"https:\/\/spcdn.shortpixel.ai\/spio\/ret_img,q_cdnize,to_auto,s_webp:avif\/poesiaerestu.com\/revista\/wp-content\/uploads\/2012\/09\/Imagen-214x300.jpg 214w, https:\/\/spcdn.shortpixel.ai\/spio\/ret_img,q_cdnize,to_auto,s_webp:avif\/poesiaerestu.com\/revista\/wp-content\/uploads\/2012\/09\/Imagen-43x60.jpg 43w, https:\/\/spcdn.shortpixel.ai\/spio\/ret_img,q_cdnize,to_auto,s_webp:avif\/poesiaerestu.com\/revista\/wp-content\/uploads\/2012\/09\/Imagen.jpg 240w\" sizes=\"auto, (max-width: 214px) 100vw, 214px\" \/><\/a>Antonio Gil de Z\u00fa\u00f1iga y Mu\u00f1oz con su poemario <em>Palabras para este tiempo<\/em> pretende que el lector bucee en su interior y analice las dis\u00edmiles cuestiones que todo ser humano se plantea a lo largo de la vida sin dejar por ello de lado las vicisitudes que acontecen a nuestro alrededor. Para ello utiliza una cuidada l\u00edrica as\u00ed como numerosas figuras literarias.<\/p>\n<p>&nbsp;<\/p>\n<p><strong>\u00a0<\/strong><\/p>\n<p>1\u00aa) Usted es Doctor en Filosof\u00eda y licenciado en Teolog\u00eda. \u00bfSe ha sentido influenciado a la hora de escribir este poemario entre la fe y la raz\u00f3n?<\/p>\n<p>&nbsp;<\/p>\n<p>A\u00f1adir\u00eda a este binomio un tercer elemento: la \u00e9tica. Considero que la fe (la creencia), la raz\u00f3n y la \u00e9tica son los tres pilares \u00f3nticos del ser humano y vienen a ser la espina dorsal de mi poemario en un modesto intento de reivindicarlas ante tanto desprestigio hist\u00f3rico.<\/p>\n<p>2\u00aa) <em>Palabras para este tiempo<\/em> es su tercera obra publicada. \u00bfQu\u00e9 pretende transmitirle al lector con este t\u00edtulo?<\/p>\n<p>&nbsp;<\/p>\n<p>El valor de la palabra. Es cierto que para los ling\u00fcistas uno de los componentes del lenguaje humano es la \u201cperversidad\u201d, es decir, con la palabra se puede defraudar y enga\u00f1ar. Es un riesgo inevitable, pero la palabra es uno de los factores b\u00e1sicos (otro es la cocina) en la evoluci\u00f3n del hom\u00ednido al homo sapiens. La palabra es el cimiento del di\u00e1logo y sin di\u00e1logo no hay una sociedad justa y en paz.<\/p>\n<p>3\u00aa) En este libro podemos encontrar poes\u00eda l\u00edrica y de denuncia. \u00bfCu\u00e1l de los dos g\u00e9neros cree que puede llegar m\u00e1s al ciudadano de a pie?<\/p>\n<p>&nbsp;<\/p>\n<p>Ambas las considero necesarias e imprescindibles. Para el fil\u00f3sofo alem\u00e1n TW. Adorno no se pod\u00eda escribir poes\u00eda despu\u00e9s de Auschwitz (aunque luego lo matiz\u00f3). En estos tiempos de \u201cpenuria\u201d, como denunciaba en su d\u00eda H\u00f6lderlin, causada no s\u00f3lo por una econom\u00eda depredadora, sino tambi\u00e9n por la marginaci\u00f3n de actitudes radicalmente humanas, es imprescindible la palabra po\u00e9tica, tanto la l\u00edrica que evoca las \u201cgaler\u00edas del alma\u201d como la que pone en evidencia la insolidaridad y los ataques violentos a la \u00e9tica. No hay que olvidar la definici\u00f3n machadiana de poes\u00eda como palabra esencial en el tiempo. El ciudadano, pues, de hoy posee unas sensibilidades muy acusadas para los dos g\u00e9neros po\u00e9ticos; la denuncia, tal vez, avanza ahora a pasos agigantados por la facilidad globalizadora de las redes sociales. Otra cosa es que la poes\u00eda en s\u00ed sea una preocupaci\u00f3n lectora y, por lo tanto, una \u201carma cargada de futuro\u201d.<\/p>\n<p>4\u00aa) En su poemario hay varios poemas que nos recuerdan a Antonio Machado. \u00bfSus versos de <em>Proverbios, cantares y di\u00e1logos<\/em> tienen algo que ver con los <em>Proverbios y Cantares<\/em> incluidos en <em>Campos de Castilla<\/em> del citado poeta andaluz?<\/p>\n<p>&nbsp;<\/p>\n<p>Antonio Machado es la presencia m\u00e1s acusada de todo el poemario. No s\u00f3lo en <em>Proverbios, cantares y di\u00e1logos <\/em>o en el soneto <em>Collioure <\/em>o en el romance <em>Granada <\/em>o en el poema p\u00f3rtico <em>Huellas&#8230; <\/em>hay una referencia directa, sino en todos el poemario en cuanto a la sobriedad expresiva, sobre todo. Hay otras \u201cpresencias\u201d entra\u00f1ables como la de Blas de Otero, Garc\u00eda Lorca o la del poeta extreme\u00f1o Luis Chamizo con el desbordante lirismo de su <em>El miaj\u00f3n de los cast\u00faos<\/em>; una de mis lecturas de adolescente.<em> <\/em><\/p>\n<p>&nbsp;<\/p>\n<p>5\u00ba) Sus anteriores obras editadas son ensayos. \u00bfEs quiz\u00e1s <em>Palabras para este tiempo<\/em>, su primer libro de poes\u00eda?<\/p>\n<p>&nbsp;<\/p>\n<p>No puedo \u201cpresumir\u201d que ya de ni\u00f1o compon\u00eda versos. Las musas me han visitado, y es una visita agradable y placentera, en la vejez. Espero y anhelo que no me dejen en la estacada y lo sigan haciendo tambi\u00e9n en lo sucesivo, para que este libro de poemas no sea el primero y el \u00faltimo.<\/p>\n<p>&nbsp;<\/p>\n<p>6\u00aa) \u00bfD\u00f3nde se siente m\u00e1s c\u00f3modo a la hora de escribir, en el g\u00e9nero po\u00e9tico o en el narrativo?<\/p>\n<p>&nbsp;<\/p>\n<p>Perm\u00edtame una an\u00e9cdota. Hace unos a\u00f1os, en una de mis visitas al menor de mis hijos, profesor en la Universidad de Austin, Texas, \u00e9ste me hab\u00eda organizado un viaje a Hawai. All\u00ed, en aquel entorno ed\u00e9nico, de naturaleza exuberante, inici\u00e9 una novela con un arranque narrativo muy similar al de <em>Cien a\u00f1os de soledad.<\/em> Ni qu\u00e9 decir tiene que escrib\u00ed un par de folios y ah\u00ed est\u00e1n. No s\u00e9 si alg\u00fan d\u00eda los rescatar\u00e9 del Dropbox del ordenador, donde reposan y no s\u00e9 si con cierta ansiedad de una espera interminable.<\/p>\n<p>&nbsp;<\/p>\n<p>7\u00aa) Usted es catedr\u00e1tico jubilado en Filolog\u00eda Hisp\u00e1nica. \u00bfComparte la teor\u00eda de muchos fil\u00f3logos que aseguran que el lenguaje es m\u00e1s importante para la poes\u00eda, tal vez por encima del sentimiento?<\/p>\n<p>&nbsp;<\/p>\n<p>Siempre que hay un binomio se puede magnificar uno de sus elementos en perjuicio del otro. En el lenguaje po\u00e9tico se ha exagerado con frecuencia, a mi modo de ver, el elemento expresivo con sus artificios literarios marginando el referente. El poeta cuando versifica dice \u201calgo\u201d, que lo oculta en un ropaje artificioso. Garc\u00eda Lorca, por ejemplo, con sus luminosas met\u00e1foras expresa lo que acontece en su interior o sus vivencias hist\u00f3ricas. Puede haber preferencias por una po\u00e9tica con menos \u201ccontenidos\u201d y, como dec\u00eda Tom\u00e1s de Aquino, la belleza es aquello que visto agrada; por lo tanto,\u00a0 estamos en el recinto sagrado de lo subjetivo. No obstante ah\u00ed est\u00e1 la otra cara de la moneda con aquel \u201cMaldigo la poes\u00eda de quien no toma partido hasta mancharse\u201d de Gabriel Celaya. Una vez m\u00e1s que hay volver a la definici\u00f3n machadiana de poes\u00eda, que es palabra, es decir, fon\u00e9tica y artificios literarios, pero es palabra esencial en el tiempo, o lo que es lo mismo, una palabra referida a lo m\u00e1s hondamente humano, a las vivencias del hombre y de la mujer en el hoy del tiempo, dentro de una historia y de un contexto.<\/p>\n<p>&nbsp;<\/p>\n<p>8\u00aa) A veces la poes\u00eda refleja mucho la vida del autor. \u00bfHay atisbos autobiogr\u00e1ficos en <em>Palabras para este tiempo<\/em>?<\/p>\n<p>&nbsp;<\/p>\n<p>Sin duda. Cuando uno escribe un poema, se escapa por cada portillo del verso la propia biograf\u00eda. Tal vez el poema m\u00e1s acusadamente biogr\u00e1fico sea el de <em>Primeros tiempos<\/em>, que con mucho tino y acierto el dise\u00f1ador del libro lo ha incorporado a la portada.<\/p>\n<p>&nbsp;<\/p>\n<p>9\u00aa) El libro se cierra con un poema titulado <em>Palabras para Claudia<\/em>. \u00bfExiste alg\u00fan nexo con el famoso poema <em>Palabras para Julia<\/em> de Jos\u00e9 Agust\u00edn Goytisolo?<\/p>\n<p>&nbsp;<\/p>\n<p>Una coincidencia buscada. Con mi poema pretendo se\u00f1alar un itinerario existencial a mi nieta Claudia, de ocho a\u00f1os, protagonista tambi\u00e9n de otros poemas. Es un canto a la vida, como lo hace Jos\u00e9 Agust\u00edn Goytisolo, pero una vida no en soledad, ensimismada, sino abierta y con una mirada constante a su alrededor. Una vida afincada en la esperanza bajo el paraguas renacentista del \u201ccarpe diem\u201d.<\/p>\n<p>&nbsp;<\/p>\n<p>10\u00aa) En algunos de los versos que nos encontramos en este poemario hace alusi\u00f3n a Buenafuente del Sistal. \u00bfEs ese rec\u00f3ndito paraje santo donde encuentra el sosiego para escribir?<\/p>\n<p>&nbsp;<\/p>\n<p>Es el \u201clocus amoenus\u201d de los renacentistas. Tal vez sin este entorno del Alto Tajo, de su vida sobria y protegida por la salmodia monacal las musas no se hubieran atrevido a visitarme. He resaltado lo necesario e imprescindible de la palabra en el ser humano; sin olvidar que el silencio es palabra sin fon\u00e9tica.<\/p>\n<p>&nbsp;<\/p>\n<p>11\u00aa) Por \u00faltimo. \u00bfCon qu\u00e9 lecturas o con qu\u00e9 autores se siente m\u00e1s identificado? O dicho de otra manera \u00bfHay alg\u00fan poeta por el que tenga cierta preferencia?<\/p>\n<p>&nbsp;<\/p>\n<p>Sin duda, en el n\u00facleo est\u00e1 toda la obra po\u00e9tica y ensayista de Antonio Machado y alrededor de este n\u00facleo hay una constelaci\u00f3n de poetas como Blas de Otero, D\u00e1maso Alonso, Jos\u00e9 Mar\u00eda Valverde, Unamuno, Garc\u00eda Lorca y, entre los extranjeros, Walt Whitman, H\u00f6lderlin, Rilke.<\/p>\n","protected":false},"excerpt":{"rendered":"<p>Antonio Gil de Z\u00fa\u00f1iga y Mu\u00f1oz con su poemario Palabras para este tiempo pretende que el lector bucee en su interior y analice las dis\u00edmiles cuestiones que todo ser humano se plantea a lo largo de la vida sin dejar por ello de lado las vicisitudes que acontecen a nuestro alrededor. Para ello utiliza una&#8230;<\/p>\n","protected":false},"author":1,"featured_media":1043,"comment_status":"open","ping_status":"open","sticky":false,"template":"","format":"standard","meta":{"footnotes":"","_links_to":"","_links_to_target":""},"categories":[1],"tags":[],"class_list":["post-1042","post","type-post","status-publish","format-standard","has-post-thumbnail","hentry","category-uncategorized"],"yoast_head":"<!-- This site is optimized with the Yoast SEO Premium plugin v24.7 (Yoast SEO v27.5) - https:\/\/yoast.com\/product\/yoast-seo-premium-wordpress\/ -->\n<title>Antonio Gil de Z\u00fa\u00f1iga: \u201cLa palabra es el cimiento del di\u00e1logo y sin di\u00e1logo no hay una sociedad justa y en paz.\u201d<\/title>\n<meta name=\"description\" content=\"Antonio Gil de Z\u00fa\u00f1iga y Mu\u00f1oz con su poemario Palabras para este tiempo pretende que el lector bucee en su interior y analice las dis\u00edmiles cuestiones que t\" \/>\n<meta name=\"robots\" content=\"index, follow, max-snippet:-1, max-image-preview:large, max-video-preview:-1\" \/>\n<link rel=\"canonical\" href=\"https:\/\/poesiaerestu.com\/revista\/antonio-gil-de-zuniga-la-palabra-es-el-cimiento-del-dialogo-y-sin-dialogo-no-hay-una-sociedad-justa-y-en-paz\/\" \/>\n<meta name=\"twitter:label1\" content=\"Written by\" \/>\n\t<meta name=\"twitter:data1\" content=\"admin\" \/>\n\t<meta name=\"twitter:label2\" content=\"Est. reading time\" \/>\n\t<meta name=\"twitter:data2\" content=\"7 minutes\" \/>\n<script type=\"application\/ld+json\" class=\"yoast-schema-graph\">{\"@context\":\"https:\\\/\\\/schema.org\",\"@graph\":[{\"@type\":\"Article\",\"@id\":\"https:\\\/\\\/poesiaerestu.com\\\/revista\\\/antonio-gil-de-zuniga-la-palabra-es-el-cimiento-del-dialogo-y-sin-dialogo-no-hay-una-sociedad-justa-y-en-paz\\\/#article\",\"isPartOf\":{\"@id\":\"https:\\\/\\\/poesiaerestu.com\\\/revista\\\/antonio-gil-de-zuniga-la-palabra-es-el-cimiento-del-dialogo-y-sin-dialogo-no-hay-una-sociedad-justa-y-en-paz\\\/\"},\"author\":{\"name\":\"admin\",\"@id\":\"https:\\\/\\\/poesiaerestu.com\\\/revista\\\/#\\\/schema\\\/person\\\/fcb1a2122be3810bfdd0c071b4b3e9c4\"},\"headline\":\"Antonio Gil de Z\u00fa\u00f1iga: \u201cLa palabra es el cimiento del di\u00e1logo y sin di\u00e1logo no hay una sociedad justa y en paz.\u201d\",\"datePublished\":\"2012-09-03T15:44:41+00:00\",\"mainEntityOfPage\":{\"@id\":\"https:\\\/\\\/poesiaerestu.com\\\/revista\\\/antonio-gil-de-zuniga-la-palabra-es-el-cimiento-del-dialogo-y-sin-dialogo-no-hay-una-sociedad-justa-y-en-paz\\\/\"},\"wordCount\":1399,\"commentCount\":0,\"image\":{\"@id\":\"https:\\\/\\\/poesiaerestu.com\\\/revista\\\/antonio-gil-de-zuniga-la-palabra-es-el-cimiento-del-dialogo-y-sin-dialogo-no-hay-una-sociedad-justa-y-en-paz\\\/#primaryimage\"},\"thumbnailUrl\":\"https:\\\/\\\/poesiaerestu.com\\\/revista\\\/wp-content\\\/uploads\\\/2012\\\/09\\\/Imagen.jpg\",\"articleSection\":[\"Otros\"],\"inLanguage\":\"en-US\",\"copyrightYear\":\"2012\",\"copyrightHolder\":{\"@id\":\"https:\\\/\\\/poesiaerestu.com\\\/revista\\\/#organization\"}},{\"@type\":\"WebPage\",\"@id\":\"https:\\\/\\\/poesiaerestu.com\\\/revista\\\/antonio-gil-de-zuniga-la-palabra-es-el-cimiento-del-dialogo-y-sin-dialogo-no-hay-una-sociedad-justa-y-en-paz\\\/\",\"url\":\"https:\\\/\\\/poesiaerestu.com\\\/revista\\\/antonio-gil-de-zuniga-la-palabra-es-el-cimiento-del-dialogo-y-sin-dialogo-no-hay-una-sociedad-justa-y-en-paz\\\/\",\"name\":\"Antonio Gil de Z\u00fa\u00f1iga: \u201cLa palabra es el cimiento del di\u00e1logo y sin di\u00e1logo no hay una sociedad justa y en paz.\u201d\",\"isPartOf\":{\"@id\":\"https:\\\/\\\/poesiaerestu.com\\\/revista\\\/#website\"},\"primaryImageOfPage\":{\"@id\":\"https:\\\/\\\/poesiaerestu.com\\\/revista\\\/antonio-gil-de-zuniga-la-palabra-es-el-cimiento-del-dialogo-y-sin-dialogo-no-hay-una-sociedad-justa-y-en-paz\\\/#primaryimage\"},\"image\":{\"@id\":\"https:\\\/\\\/poesiaerestu.com\\\/revista\\\/antonio-gil-de-zuniga-la-palabra-es-el-cimiento-del-dialogo-y-sin-dialogo-no-hay-una-sociedad-justa-y-en-paz\\\/#primaryimage\"},\"thumbnailUrl\":\"https:\\\/\\\/poesiaerestu.com\\\/revista\\\/wp-content\\\/uploads\\\/2012\\\/09\\\/Imagen.jpg\",\"datePublished\":\"2012-09-03T15:44:41+00:00\",\"author\":{\"@id\":\"https:\\\/\\\/poesiaerestu.com\\\/revista\\\/#\\\/schema\\\/person\\\/fcb1a2122be3810bfdd0c071b4b3e9c4\"},\"description\":\"Antonio Gil de Z\u00fa\u00f1iga y Mu\u00f1oz con su poemario Palabras para este tiempo pretende que el lector bucee en su interior y analice las dis\u00edmiles cuestiones que t\",\"breadcrumb\":{\"@id\":\"https:\\\/\\\/poesiaerestu.com\\\/revista\\\/antonio-gil-de-zuniga-la-palabra-es-el-cimiento-del-dialogo-y-sin-dialogo-no-hay-una-sociedad-justa-y-en-paz\\\/#breadcrumb\"},\"inLanguage\":\"en-US\",\"potentialAction\":[{\"@type\":\"ReadAction\",\"target\":[\"https:\\\/\\\/poesiaerestu.com\\\/revista\\\/antonio-gil-de-zuniga-la-palabra-es-el-cimiento-del-dialogo-y-sin-dialogo-no-hay-una-sociedad-justa-y-en-paz\\\/\"]}]},{\"@type\":\"ImageObject\",\"inLanguage\":\"en-US\",\"@id\":\"https:\\\/\\\/poesiaerestu.com\\\/revista\\\/antonio-gil-de-zuniga-la-palabra-es-el-cimiento-del-dialogo-y-sin-dialogo-no-hay-una-sociedad-justa-y-en-paz\\\/#primaryimage\",\"url\":\"https:\\\/\\\/poesiaerestu.com\\\/revista\\\/wp-content\\\/uploads\\\/2012\\\/09\\\/Imagen.jpg\",\"contentUrl\":\"https:\\\/\\\/poesiaerestu.com\\\/revista\\\/wp-content\\\/uploads\\\/2012\\\/09\\\/Imagen.jpg\",\"width\":240,\"height\":336},{\"@type\":\"BreadcrumbList\",\"@id\":\"https:\\\/\\\/poesiaerestu.com\\\/revista\\\/antonio-gil-de-zuniga-la-palabra-es-el-cimiento-del-dialogo-y-sin-dialogo-no-hay-una-sociedad-justa-y-en-paz\\\/#breadcrumb\",\"itemListElement\":[{\"@type\":\"ListItem\",\"position\":1,\"name\":\"Home\",\"item\":\"https:\\\/\\\/poesiaerestu.com\\\/revista\\\/\"},{\"@type\":\"ListItem\",\"position\":2,\"name\":\"Antonio Gil de Z\u00fa\u00f1iga: \u201cLa palabra es el cimiento del di\u00e1logo y sin di\u00e1logo no hay una sociedad justa y en paz.\u201d\"}]},{\"@type\":\"WebSite\",\"@id\":\"https:\\\/\\\/poesiaerestu.com\\\/revista\\\/#website\",\"url\":\"https:\\\/\\\/poesiaerestu.com\\\/revista\\\/\",\"name\":\"Poes\u00ed\u00ada eres t\u00fa (revista)\",\"description\":\"Revista de poes\u00eda y literatura\",\"potentialAction\":[{\"@type\":\"SearchAction\",\"target\":{\"@type\":\"EntryPoint\",\"urlTemplate\":\"https:\\\/\\\/poesiaerestu.com\\\/revista\\\/?s={search_term_string}\"},\"query-input\":{\"@type\":\"PropertyValueSpecification\",\"valueRequired\":true,\"valueName\":\"search_term_string\"}}],\"inLanguage\":\"en-US\"},{\"@type\":\"Person\",\"@id\":\"https:\\\/\\\/poesiaerestu.com\\\/revista\\\/#\\\/schema\\\/person\\\/fcb1a2122be3810bfdd0c071b4b3e9c4\",\"name\":\"admin\",\"image\":{\"@type\":\"ImageObject\",\"inLanguage\":\"en-US\",\"@id\":\"https:\\\/\\\/secure.gravatar.com\\\/avatar\\\/1cb55a5bd8d6824519e46b552e84b03575857cc9c4d6333824d2f95d82129f50?s=96&d=mm&r=g\",\"url\":\"https:\\\/\\\/secure.gravatar.com\\\/avatar\\\/1cb55a5bd8d6824519e46b552e84b03575857cc9c4d6333824d2f95d82129f50?s=96&d=mm&r=g\",\"contentUrl\":\"https:\\\/\\\/secure.gravatar.com\\\/avatar\\\/1cb55a5bd8d6824519e46b552e84b03575857cc9c4d6333824d2f95d82129f50?s=96&d=mm&r=g\",\"caption\":\"admin\"},\"url\":\"https:\\\/\\\/poesiaerestu.com\\\/revista\\\/author\\\/admin\\\/\"}]}<\/script>\n<!-- \/ Yoast SEO Premium plugin. -->","yoast_head_json":{"title":"Antonio Gil de Z\u00fa\u00f1iga: \u201cLa palabra es el cimiento del di\u00e1logo y sin di\u00e1logo no hay una sociedad justa y en paz.\u201d","description":"Antonio Gil de Z\u00fa\u00f1iga y Mu\u00f1oz con su poemario Palabras para este tiempo pretende que el lector bucee en su interior y analice las dis\u00edmiles cuestiones que t","robots":{"index":"index","follow":"follow","max-snippet":"max-snippet:-1","max-image-preview":"max-image-preview:large","max-video-preview":"max-video-preview:-1"},"canonical":"https:\/\/poesiaerestu.com\/revista\/antonio-gil-de-zuniga-la-palabra-es-el-cimiento-del-dialogo-y-sin-dialogo-no-hay-una-sociedad-justa-y-en-paz\/","twitter_misc":{"Written by":"admin","Est. reading time":"7 minutes"},"schema":{"@context":"https:\/\/schema.org","@graph":[{"@type":"Article","@id":"https:\/\/poesiaerestu.com\/revista\/antonio-gil-de-zuniga-la-palabra-es-el-cimiento-del-dialogo-y-sin-dialogo-no-hay-una-sociedad-justa-y-en-paz\/#article","isPartOf":{"@id":"https:\/\/poesiaerestu.com\/revista\/antonio-gil-de-zuniga-la-palabra-es-el-cimiento-del-dialogo-y-sin-dialogo-no-hay-una-sociedad-justa-y-en-paz\/"},"author":{"name":"admin","@id":"https:\/\/poesiaerestu.com\/revista\/#\/schema\/person\/fcb1a2122be3810bfdd0c071b4b3e9c4"},"headline":"Antonio Gil de Z\u00fa\u00f1iga: \u201cLa palabra es el cimiento del di\u00e1logo y sin di\u00e1logo no hay una sociedad justa y en paz.\u201d","datePublished":"2012-09-03T15:44:41+00:00","mainEntityOfPage":{"@id":"https:\/\/poesiaerestu.com\/revista\/antonio-gil-de-zuniga-la-palabra-es-el-cimiento-del-dialogo-y-sin-dialogo-no-hay-una-sociedad-justa-y-en-paz\/"},"wordCount":1399,"commentCount":0,"image":{"@id":"https:\/\/poesiaerestu.com\/revista\/antonio-gil-de-zuniga-la-palabra-es-el-cimiento-del-dialogo-y-sin-dialogo-no-hay-una-sociedad-justa-y-en-paz\/#primaryimage"},"thumbnailUrl":"https:\/\/poesiaerestu.com\/revista\/wp-content\/uploads\/2012\/09\/Imagen.jpg","articleSection":["Otros"],"inLanguage":"en-US","copyrightYear":"2012","copyrightHolder":{"@id":"https:\/\/poesiaerestu.com\/revista\/#organization"}},{"@type":"WebPage","@id":"https:\/\/poesiaerestu.com\/revista\/antonio-gil-de-zuniga-la-palabra-es-el-cimiento-del-dialogo-y-sin-dialogo-no-hay-una-sociedad-justa-y-en-paz\/","url":"https:\/\/poesiaerestu.com\/revista\/antonio-gil-de-zuniga-la-palabra-es-el-cimiento-del-dialogo-y-sin-dialogo-no-hay-una-sociedad-justa-y-en-paz\/","name":"Antonio Gil de Z\u00fa\u00f1iga: \u201cLa palabra es el cimiento del di\u00e1logo y sin di\u00e1logo no hay una sociedad justa y en paz.\u201d","isPartOf":{"@id":"https:\/\/poesiaerestu.com\/revista\/#website"},"primaryImageOfPage":{"@id":"https:\/\/poesiaerestu.com\/revista\/antonio-gil-de-zuniga-la-palabra-es-el-cimiento-del-dialogo-y-sin-dialogo-no-hay-una-sociedad-justa-y-en-paz\/#primaryimage"},"image":{"@id":"https:\/\/poesiaerestu.com\/revista\/antonio-gil-de-zuniga-la-palabra-es-el-cimiento-del-dialogo-y-sin-dialogo-no-hay-una-sociedad-justa-y-en-paz\/#primaryimage"},"thumbnailUrl":"https:\/\/poesiaerestu.com\/revista\/wp-content\/uploads\/2012\/09\/Imagen.jpg","datePublished":"2012-09-03T15:44:41+00:00","author":{"@id":"https:\/\/poesiaerestu.com\/revista\/#\/schema\/person\/fcb1a2122be3810bfdd0c071b4b3e9c4"},"description":"Antonio Gil de Z\u00fa\u00f1iga y Mu\u00f1oz con su poemario Palabras para este tiempo pretende que el lector bucee en su interior y analice las dis\u00edmiles cuestiones que t","breadcrumb":{"@id":"https:\/\/poesiaerestu.com\/revista\/antonio-gil-de-zuniga-la-palabra-es-el-cimiento-del-dialogo-y-sin-dialogo-no-hay-una-sociedad-justa-y-en-paz\/#breadcrumb"},"inLanguage":"en-US","potentialAction":[{"@type":"ReadAction","target":["https:\/\/poesiaerestu.com\/revista\/antonio-gil-de-zuniga-la-palabra-es-el-cimiento-del-dialogo-y-sin-dialogo-no-hay-una-sociedad-justa-y-en-paz\/"]}]},{"@type":"ImageObject","inLanguage":"en-US","@id":"https:\/\/poesiaerestu.com\/revista\/antonio-gil-de-zuniga-la-palabra-es-el-cimiento-del-dialogo-y-sin-dialogo-no-hay-una-sociedad-justa-y-en-paz\/#primaryimage","url":"https:\/\/poesiaerestu.com\/revista\/wp-content\/uploads\/2012\/09\/Imagen.jpg","contentUrl":"https:\/\/poesiaerestu.com\/revista\/wp-content\/uploads\/2012\/09\/Imagen.jpg","width":240,"height":336},{"@type":"BreadcrumbList","@id":"https:\/\/poesiaerestu.com\/revista\/antonio-gil-de-zuniga-la-palabra-es-el-cimiento-del-dialogo-y-sin-dialogo-no-hay-una-sociedad-justa-y-en-paz\/#breadcrumb","itemListElement":[{"@type":"ListItem","position":1,"name":"Home","item":"https:\/\/poesiaerestu.com\/revista\/"},{"@type":"ListItem","position":2,"name":"Antonio Gil de Z\u00fa\u00f1iga: \u201cLa palabra es el cimiento del di\u00e1logo y sin di\u00e1logo no hay una sociedad justa y en paz.\u201d"}]},{"@type":"WebSite","@id":"https:\/\/poesiaerestu.com\/revista\/#website","url":"https:\/\/poesiaerestu.com\/revista\/","name":"Poes\u00ed\u00ada eres t\u00fa (revista)","description":"Revista de poes\u00eda y literatura","potentialAction":[{"@type":"SearchAction","target":{"@type":"EntryPoint","urlTemplate":"https:\/\/poesiaerestu.com\/revista\/?s={search_term_string}"},"query-input":{"@type":"PropertyValueSpecification","valueRequired":true,"valueName":"search_term_string"}}],"inLanguage":"en-US"},{"@type":"Person","@id":"https:\/\/poesiaerestu.com\/revista\/#\/schema\/person\/fcb1a2122be3810bfdd0c071b4b3e9c4","name":"admin","image":{"@type":"ImageObject","inLanguage":"en-US","@id":"https:\/\/secure.gravatar.com\/avatar\/1cb55a5bd8d6824519e46b552e84b03575857cc9c4d6333824d2f95d82129f50?s=96&d=mm&r=g","url":"https:\/\/secure.gravatar.com\/avatar\/1cb55a5bd8d6824519e46b552e84b03575857cc9c4d6333824d2f95d82129f50?s=96&d=mm&r=g","contentUrl":"https:\/\/secure.gravatar.com\/avatar\/1cb55a5bd8d6824519e46b552e84b03575857cc9c4d6333824d2f95d82129f50?s=96&d=mm&r=g","caption":"admin"},"url":"https:\/\/poesiaerestu.com\/revista\/author\/admin\/"}]}},"_links":{"self":[{"href":"https:\/\/poesiaerestu.com\/revista\/wp-json\/wp\/v2\/posts\/1042","targetHints":{"allow":["GET"]}}],"collection":[{"href":"https:\/\/poesiaerestu.com\/revista\/wp-json\/wp\/v2\/posts"}],"about":[{"href":"https:\/\/poesiaerestu.com\/revista\/wp-json\/wp\/v2\/types\/post"}],"author":[{"embeddable":true,"href":"https:\/\/poesiaerestu.com\/revista\/wp-json\/wp\/v2\/users\/1"}],"replies":[{"embeddable":true,"href":"https:\/\/poesiaerestu.com\/revista\/wp-json\/wp\/v2\/comments?post=1042"}],"version-history":[{"count":0,"href":"https:\/\/poesiaerestu.com\/revista\/wp-json\/wp\/v2\/posts\/1042\/revisions"}],"wp:featuredmedia":[{"embeddable":true,"href":"https:\/\/poesiaerestu.com\/revista\/wp-json\/wp\/v2\/media\/1043"}],"wp:attachment":[{"href":"https:\/\/poesiaerestu.com\/revista\/wp-json\/wp\/v2\/media?parent=1042"}],"wp:term":[{"taxonomy":"category","embeddable":true,"href":"https:\/\/poesiaerestu.com\/revista\/wp-json\/wp\/v2\/categories?post=1042"},{"taxonomy":"post_tag","embeddable":true,"href":"https:\/\/poesiaerestu.com\/revista\/wp-json\/wp\/v2\/tags?post=1042"}],"curies":[{"name":"wp","href":"https:\/\/api.w.org\/{rel}","templated":true}]}}